{"id":23607,"date":"2025-09-01T06:00:14","date_gmt":"2025-09-01T12:00:14","guid":{"rendered":"https:\/\/ccasa.org\/?p=23607"},"modified":"2025-08-26T13:57:02","modified_gmt":"2025-08-26T19:57:02","slug":"sabias-septiembre-2025","status":"publish","type":"post","link":"https:\/\/ccasa.org\/es\/sabias-septiembre-2025\/","title":{"rendered":"Sabias Septiembre 2025"},"content":{"rendered":"<div class=\"wpb-content-wrapper\"><p>[vc_row css=\u00bb.vc_custom_1612968358632{margin-top: 70px !important;}\u00bb][vc_column][vc_row_inner][vc_column_inner][vc_column_text css=\u00bb\u00bb]<\/p>\n<h2><strong>Observancias en Septiembre<\/strong><\/h2>\n<p>[\/vc_column_text][\/vc_column_inner][\/vc_row_inner][vc_row_inner equal_height=\u00bbyes\u00bb][vc_column_inner width=\u00bb1\/4&#8243;][vc_column_text css=\u00bb.vc_custom_1756236898085{margin-bottom: 0px !important;padding-top: 10px !important;padding-right: 10px !important;padding-bottom: 10px !important;padding-left: 10px !important;background-color: #ffffff !important;}\u00bb]<\/p>\n<p style=\"text-align: center;\"><strong>1 de Septiembre<\/strong><\/p>\n<p style=\"text-align: center;\">D\u00eda Nacional del Trabajo &amp; D\u00eda Nacional del Empleado del Hotel<\/p>\n<p>[\/vc_column_text][\/vc_column_inner][vc_column_inner width=\u00bb1\/4&#8243;][vc_column_text css=\u00bb.vc_custom_1756236966006{margin-bottom: 0px !important;padding-top: 10px !important;padding-right: 10px !important;padding-bottom: 10px !important;padding-left: 10px !important;background-color: #ffffff !important;}\u00bb]<\/p>\n<p style=\"text-align: center;\"><strong>4 de Septiembre<\/strong><\/p>\n<p style=\"text-align: center;\">D\u00eda Mundial de la Salud Sexual &amp; D\u00eda Internacional de la Mujer Ind\u00edgena<\/p>\n<p>[\/vc_column_text][\/vc_column_inner][vc_column_inner width=\u00bb1\/4&#8243;][vc_column_text css=\u00bb.vc_custom_1756237011164{margin-bottom: 0px !important;padding-top: 10px !important;padding-right: 10px !important;padding-bottom: 10px !important;padding-left: 10px !important;background-color: #ffffff !important;}\u00bb]<\/p>\n<p style=\"text-align: center;\"><strong>8 de Septiembre<\/strong><\/p>\n<p style=\"text-align: center;\">D\u00eda internacional\u00a0de la Alfabetizaci\u00f3n<\/p>\n<p>[\/vc_column_text][\/vc_column_inner][vc_column_inner width=\u00bb1\/4&#8243;][vc_column_text css=\u00bb.vc_custom_1756237059283{margin-bottom: 0px !important;padding-top: 10px !important;padding-right: 10px !important;padding-bottom: 10px !important;padding-left: 10px !important;background-color: #ffffff !important;}\u00bb]<\/p>\n<p style=\"text-align: center;\"><strong>10 de Septiembre<\/strong><\/p>\n<p style=\"text-align: center;\">D\u00edaMundial para la Prevenci\u00f3n del Suicidio<\/p>\n<p>[\/vc_column_text][\/vc_column_inner][\/vc_row_inner][vc_row_inner equal_height=\u00bbyes\u00bb][vc_column_inner width=\u00bb1\/4&#8243;][vc_column_text css=\u00bb.vc_custom_1756237108659{margin-bottom: 0px !important;padding-top: 10px !important;padding-right: 10px !important;padding-bottom: 10px !important;padding-left: 10px !important;background-color: #ffffff !important;}\u00bb]<\/p>\n<p style=\"text-align: center;\"><strong>15\u00a0 de Septiembre<\/strong><\/p>\n<p style=\"text-align: center;\">D\u00eda internacional de la Democracia<\/p>\n<p>[\/vc_column_text][\/vc_column_inner][vc_column_inner width=\u00bb1\/4&#8243;][vc_column_text css=\u00bb.vc_custom_1756237180411{margin-bottom: 0px !important;padding-top: 10px !important;padding-right: 10px !important;padding-bottom: 10px !important;padding-left: 10px !important;background-color: #ffffff !important;}\u00bb]<\/p>\n<p style=\"text-align: center;\"><strong>15 de\u00a0 Septiembre hasta el 15 de Octubre<\/strong><\/p>\n<p style=\"text-align: center;\">Mes de la Herencia Hispana<\/p>\n<p>[\/vc_column_text][\/vc_column_inner][vc_column_inner width=\u00bb1\/4&#8243;][vc_column_text css=\u00bb.vc_custom_1756237237364{padding-top: 10px !important;padding-right: 10px !important;padding-bottom: 10px !important;padding-left: 10px !important;background-color: #ffffff !important;}\u00bb]<\/p>\n<p style=\"text-align: center;\"><strong>16 de Septiembre<\/strong><\/p>\n<p style=\"text-align: center;\">D\u00eda de Conmemoraci\u00f3n del Sendero de las L\u00e1grimas &amp; D\u00eda Internacional\u00a0de la Preservaci\u00f3n de la Capa de Ozono<\/p>\n<p>[\/vc_column_text][\/vc_column_inner][vc_column_inner width=\u00bb1\/4&#8243;][vc_column_text css=\u00bb.vc_custom_1756237268035{margin-bottom: 0px !important;padding-top: 10px !important;padding-right: 10px !important;padding-bottom: 10px !important;padding-left: 10px !important;background-color: #ffffff !important;}\u00bb]<\/p>\n<p style=\"text-align: center;\"><strong>18 de Septiembre<\/strong><\/p>\n<p style=\"text-align: center;\">D\u00eda Internacional de la Igualdad Salarial<\/p>\n<p>[\/vc_column_text][\/vc_column_inner][\/vc_row_inner][vc_row_inner equal_height=\u00bbyes\u00bb][vc_column_inner width=\u00bb1\/4&#8243;][vc_column_text css=\u00bb.vc_custom_1756237313471{margin-bottom: 0px !important;padding-top: 10px !important;padding-right: 10px !important;padding-bottom: 10px !important;padding-left: 10px !important;background-color: #ffffff !important;}\u00bb]<\/p>\n<p style=\"text-align: center;\"><strong>20 de Septiembre<\/strong><\/p>\n<p style=\"text-align: center;\">D\u00eda Mundial de la Libertad de Expresi\u00f3n de Pensamiento<\/p>\n<p>[\/vc_column_text][\/vc_column_inner][vc_column_inner width=\u00bb1\/4&#8243;][vc_column_text css=\u00bb.vc_custom_1756237353315{margin-bottom: 0px !important;padding-top: 10px !important;padding-right: 10px !important;padding-bottom: 10px !important;padding-left: 10px !important;background-color: #ffffff !important;}\u00bb]<\/p>\n<p style=\"text-align: center;\"><strong>21 de\u00a0 Septiembre<br \/>\n<\/strong><\/p>\n<p style=\"text-align: center;\">D\u00eda internacional\u00a0de la Paz<\/p>\n<p>[\/vc_column_text][\/vc_column_inner][vc_column_inner width=\u00bb1\/4&#8243;][vc_column_text css=\u00bb.vc_custom_1756237395130{margin-bottom: 0px !important;padding-top: 10px !important;padding-right: 10px !important;padding-bottom: 10px !important;padding-left: 10px !important;background-color: #ffffff !important;}\u00bb]<\/p>\n<p style=\"text-align: center;\"><strong>22 de Septiembre<\/strong><\/p>\n<p style=\"text-align: center;\">Equinoccio de Oto\u00f1o<\/p>\n<p>[\/vc_column_text][\/vc_column_inner][vc_column_inner width=\u00bb1\/4&#8243;][vc_column_text css=\u00bb.vc_custom_1756237464675{margin-bottom: 0px !important;padding-top: 10px !important;padding-right: 10px !important;padding-bottom: 10px !important;padding-left: 10px !important;background-color: #ffffff !important;}\u00bb]<\/p>\n<p style=\"text-align: center;\"><strong>23 de Septiembre<\/strong><\/p>\n<p style=\"text-align: center;\">D\u00eda Internacional Contra la Explotaci\u00f3n Sexual y la Trata de Personas &amp; D\u00eda Internacional de las Lenguas de Signos<\/p>\n<p>[\/vc_column_text][\/vc_column_inner][\/vc_row_inner][vc_row_inner equal_height=\u00bbyes\u00bb][vc_column_inner width=\u00bb1\/4&#8243;][vc_column_text css=\u00bb.vc_custom_1756237509884{margin-bottom: 0px !important;padding-top: 10px !important;padding-right: 10px !important;padding-bottom: 10px !important;padding-left: 10px !important;background-color: #ffffff !important;}\u00bb]<\/p>\n<p style=\"text-align: center;\"><strong>25 de Septiembre<br \/>\n<\/strong><\/p>\n<p style=\"text-align: center;\">D\u00eda Internacional de las Personas Sordas<\/p>\n<p>[\/vc_column_text][\/vc_column_inner][vc_column_inner width=\u00bb1\/4&#8243;][vc_column_text css=\u00bb.vc_custom_1756237543186{margin-bottom: 0px !important;padding-top: 10px !important;padding-right: 10px !important;padding-bottom: 10px !important;padding-left: 10px !important;background-color: #ffffff !important;}\u00bb]<\/p>\n<p style=\"text-align: center;\"><strong>26 de Septiembre<\/strong><\/p>\n<p style=\"text-align: center;\">D\u00eda Mundial de la Anticoncepci\u00f3n<\/p>\n<p>[\/vc_column_text][\/vc_column_inner][vc_column_inner width=\u00bb1\/4&#8243;][vc_column_text css=\u00bb\u00bb]<\/p>\n<p style=\"text-align: center;\"><strong>\u00a030\u00a0 de Septiembre<\/strong><\/p>\n<p style=\"text-align: center;\">D\u00eda Internacional de la Traducci\u00f3n<\/p>\n<p>[\/vc_column_text][\/vc_column_inner][vc_column_inner width=\u00bb1\/4&#8243;][vc_column_text css=\u00bb\u00bb][\/vc_column_text][\/vc_column_inner][\/vc_row_inner][\/vc_column][\/vc_row][vc_row][vc_column][vc_column_text css=\u00bb\u00bb]<\/p>\n<h2 style=\"text-align: center;\"><strong>Comienzo del Mes de la Herencia Hispana\u00a0 del 15 de Septiembre hasta el 15 de octubre<\/strong><\/h2>\n<p>[\/vc_column_text][vc_column_text css=\u00bb\u00bb]El Mes Nacional de la Herencia Hispana se celebra del 15 de septiembre al 15 de octubre para promover y celebrar las ricas culturas, tradiciones y<img loading=\"lazy\" decoding=\"async\" class=\"size-medium wp-image-23609 alignright\" src=\"https:\/\/ccasa.org\/wp-content\/uploads\/2025\/08\/mes-de-la-herencia-Hispana-2025-300x300.png\" alt=\"\" width=\"300\" height=\"300\" srcset=\"https:\/\/ccasa.org\/wp-content\/uploads\/2025\/08\/mes-de-la-herencia-Hispana-2025-300x300.png 300w, https:\/\/ccasa.org\/wp-content\/uploads\/2025\/08\/mes-de-la-herencia-Hispana-2025-1024x1024.png 1024w, https:\/\/ccasa.org\/wp-content\/uploads\/2025\/08\/mes-de-la-herencia-Hispana-2025-150x150.png 150w, https:\/\/ccasa.org\/wp-content\/uploads\/2025\/08\/mes-de-la-herencia-Hispana-2025-768x768.png 768w, https:\/\/ccasa.org\/wp-content\/uploads\/2025\/08\/mes-de-la-herencia-Hispana-2025-640x640.png 640w, https:\/\/ccasa.org\/wp-content\/uploads\/2025\/08\/mes-de-la-herencia-Hispana-2025-600x600.png 600w, https:\/\/ccasa.org\/wp-content\/uploads\/2025\/08\/mes-de-la-herencia-Hispana-2025-100x100.png 100w, https:\/\/ccasa.org\/wp-content\/uploads\/2025\/08\/mes-de-la-herencia-Hispana-2025.png 1080w\" sizes=\"auto, (max-width: 300px) 100vw, 300px\" \/> contribuciones de las comunidades hispanas y latinoamericanas.<\/p>\n<p>Desde logros revolucionarios en ciencia, arte y pol\u00edtica hasta los sabores que dan vida a nuestras cocinas y la m\u00fasica que conmueve nuestras almas, este mes es un homenaje a la influencia perdurable de la herencia hispana en la historia y la identidad estadounidenses.<\/p>\n<p>Ya sea que asistas a una celebraci\u00f3n local o te sumerjas en historias de figuras inspiradoras, este es el momento perfecto para aprender, apreciar y elevar las voces que ayudan a dar forma a nuestra diversa naci\u00f3n.<\/p>\n<p><strong>\u00bfQu\u00e9 es el Mes de la Herencia Hispana y por qu\u00e9 es importante?\/What is Hispanic Heritage Month and Why it Matters<\/strong><\/p>\n<p>El Mes de la Herencia Hispana es una tradici\u00f3n estadounidense que conmemora las culturas, historias y contribuciones de los estadounidenses con ascendencia espa\u00f1ola, mexicana, caribe\u00f1a y centroamericana y sudamericana.<\/p>\n<p>La importancia de este mes radica en reconocer el papel fundamental que han desempe\u00f1ado las comunidades hispanas y latinas en la configuraci\u00f3n de la sociedad estadounidense, desde el arte y la m\u00fasica hasta la pol\u00edtica, la ciencia y los derechos civiles.<\/p>\n<p>La raz\u00f3n por la que se eligi\u00f3 el 15 de septiembre es para honrar los aniversarios de la independencia de varios pa\u00edses latinoamericanos, destacando la historia compartida y el orgullo cultural.<\/p>\n<p><strong>Puntos clave<\/strong><\/p>\n<ul>\n<li>El Mes de la Herencia Hispana se celebra del 15 de septiembre al 15 de octubre, coincidiendo con los aniversarios de la independencia de varios pa\u00edses latinoamericanos.<\/li>\n<li>Este mes rinde homenaje a la historia, la cultura y las contribuciones de los hispanos y latinos estadounidenses.<\/li>\n<li>Comenz\u00f3 como una celebraci\u00f3n de una semana de duraci\u00f3n en 1968 y se ampli\u00f3 a un mes en 1988.<\/li>\n<li>Se aclaran conceptos err\u00f3neos comunes, como confundir el Cinco de Mayo con el Mes de la Herencia Hispana.<\/li>\n<li>Encontrar\u00e1s 10 formas creativas de celebrarlo, desde saborear la aut\u00e9ntica cocina hasta apoyar a los negocios propiedad de hispanos.<\/li>\n<li>Conoce a figuras hispanas emblem\u00e1ticas que han marcado la historia y la cultura.<\/li>\n<li>Para aquellos que deseen comprar o explorar productos culturales, echa un vistazo a las marcas y artesan\u00edas propiedad de hispanos en plataformas como Amazon y Etsy.<\/li>\n<\/ul>\n<p><strong>El significado del 15 de septiembre<\/strong><\/p>\n<p>El 15 de septiembre se celebra el aniversario de la independencia de varios pa\u00edses latinoamericanos, entre ellos:<\/p>\n<ul>\n<li>Costa Rica<\/li>\n<li>El Salvador<\/li>\n<li>Guatemala<\/li>\n<li>Honduras<\/li>\n<li>Nicaragua<\/li>\n<\/ul>\n<p><strong>El significado del 15 de octubre<\/strong><\/p>\n<p>El 15 de octubre marca el final de la celebraci\u00f3n, que coincide con el final de las celebraciones de la independencia de algunos pa\u00edses latinoamericanos.<\/p>\n<p><strong>Fuente del art\u00edculo: <\/strong><\/p>\n<ul>\n<li><a href=\"https:\/\/www.calendarr.com\/united-states\/start-of-hispanic-heritage-month-until-october-15\/\"><strong>https:\/\/www.calendarr.com\/united-states\/start-of-hispanic-heritage-month-until-october-15\/<\/strong><\/a><\/li>\n<li><a href=\"https:\/\/www.nationaldaycalendar.com\/september\/hispanic-heritage-month-september-15-to-october-15\"><strong>https:\/\/www.nationaldaycalendar.com\/september\/hispanic-heritage-month-september-15-to-october-15<\/strong><\/a><\/li>\n<li><a href=\"https:\/\/www.hispanicmonth.org\/when-is-hispanic-heritage-month-celebrated\/\"><strong>https:\/\/www.hispanicmonth.org\/when-is-hispanic-heritage-month-celebrated\/<\/strong><\/a><\/li>\n<\/ul>\n<p>[\/vc_column_text][vc_video link=\u00bbhttps:\/\/www.youtube.com\/watch?v=dXqIgoO5OSg&amp;t=23s\u00bb css=\u00bb\u00bb title=\u00bbMes de la herencia Hispana\u00bb][vc_empty_space height=\u00bb40px\u00bb][\/vc_column][\/vc_row][vc_row][vc_column][vc_column_text css=\u00bb\u00bb]<\/p>\n<h2 style=\"text-align: center;\"><strong>D\u00cdA NACIONAL DEL EMPLEADO DE HOTEL<\/strong><\/h2>\n<p>[\/vc_column_text][vc_column_text css=\u00bb\u00bb]El 1 de septiembre celebramos el D\u00eda Nacional del Empleado Hotelero y rendimos homenaje a los casi 2 millones de empleados que trabajan en el<img loading=\"lazy\" decoding=\"async\" class=\"size-medium wp-image-23616 alignright\" src=\"https:\/\/ccasa.org\/wp-content\/uploads\/2025\/08\/DIA-NACIONAL-DEL-EMPLEADO-DE-HOTEL-300x300.png\" alt=\"\" width=\"300\" height=\"300\" srcset=\"https:\/\/ccasa.org\/wp-content\/uploads\/2025\/08\/DIA-NACIONAL-DEL-EMPLEADO-DE-HOTEL-300x300.png 300w, https:\/\/ccasa.org\/wp-content\/uploads\/2025\/08\/DIA-NACIONAL-DEL-EMPLEADO-DE-HOTEL-1024x1024.png 1024w, https:\/\/ccasa.org\/wp-content\/uploads\/2025\/08\/DIA-NACIONAL-DEL-EMPLEADO-DE-HOTEL-150x150.png 150w, https:\/\/ccasa.org\/wp-content\/uploads\/2025\/08\/DIA-NACIONAL-DEL-EMPLEADO-DE-HOTEL-768x768.png 768w, https:\/\/ccasa.org\/wp-content\/uploads\/2025\/08\/DIA-NACIONAL-DEL-EMPLEADO-DE-HOTEL-640x640.png 640w, https:\/\/ccasa.org\/wp-content\/uploads\/2025\/08\/DIA-NACIONAL-DEL-EMPLEADO-DE-HOTEL-600x600.png 600w, https:\/\/ccasa.org\/wp-content\/uploads\/2025\/08\/DIA-NACIONAL-DEL-EMPLEADO-DE-HOTEL-100x100.png 100w, https:\/\/ccasa.org\/wp-content\/uploads\/2025\/08\/DIA-NACIONAL-DEL-EMPLEADO-DE-HOTEL.png 1080w\" sizes=\"auto, (max-width: 300px) 100vw, 300px\" \/> sector.<\/p>\n<p>En todo Estados Unidos, los empleados de los hoteles desempe\u00f1an un papel fundamental en algunos de los acontecimientos m\u00e1s importantes de la vida de los estadounidenses. Ya sea ayudando a organizar reuniones familiares, preparando banquetes de boda o asistiendo a los hu\u00e9spedes en sus actividades vacacionales, los empleados de los hoteles son la columna vertebral de cualquier estancia hotelera. Adem\u00e1s, velan por la seguridad de los hu\u00e9spedes, contribuyen a sus comunidades y son fundamentales para el buen funcionamiento de la industria del turismo y los viajes de nuestro pa\u00eds, que mueve casi 2 billones de d\u00f3lares.<\/p>\n<p>El sector hotelero es un negocio vibrante, innovador y din\u00e1mico. El \u00e9xito de cada hotel depende de los empleados que trabajan duro a diario en el establecimiento. Cada empleado, incluidos los que trabajan entre bastidores, desempe\u00f1a un papel importante en las operaciones cotidianas.<\/p>\n<p><strong>ACERCA DEL D\u00cdA NACIONAL DEL EMPLEADO DE HOTEL\/\/ ABOUT NATIONAL HOTEL EMPLOYEE DAY<\/strong><\/p>\n<p>En 2022, la Asociaci\u00f3n Americana de Hoteles y Alojamientos (AHLA) y el Calendario Nacional de D\u00edas Festivos decidieron celebrar cada a\u00f1o, el 1 de septiembre, el D\u00eda Nacional del Empleado de Hotel. El objetivo de este d\u00eda es agradecer a los empleados de hotel su arduo trabajo y dedicaci\u00f3n, y reconocer el papel fundamental que desempe\u00f1an en las industrias de los viajes, el turismo y la hosteler\u00eda de nuestro pa\u00eds.<\/p>\n<p>Durante m\u00e1s de 100 a\u00f1os, la American Hotel &amp; Lodging Association (AHLA) ha sido la representante y defensora de la industria hotelera estadounidense y sus empleados. La AHLA es la \u00fanica asociaci\u00f3n nacional que representa a todos los segmentos de la industria hotelera, incluidas las principales cadenas, los hoteles independientes, las empresas de gesti\u00f3n, los REIT, los bed and breakfast, los socios industriales y muchos m\u00e1s. Adem\u00e1s de representar a la mayor\u00eda de los establecimientos hoteleros de Estados Unidos, la AHLA representa a los millones de empleados que los hacen funcionar. Los empleados de los hoteles suelen trabajar en una o m\u00e1s de las nueve \u00e1reas principales:<\/p>\n<ul>\n<li>Servicios de recepci\u00f3n y atenci\u00f3n al cliente<\/li>\n<li>Alimentaci\u00f3n y bebidas<\/li>\n<li>Actividades y eventos<\/li>\n<li>Servicios de Habitaciones<\/li>\n<li>Seguridad<\/li>\n<li>Ingenier\u00eda y mantenimiento<\/li>\n<li>Ventas y marketing<\/li>\n<li>Contabilidad<\/li>\n<li>Recursos humanos<\/li>\n<\/ul>\n<p><strong>Datos sobre los empleados de hotel<\/strong><\/p>\n<ul>\n<li>Hay casi 2 millones de empleados hoteleros en Estados Unidos.<\/li>\n<li>El sector hotelero ofrece a los empleados m\u00e1s de 200 trayectorias profesionales diferentes.<\/li>\n<li>M\u00e1s del 50 % de los directores generales de hotel comenzaron en un puesto de nivel b\u00e1sico.<\/li>\n<li>De media, los trabajadores hoteleros de nivel b\u00e1sico reciben un aumento salarial entre 9 y 12 meses despu\u00e9s de ser contratados.<\/li>\n<li>Alrededor del 80 % de los trabajadores hoteleros de nivel b\u00e1sico pueden optar a un ascenso en menos de un a\u00f1o desde su contrataci\u00f3n.<\/li>\n<\/ul>\n<p><strong>MOSTRAR AGRADECIMIENTO A LOS EMPLEADOS<\/strong><\/p>\n<ul>\n<li>Agradece personalmente a un empleado del hotel.<\/li>\n<li>Deja una buena rese\u00f1a sobre tu estancia en el hotel en Internet.<\/li>\n<li>Crea una lista de hoteles en los que te gustar\u00eda alojarte y visita esos lugares.<\/li>\n<li>Etiqueta y publica #HotelEmployeeDay cuando compartas fotos de tu estancia en el hotel en las redes sociales.<\/li>\n<\/ul>\n<p><strong>Fuente del art\u00edculo: <\/strong><\/p>\n<p><strong>\u00a0<\/strong><a href=\"https:\/\/www.nationaldaycalendar.com\/national-day\/national-hotel-employee-day-september-1\"><strong>https:\/\/www.nationaldaycalendar.com\/national-day\/national-hotel-employee-day-september-1<\/strong><\/a><\/p>\n<p><strong>\u00a0<\/strong><strong>Nota: Este art\u00edculo fue publicado originalmente en ingl\u00e9s.<\/strong>[\/vc_column_text][vc_empty_space height=\u00bb40px\u00bb][\/vc_column][\/vc_row][vc_row][vc_column][vc_column_text css=\u00bb\u00bb]<\/p>\n<h2 style=\"text-align: center;\"><strong>D\u00cdA NACIONAL DEL BANCO DE ALIMENTOS <\/strong><\/h2>\n<p>[\/vc_column_text][vc_column_text css=\u00bb\u00bb]El D\u00eda Nacional del Banco de Alimentos, que se celebra el primer viernes de septiembre, te anima a comprometerte a contribuir a la causa que cree que<img loading=\"lazy\" decoding=\"async\" class=\"size-medium wp-image-23614 alignright\" src=\"https:\/\/ccasa.org\/wp-content\/uploads\/2025\/08\/DIA-NACIONAL-DEL-BANCO-DE-ALIMENTOS--300x300.png\" alt=\"\" width=\"300\" height=\"300\" srcset=\"https:\/\/ccasa.org\/wp-content\/uploads\/2025\/08\/DIA-NACIONAL-DEL-BANCO-DE-ALIMENTOS--300x300.png 300w, https:\/\/ccasa.org\/wp-content\/uploads\/2025\/08\/DIA-NACIONAL-DEL-BANCO-DE-ALIMENTOS--1024x1024.png 1024w, https:\/\/ccasa.org\/wp-content\/uploads\/2025\/08\/DIA-NACIONAL-DEL-BANCO-DE-ALIMENTOS--150x150.png 150w, https:\/\/ccasa.org\/wp-content\/uploads\/2025\/08\/DIA-NACIONAL-DEL-BANCO-DE-ALIMENTOS--768x768.png 768w, https:\/\/ccasa.org\/wp-content\/uploads\/2025\/08\/DIA-NACIONAL-DEL-BANCO-DE-ALIMENTOS--640x640.png 640w, https:\/\/ccasa.org\/wp-content\/uploads\/2025\/08\/DIA-NACIONAL-DEL-BANCO-DE-ALIMENTOS--600x600.png 600w, https:\/\/ccasa.org\/wp-content\/uploads\/2025\/08\/DIA-NACIONAL-DEL-BANCO-DE-ALIMENTOS--100x100.png 100w, https:\/\/ccasa.org\/wp-content\/uploads\/2025\/08\/DIA-NACIONAL-DEL-BANCO-DE-ALIMENTOS-.png 1080w\" sizes=\"auto, (max-width: 300px) 100vw, 300px\" \/> nadie deber\u00eda acostarse con hambre.<\/p>\n<p>El hambre puede estar tan cerca como tu vecino o tu compa\u00f1ero de trabajo en la oficina de al lado. Los armarios vac\u00edos y los est\u00f3magos vac\u00edos se parecen a los tuyos y a los m\u00edos detr\u00e1s de puertas cerradas.<\/p>\n<p>Los bancos de alimentos de todo el pa\u00eds ayudan a algunos de los 42 millones de hombres, mujeres y ni\u00f1os que tienen dificultades para poner comida en la mesa. Las razones van desde enfermedades hasta la p\u00e9rdida del empleo y un cambio general en las circunstancias, circunstancias que pueden ocurrirle a cualquiera de nosotros.<\/p>\n<p>Para los padres que luchan por llegar a fin de mes, la posibilidad de mirar a sus hijos a los ojos durante la comida, en lugar de a sus ojos hambrientos, es una diferencia que se consigue gracias al apoyo de los bancos de alimentos. Los bancos de alimentos cubren las necesidades de quienes viven con un presupuesto escaso. Muchos bancos de alimentos ofrecen oportunidades educativas que ayudan a las personas a cambiar su situaci\u00f3n y empezar de nuevo. A menudo, quienes se han beneficiado de los programas vuelven como voluntarios y contribuyen al mismo banco de alimentos que les ayud\u00f3 a paliar el hambre para hacer lo mismo por otros.<\/p>\n<p><strong>C\u00d3MO CELEBRAR EL D\u00cdA NACIONAL DE LOS BANCOS DE ALIMENTOS\/\/HOW TO OBSERVE NATIONAL FOOD BANK DAY<\/strong><\/p>\n<p>Ayuda a un vecino, amigo, compa\u00f1ero de trabajo o ni\u00f1o haciendo una donaci\u00f3n. Hazte voluntario en tu banco de alimentos local. Los bancos de alimentos aceptan alimentos no perecederos y donaciones en efectivo todos los d\u00edas. Consulta su lista de necesidades para saber qu\u00e9 productos frescos necesitan.<\/p>\n<p>Utiliza #NationalFoodBankDay para dar a conocer tu banco de alimentos local y compartirlo en las redes sociales.<\/p>\n<p><strong>HISTORIA DEL D\u00cdA NACIONAL DEL BANCO DE ALIMENTOS\/\/ NATIONAL FOOD BANK DAY HISTORY<\/strong><\/p>\n<p>El Banco de Alimentos St. Mary&#8217;s fund\u00f3 el D\u00eda Nacional del Banco de Alimentos para reconocer las destacadas contribuciones de los bancos de alimentos de todo el pa\u00eds y para conmemorar la creaci\u00f3n del Banco de Alimentos St. Mary&#8217;s por parte de su fundador, John van Hengel, en 1967. John van Hengel tuvo la idea de rescatar alimentos y crear un banco de alimentos, y la idea se extendi\u00f3 por todo el pa\u00eds, convirtiendo al Banco de Alimentos St. Mary&#8217;s en el primero del mundo. En 2017, St. Mary&#8217;s celebra su 50.\u00ba aniversario.<\/p>\n<p>Distribuyen 250 000 comidas al d\u00eda gracias al esfuerzo de su personal, agencias colaboradoras y voluntarios. Su misi\u00f3n es paliar el hambre mediante la recolecci\u00f3n y distribuci\u00f3n de alimentos, al tiempo que fomentan la autosuficiencia, la colaboraci\u00f3n, la defensa de causas sociales y la educaci\u00f3n.<\/p>\n<p><strong>Fuente del art\u00edculo:<\/strong><\/p>\n<p><strong>\u00a0<\/strong><a href=\"https:\/\/www.nationaldaycalendar.com\/national-day\/national-food-bank-day-first-friday-in-september\"><strong>https:\/\/www.nationaldaycalendar.com\/national-day\/national-food-bank-day-first-friday-in-september<\/strong><\/a>[\/vc_column_text][vc_empty_space][vc_column_text][\/vc_column_text][\/vc_column][\/vc_row][vc_row][vc_column][vc_column_text css=\u00bb\u00bb]<\/p>\n<div class=\"wpb_text_column wpb_content_element \">\n<div class=\"wpb_wrapper\">\n<h2 style=\"text-align: center;\"><strong>ESTAD\u00cdSTICAS DE FRECUENCIA<\/strong><\/h2>\n<\/div>\n<\/div>\n<p>[\/vc_column_text][vc_column_text css=\u00bb\u00bb]<\/p>\n<p style=\"text-align: center;\"><strong> Los latinos contribuyen a la fuerza laboral del sector hotelero estadounidense<\/strong><\/p>\n<p>\u00a0Informe LHEI: Los latinos contribuyen a la fuerza laboral del sector hotelero estadounidense, pero se quedan atr\u00e1s en la propiedad de hoteles<strong>.\/\/ <\/strong>\u00a0LHEI Report: Latinos contribute to U.S. hospitality workforce, lag in hotel ownership<\/p>\n<ul>\n<li>Seg\u00fan el Departamento de Trabajo, casi una cuarta parte de los recepcionistas de hoteles, moteles y complejos tur\u00edsticos son latinos y muchos m\u00e1s ocupan puestos de mantenimiento, limpieza y restauraci\u00f3n, prestando \u00abservicios de vital importancia para la industria hotelera y tur\u00edstica\u00bb, seg\u00fan el informe.<\/li>\n<li>Si bien los latinos participan principalmente en el amplio sector de la hosteler\u00eda y la restauraci\u00f3n, con un \u00edndice un 30 % superior al de la poblaci\u00f3n general, no han progresado adecuadamente hacia la propiedad de empresas y los puestos directivos, lo que indica la necesidad de educaci\u00f3n y tutor\u00eda para que los latinos emprendedores puedan explorar estas oportunidades.<\/li>\n<li>Los hispanos representan una mayor proporci\u00f3n de los empleados de recepci\u00f3n (+33 %), los porteros\/conserjes (+15 %) y entre un tercio y casi la mitad de los puestos de limpieza y mantenimiento en el sector hotelero. Sin embargo, su presencia es inferior en un 22 % en los puestos directivos, que solo representan el 14 % del total de puestos. Aunque los hispanos est\u00e1n bien representados en el sector hotelero, no progresan con la suficiente rapidez hacia puestos de alto nivel y la propiedad, seg\u00fan el informe.<\/li>\n<li><\/li>\n<\/ul>\n<p><strong>Fuente del Art\u00edculo: \u00a0LHEI Report: Latinos contribute to U.S. hospitality workforce, lag in hotel ownership. By by Kathakali Nandi. <\/strong><a href=\"https:\/\/hotelsmag.com\/news\/69961\/\"><strong>https:\/\/hotelsmag.com\/news\/69961\/<\/strong><\/a><\/p>\n<p><strong>\u00a0<\/strong><\/p>\n<p><strong>\u00a0<\/strong>[\/vc_column_text][vc_empty_space][vc_column_text][\/vc_column_text][\/vc_column][\/vc_row][vc_row][vc_column][vc_column_text]<\/p>\n<p>[\/vc_column_text][\/vc_column][\/vc_row]<\/p>\n<\/div>","protected":false},"excerpt":{"rendered":"<p>Agosto, mes   dedicado al cuidado de ti mismo centrado en vacacionar o relajarte. Este mes esta lleno  de d\u00edas festivos, observancias estatales , nacionales y mundiales. Es el mes utilizado para darte un capricho y cuidarse a si mismo! <\/p>\n<p class=\"read-more-container\"><a class=\"button\" href=\"https:\/\/ccasa.org\/es\/sabias-septiembre-2025\/\">Lee mas<\/a><\/p>\n","protected":false},"author":150,"featured_media":14324,"comment_status":"closed","ping_status":"closed","sticky":false,"template":"","format":"standard","meta":{"_acf_changed":false,"footnotes":""},"categories":[464],"tags":[473,472,474],"class_list":["post-23607","post","type-post","status-publish","format-standard","has-post-thumbnail","hentry","category-sabias","tag-estadisticas","tag-la-salud","tag-recursos","resize-featured-image"],"acf":[],"yoast_head":"<!-- This site is optimized with the Yoast SEO plugin v27.5 - https:\/\/yoast.com\/product\/yoast-seo-wordpress\/ -->\n<title>Sabias Septiembre 2025 - Colorado Coalition Against Sexual Assault<\/title>\n<meta name=\"description\" content=\"CCASA blogs allow Colorado advocates and survivors to share the stories. We use our voices because staying silent isn\u2019t an option.\" \/>\n<meta name=\"robots\" content=\"index, follow, max-snippet:-1, max-image-preview:large, max-video-preview:-1\" \/>\n<link rel=\"canonical\" href=\"https:\/\/ccasa.org\/es\/sabias-septiembre-2025\/\" \/>\n<meta property=\"og:locale\" content=\"es_ES\" \/>\n<meta property=\"og:type\" content=\"article\" \/>\n<meta property=\"og:title\" content=\"Sabias Septiembre 2025 - Colorado Coalition Against Sexual Assault\" \/>\n<meta property=\"og:description\" content=\"CCASA blogs allow Colorado advocates and survivors to share the stories. We use our voices because staying silent isn\u2019t an option.\" \/>\n<meta property=\"og:url\" content=\"https:\/\/ccasa.org\/es\/sabias-septiembre-2025\/\" \/>\n<meta property=\"og:site_name\" content=\"Colorado Coalition Against Sexual Assault\" \/>\n<meta property=\"article:published_time\" content=\"2025-09-01T12:00:14+00:00\" \/>\n<meta property=\"og:image\" content=\"https:\/\/ccasa.org\/wp-content\/uploads\/2021\/01\/default-blog-image-2.jpg\" \/>\n\t<meta property=\"og:image:width\" content=\"845\" \/>\n\t<meta property=\"og:image:height\" content=\"400\" \/>\n\t<meta property=\"og:image:type\" content=\"image\/jpeg\" \/>\n<meta name=\"author\" content=\"Agueda Morgan\" \/>\n<meta name=\"twitter:card\" content=\"summary_large_image\" \/>\n<meta name=\"twitter:label1\" content=\"Escrito por\" \/>\n\t<meta name=\"twitter:data1\" content=\"Agueda Morgan\" \/>\n\t<meta name=\"twitter:label2\" content=\"Tiempo de lectura\" \/>\n\t<meta name=\"twitter:data2\" content=\"11 minutos\" \/>\n<script type=\"application\/ld+json\" class=\"yoast-schema-graph\">{\"@context\":\"https:\\\/\\\/schema.org\",\"@graph\":[{\"@type\":\"Article\",\"@id\":\"https:\\\/\\\/ccasa.org\\\/es\\\/sabias-septiembre-2025\\\/#article\",\"isPartOf\":{\"@id\":\"https:\\\/\\\/ccasa.org\\\/es\\\/sabias-septiembre-2025\\\/\"},\"author\":{\"name\":\"Agueda Morgan\",\"@id\":\"https:\\\/\\\/ccasa.org\\\/#\\\/schema\\\/person\\\/3de91310ab0177292ecee1894894334b\"},\"headline\":\"Sabias Septiembre 2025\",\"datePublished\":\"2025-09-01T12:00:14+00:00\",\"mainEntityOfPage\":{\"@id\":\"https:\\\/\\\/ccasa.org\\\/es\\\/sabias-septiembre-2025\\\/\"},\"wordCount\":2766,\"publisher\":{\"@id\":\"https:\\\/\\\/ccasa.org\\\/#organization\"},\"image\":{\"@id\":\"https:\\\/\\\/ccasa.org\\\/es\\\/sabias-septiembre-2025\\\/#primaryimage\"},\"thumbnailUrl\":\"https:\\\/\\\/ccasa.org\\\/wp-content\\\/uploads\\\/2021\\\/01\\\/default-blog-image-2.jpg\",\"keywords\":[\"estad\u00edsticas\",\"la salud\",\"recursos\"],\"articleSection\":[\"Sabias\"],\"inLanguage\":\"es\"},{\"@type\":\"WebPage\",\"@id\":\"https:\\\/\\\/ccasa.org\\\/es\\\/sabias-septiembre-2025\\\/\",\"url\":\"https:\\\/\\\/ccasa.org\\\/es\\\/sabias-septiembre-2025\\\/\",\"name\":\"Sabias Septiembre 2025 - Colorado Coalition Against Sexual Assault\",\"isPartOf\":{\"@id\":\"https:\\\/\\\/ccasa.org\\\/#website\"},\"primaryImageOfPage\":{\"@id\":\"https:\\\/\\\/ccasa.org\\\/es\\\/sabias-septiembre-2025\\\/#primaryimage\"},\"image\":{\"@id\":\"https:\\\/\\\/ccasa.org\\\/es\\\/sabias-septiembre-2025\\\/#primaryimage\"},\"thumbnailUrl\":\"https:\\\/\\\/ccasa.org\\\/wp-content\\\/uploads\\\/2021\\\/01\\\/default-blog-image-2.jpg\",\"datePublished\":\"2025-09-01T12:00:14+00:00\",\"description\":\"CCASA blogs allow Colorado advocates and survivors to share the stories. We use our voices because staying silent isn\u2019t an option.\",\"breadcrumb\":{\"@id\":\"https:\\\/\\\/ccasa.org\\\/es\\\/sabias-septiembre-2025\\\/#breadcrumb\"},\"inLanguage\":\"es\",\"potentialAction\":[{\"@type\":\"ReadAction\",\"target\":[\"https:\\\/\\\/ccasa.org\\\/es\\\/sabias-septiembre-2025\\\/\"]}]},{\"@type\":\"ImageObject\",\"inLanguage\":\"es\",\"@id\":\"https:\\\/\\\/ccasa.org\\\/es\\\/sabias-septiembre-2025\\\/#primaryimage\",\"url\":\"https:\\\/\\\/ccasa.org\\\/wp-content\\\/uploads\\\/2021\\\/01\\\/default-blog-image-2.jpg\",\"contentUrl\":\"https:\\\/\\\/ccasa.org\\\/wp-content\\\/uploads\\\/2021\\\/01\\\/default-blog-image-2.jpg\",\"width\":845,\"height\":400,\"caption\":\"CCASA Logo\"},{\"@type\":\"BreadcrumbList\",\"@id\":\"https:\\\/\\\/ccasa.org\\\/es\\\/sabias-septiembre-2025\\\/#breadcrumb\",\"itemListElement\":[{\"@type\":\"ListItem\",\"position\":1,\"name\":\"Home\",\"item\":\"https:\\\/\\\/ccasa.org\\\/es\\\/\"},{\"@type\":\"ListItem\",\"position\":2,\"name\":\"Sabias Septiembre 2025\"}]},{\"@type\":\"WebSite\",\"@id\":\"https:\\\/\\\/ccasa.org\\\/#website\",\"url\":\"https:\\\/\\\/ccasa.org\\\/\",\"name\":\"Colorado Coalition Against Sexual Assault\",\"description\":\"\",\"publisher\":{\"@id\":\"https:\\\/\\\/ccasa.org\\\/#organization\"},\"potentialAction\":[{\"@type\":\"SearchAction\",\"target\":{\"@type\":\"EntryPoint\",\"urlTemplate\":\"https:\\\/\\\/ccasa.org\\\/?s={search_term_string}\"},\"query-input\":{\"@type\":\"PropertyValueSpecification\",\"valueRequired\":true,\"valueName\":\"search_term_string\"}}],\"inLanguage\":\"es\"},{\"@type\":\"Organization\",\"@id\":\"https:\\\/\\\/ccasa.org\\\/#organization\",\"name\":\"Colorado Coalition Against Sexual Assault (CCASA)\",\"url\":\"https:\\\/\\\/ccasa.org\\\/\",\"logo\":{\"@type\":\"ImageObject\",\"inLanguage\":\"es\",\"@id\":\"https:\\\/\\\/ccasa.org\\\/#\\\/schema\\\/logo\\\/image\\\/\",\"url\":\"https:\\\/\\\/www.ccasa.org\\\/wp-content\\\/uploads\\\/2018\\\/05\\\/ccasa-logo-large_png.png\",\"contentUrl\":\"https:\\\/\\\/www.ccasa.org\\\/wp-content\\\/uploads\\\/2018\\\/05\\\/ccasa-logo-large_png.png\",\"width\":1920,\"height\":1080,\"caption\":\"Colorado Coalition Against Sexual Assault (CCASA)\"},\"image\":{\"@id\":\"https:\\\/\\\/ccasa.org\\\/#\\\/schema\\\/logo\\\/image\\\/\"}},{\"@type\":\"Person\",\"@id\":\"https:\\\/\\\/ccasa.org\\\/#\\\/schema\\\/person\\\/3de91310ab0177292ecee1894894334b\",\"name\":\"Agueda Morgan\",\"image\":{\"@type\":\"ImageObject\",\"inLanguage\":\"es\",\"@id\":\"https:\\\/\\\/secure.gravatar.com\\\/avatar\\\/2ba86ddc8186355ac63dfbbdc26e9ac96b41c9a0e5ebcdc9392be88eaa816e00?s=96&d=mm&r=g\",\"url\":\"https:\\\/\\\/secure.gravatar.com\\\/avatar\\\/2ba86ddc8186355ac63dfbbdc26e9ac96b41c9a0e5ebcdc9392be88eaa816e00?s=96&d=mm&r=g\",\"contentUrl\":\"https:\\\/\\\/secure.gravatar.com\\\/avatar\\\/2ba86ddc8186355ac63dfbbdc26e9ac96b41c9a0e5ebcdc9392be88eaa816e00?s=96&d=mm&r=g\",\"caption\":\"Agueda Morgan\"},\"url\":\"https:\\\/\\\/ccasa.org\\\/es\\\/author\\\/amorgan\\\/\"}]}<\/script>\n<!-- \/ Yoast SEO plugin. -->","yoast_head_json":{"title":"Sabias Septiembre 2025 - Colorado Coalition Against Sexual Assault","description":"CCASA blogs allow Colorado advocates and survivors to share the stories. We use our voices because staying silent isn\u2019t an option.","robots":{"index":"index","follow":"follow","max-snippet":"max-snippet:-1","max-image-preview":"max-image-preview:large","max-video-preview":"max-video-preview:-1"},"canonical":"https:\/\/ccasa.org\/es\/sabias-septiembre-2025\/","og_locale":"es_ES","og_type":"article","og_title":"Sabias Septiembre 2025 - Colorado Coalition Against Sexual Assault","og_description":"CCASA blogs allow Colorado advocates and survivors to share the stories. We use our voices because staying silent isn\u2019t an option.","og_url":"https:\/\/ccasa.org\/es\/sabias-septiembre-2025\/","og_site_name":"Colorado Coalition Against Sexual Assault","article_published_time":"2025-09-01T12:00:14+00:00","og_image":[{"width":845,"height":400,"url":"https:\/\/ccasa.org\/wp-content\/uploads\/2021\/01\/default-blog-image-2.jpg","type":"image\/jpeg"}],"author":"Agueda Morgan","twitter_card":"summary_large_image","twitter_misc":{"Escrito por":"Agueda Morgan","Tiempo de lectura":"11 minutos"},"schema":{"@context":"https:\/\/schema.org","@graph":[{"@type":"Article","@id":"https:\/\/ccasa.org\/es\/sabias-septiembre-2025\/#article","isPartOf":{"@id":"https:\/\/ccasa.org\/es\/sabias-septiembre-2025\/"},"author":{"name":"Agueda Morgan","@id":"https:\/\/ccasa.org\/#\/schema\/person\/3de91310ab0177292ecee1894894334b"},"headline":"Sabias Septiembre 2025","datePublished":"2025-09-01T12:00:14+00:00","mainEntityOfPage":{"@id":"https:\/\/ccasa.org\/es\/sabias-septiembre-2025\/"},"wordCount":2766,"publisher":{"@id":"https:\/\/ccasa.org\/#organization"},"image":{"@id":"https:\/\/ccasa.org\/es\/sabias-septiembre-2025\/#primaryimage"},"thumbnailUrl":"https:\/\/ccasa.org\/wp-content\/uploads\/2021\/01\/default-blog-image-2.jpg","keywords":["estad\u00edsticas","la salud","recursos"],"articleSection":["Sabias"],"inLanguage":"es"},{"@type":"WebPage","@id":"https:\/\/ccasa.org\/es\/sabias-septiembre-2025\/","url":"https:\/\/ccasa.org\/es\/sabias-septiembre-2025\/","name":"Sabias Septiembre 2025 - Colorado Coalition Against Sexual Assault","isPartOf":{"@id":"https:\/\/ccasa.org\/#website"},"primaryImageOfPage":{"@id":"https:\/\/ccasa.org\/es\/sabias-septiembre-2025\/#primaryimage"},"image":{"@id":"https:\/\/ccasa.org\/es\/sabias-septiembre-2025\/#primaryimage"},"thumbnailUrl":"https:\/\/ccasa.org\/wp-content\/uploads\/2021\/01\/default-blog-image-2.jpg","datePublished":"2025-09-01T12:00:14+00:00","description":"CCASA blogs allow Colorado advocates and survivors to share the stories. We use our voices because staying silent isn\u2019t an option.","breadcrumb":{"@id":"https:\/\/ccasa.org\/es\/sabias-septiembre-2025\/#breadcrumb"},"inLanguage":"es","potentialAction":[{"@type":"ReadAction","target":["https:\/\/ccasa.org\/es\/sabias-septiembre-2025\/"]}]},{"@type":"ImageObject","inLanguage":"es","@id":"https:\/\/ccasa.org\/es\/sabias-septiembre-2025\/#primaryimage","url":"https:\/\/ccasa.org\/wp-content\/uploads\/2021\/01\/default-blog-image-2.jpg","contentUrl":"https:\/\/ccasa.org\/wp-content\/uploads\/2021\/01\/default-blog-image-2.jpg","width":845,"height":400,"caption":"CCASA Logo"},{"@type":"BreadcrumbList","@id":"https:\/\/ccasa.org\/es\/sabias-septiembre-2025\/#breadcrumb","itemListElement":[{"@type":"ListItem","position":1,"name":"Home","item":"https:\/\/ccasa.org\/es\/"},{"@type":"ListItem","position":2,"name":"Sabias Septiembre 2025"}]},{"@type":"WebSite","@id":"https:\/\/ccasa.org\/#website","url":"https:\/\/ccasa.org\/","name":"Colorado Coalition Against Sexual Assault","description":"","publisher":{"@id":"https:\/\/ccasa.org\/#organization"},"potentialAction":[{"@type":"SearchAction","target":{"@type":"EntryPoint","urlTemplate":"https:\/\/ccasa.org\/?s={search_term_string}"},"query-input":{"@type":"PropertyValueSpecification","valueRequired":true,"valueName":"search_term_string"}}],"inLanguage":"es"},{"@type":"Organization","@id":"https:\/\/ccasa.org\/#organization","name":"Colorado Coalition Against Sexual Assault (CCASA)","url":"https:\/\/ccasa.org\/","logo":{"@type":"ImageObject","inLanguage":"es","@id":"https:\/\/ccasa.org\/#\/schema\/logo\/image\/","url":"https:\/\/www.ccasa.org\/wp-content\/uploads\/2018\/05\/ccasa-logo-large_png.png","contentUrl":"https:\/\/www.ccasa.org\/wp-content\/uploads\/2018\/05\/ccasa-logo-large_png.png","width":1920,"height":1080,"caption":"Colorado Coalition Against Sexual Assault (CCASA)"},"image":{"@id":"https:\/\/ccasa.org\/#\/schema\/logo\/image\/"}},{"@type":"Person","@id":"https:\/\/ccasa.org\/#\/schema\/person\/3de91310ab0177292ecee1894894334b","name":"Agueda Morgan","image":{"@type":"ImageObject","inLanguage":"es","@id":"https:\/\/secure.gravatar.com\/avatar\/2ba86ddc8186355ac63dfbbdc26e9ac96b41c9a0e5ebcdc9392be88eaa816e00?s=96&d=mm&r=g","url":"https:\/\/secure.gravatar.com\/avatar\/2ba86ddc8186355ac63dfbbdc26e9ac96b41c9a0e5ebcdc9392be88eaa816e00?s=96&d=mm&r=g","contentUrl":"https:\/\/secure.gravatar.com\/avatar\/2ba86ddc8186355ac63dfbbdc26e9ac96b41c9a0e5ebcdc9392be88eaa816e00?s=96&d=mm&r=g","caption":"Agueda Morgan"},"url":"https:\/\/ccasa.org\/es\/author\/amorgan\/"}]}},"_links":{"self":[{"href":"https:\/\/ccasa.org\/es\/wp-json\/wp\/v2\/posts\/23607","targetHints":{"allow":["GET"]}}],"collection":[{"href":"https:\/\/ccasa.org\/es\/wp-json\/wp\/v2\/posts"}],"about":[{"href":"https:\/\/ccasa.org\/es\/wp-json\/wp\/v2\/types\/post"}],"author":[{"embeddable":true,"href":"https:\/\/ccasa.org\/es\/wp-json\/wp\/v2\/users\/150"}],"replies":[{"embeddable":true,"href":"https:\/\/ccasa.org\/es\/wp-json\/wp\/v2\/comments?post=23607"}],"version-history":[{"count":3,"href":"https:\/\/ccasa.org\/es\/wp-json\/wp\/v2\/posts\/23607\/revisions"}],"predecessor-version":[{"id":23618,"href":"https:\/\/ccasa.org\/es\/wp-json\/wp\/v2\/posts\/23607\/revisions\/23618"}],"wp:featuredmedia":[{"embeddable":true,"href":"https:\/\/ccasa.org\/es\/wp-json\/wp\/v2\/media\/14324"}],"wp:attachment":[{"href":"https:\/\/ccasa.org\/es\/wp-json\/wp\/v2\/media?parent=23607"}],"wp:term":[{"taxonomy":"category","embeddable":true,"href":"https:\/\/ccasa.org\/es\/wp-json\/wp\/v2\/categories?post=23607"},{"taxonomy":"post_tag","embeddable":true,"href":"https:\/\/ccasa.org\/es\/wp-json\/wp\/v2\/tags?post=23607"}],"curies":[{"name":"wp","href":"https:\/\/api.w.org\/{rel}","templated":true}]}}