{"id":22113,"date":"2024-03-01T08:00:58","date_gmt":"2024-03-01T15:00:58","guid":{"rendered":"https:\/\/www.ccasa.org\/?p=22113"},"modified":"2024-02-06T16:10:51","modified_gmt":"2024-02-06T23:10:51","slug":"sabias-marzo-2024","status":"publish","type":"post","link":"https:\/\/ccasa.org\/es\/sabias-marzo-2024\/","title":{"rendered":"Sabias Marzo 2024"},"content":{"rendered":"<div class=\"wpb-content-wrapper\"><p>[vc_row css=\u00bb.vc_custom_1612968358632{margin-top: 70px !important;}\u00bb][vc_column][vc_row_inner][vc_column_inner][vc_column_text]<\/p>\n<h2><strong>Observancias en Marzo<\/strong><\/h2>\n<p>[\/vc_column_text][\/vc_column_inner][\/vc_row_inner][vc_row_inner equal_height=\u00bbyes\u00bb][vc_column_inner width=\u00bb1\/4&#8243;][vc_column_text css=\u00bb.vc_custom_1707258775133{margin-bottom: 0px !important;padding-top: 10px !important;padding-right: 10px !important;padding-bottom: 10px !important;padding-left: 10px !important;background-color: #ffffff !important;}\u00bb]<\/p>\n<p style=\"text-align: center;\"><strong>1 de Marzo<\/strong><\/p>\n<p style=\"text-align: center;\">D\u00eda de la Cero Discriminaci\u00f3n, Musicoterapia &amp; gradecimiento a los Empleados<\/p>\n<p>[\/vc_column_text][\/vc_column_inner][vc_column_inner width=\u00bb1\/4&#8243;][vc_column_text css=\u00bb.vc_custom_1707258764533{margin-bottom: 0px !important;padding-top: 10px !important;padding-right: 10px !important;padding-bottom: 10px !important;padding-left: 10px !important;background-color: #ffffff !important;}\u00bb]<\/p>\n<p style=\"text-align: center;\"><strong>2 de Marzo<\/strong><\/p>\n<p style=\"text-align: center;\">D\u00eda Mundial del Bienestar Mental para Adolescentes<\/p>\n<p>[\/vc_column_text][\/vc_column_inner][vc_column_inner width=\u00bb1\/4&#8243;][vc_column_text css=\u00bb.vc_custom_1707258817076{margin-bottom: 0px !important;padding-top: 10px !important;padding-right: 10px !important;padding-bottom: 10px !important;padding-left: 10px !important;background-color: #ffffff !important;}\u00bb]<\/p>\n<p style=\"text-align: center;\"><strong>8 de Marzo<\/strong><\/p>\n<p style=\"text-align: center;\">D\u00eda Internacional de la Mujer<\/p>\n<p>[\/vc_column_text][\/vc_column_inner][vc_column_inner width=\u00bb1\/4&#8243;][vc_column_text css=\u00bb.vc_custom_1707258864358{margin-bottom: 0px !important;padding-top: 10px !important;padding-right: 10px !important;padding-bottom: 10px !important;padding-left: 10px !important;background-color: #ffffff !important;}\u00bb]<\/p>\n<p style=\"text-align: center;\"><strong>10 de Marzo<\/strong><\/p>\n<p style=\"text-align: center;\">D\u00eda Nacional de Concientizaci\u00f3n sobre el VIH\/SIDA en Mujeres y Ni\u00f1as<\/p>\n<p>[\/vc_column_text][\/vc_column_inner][\/vc_row_inner][vc_row_inner equal_height=\u00bbyes\u00bb][vc_column_inner width=\u00bb1\/4&#8243;][vc_column_text css=\u00bb.vc_custom_1707258995230{margin-bottom: 0px !important;padding-top: 10px !important;padding-right: 10px !important;padding-bottom: 10px !important;padding-left: 10px !important;background-color: #ffffff !important;}\u00bb]<\/p>\n<p style=\"text-align: center;\"><strong>12 de Marzo<br \/>\n<\/strong>Nacional de las Madres Trabajadoras<\/p>\n<p>[\/vc_column_text][\/vc_column_inner][vc_column_inner width=\u00bb1\/4&#8243;][vc_column_text css=\u00bb.vc_custom_1707258981542{margin-bottom: 0px !important;padding-top: 10px !important;padding-right: 10px !important;padding-bottom: 10px !important;padding-left: 10px !important;background-color: #ffffff !important;}\u00bb]<\/p>\n<p style=\"text-align: center;\"><strong>14 de Marzo<\/strong><\/p>\n<p style=\"text-align: center;\">D\u00eda Nacional de la Igualdad Salarial<\/p>\n<p>[\/vc_column_text][\/vc_column_inner][vc_column_inner width=\u00bb1\/4&#8243;][vc_column_text css=\u00bb.vc_custom_1707259042029{margin-bottom: 0px !important;padding-top: 10px !important;padding-right: 10px !important;padding-bottom: 10px !important;padding-left: 10px !important;background-color: #ffffff !important;}\u00bb]<\/p>\n<p style=\"text-align: center;\"><strong>15 de Marzo<\/strong><\/p>\n<p style=\"text-align: center;\">D\u00eda Internacional para Combatir la Islamofobia<\/p>\n<p>[\/vc_column_text][\/vc_column_inner][vc_column_inner width=\u00bb1\/4&#8243;][vc_column_text css=\u00bb.vc_custom_1707259080218{padding-top: 10px !important;padding-right: 10px !important;padding-bottom: 10px !important;padding-left: 10px !important;background-color: #ffffff !important;}\u00bb]<\/p>\n<p style=\"text-align: center;\"><strong>17 de Marzo<\/strong><\/p>\n<p style=\"text-align: center;\">D\u00eda de San Patricio<\/p>\n<p>[\/vc_column_text][\/vc_column_inner][\/vc_row_inner][vc_row_inner equal_height=\u00bbyes\u00bb][vc_column_inner width=\u00bb1\/4&#8243;][vc_column_text css=\u00bb.vc_custom_1707259363684{margin-bottom: 0px !important;padding-top: 10px !important;padding-right: 10px !important;padding-bottom: 10px !important;padding-left: 10px !important;background-color: #ffffff !important;}\u00bb]<\/p>\n<p style=\"text-align: center;\"><strong>19 de Marzo<\/strong><\/p>\n<p style=\"text-align: center;\">D\u00eda Nacional de la Risa &amp; Comienza Primavera<\/p>\n<p>[\/vc_column_text][\/vc_column_inner][vc_column_inner width=\u00bb1\/4&#8243;][vc_column_text css=\u00bb.vc_custom_1707259398612{margin-bottom: 0px !important;padding-top: 10px !important;padding-right: 10px !important;padding-bottom: 10px !important;padding-left: 10px !important;background-color: #ffffff !important;}\u00bb]<\/p>\n<p style=\"text-align: center;\"><strong>20 de Marzo<\/strong><\/p>\n<p style=\"text-align: center;\">D\u00eda Internacional de la Felicidad<\/p>\n<p>[\/vc_column_text][\/vc_column_inner][vc_column_inner width=\u00bb1\/4&#8243;][vc_column_text css=\u00bb.vc_custom_1707259450213{margin-bottom: 0px !important;padding-top: 10px !important;padding-right: 10px !important;padding-bottom: 10px !important;padding-left: 10px !important;background-color: #ffffff !important;}\u00bb]<\/p>\n<p style=\"text-align: center;\"><strong>21 de Marzo<br \/>\n<\/strong><\/p>\n<p style=\"text-align: center;\">D\u00eda Internacional de la Eliminaci\u00f3n de la Discriminaci\u00f3n Racial<\/p>\n<p>[\/vc_column_text][\/vc_column_inner][vc_column_inner width=\u00bb1\/4&#8243;][vc_column_text css=\u00bb.vc_custom_1707259484980{margin-bottom: 0px !important;padding-top: 10px !important;padding-right: 10px !important;padding-bottom: 10px !important;padding-left: 10px !important;background-color: #ffffff !important;}\u00bb]<\/p>\n<p style=\"text-align: center;\"><strong>25 de Marzo<\/strong><\/p>\n<p style=\"text-align: center;\">D\u00eda Internacional para las V\u00edctimas de Esclavitud y Trata de Esclavos<\/p>\n<p>[\/vc_column_text][\/vc_column_inner][\/vc_row_inner][vc_row_inner equal_height=\u00bbyes\u00bb][vc_column_inner width=\u00bb1\/4&#8243;][vc_column_text css=\u00bb.vc_custom_1707259522661{margin-bottom: 0px !important;padding-top: 10px !important;padding-right: 10px !important;padding-bottom: 10px !important;padding-left: 10px !important;background-color: #ffffff !important;}\u00bb]<\/p>\n<p style=\"text-align: center;\"><strong>29 de Marzo<br \/>\n<\/strong><\/p>\n<p style=\"text-align: center;\">D\u00cdA NACIONAL DE LOS VETERANOS DE LA GUERRA DE VIETNAM<\/p>\n<p>[\/vc_column_text][\/vc_column_inner][vc_column_inner width=\u00bb1\/4&#8243;][vc_column_text css=\u00bb.vc_custom_1707259632101{margin-bottom: 0px !important;padding-top: 10px !important;padding-right: 10px !important;padding-bottom: 10px !important;padding-left: 10px !important;background-color: #ffffff !important;}\u00bb]<\/p>\n<p style=\"text-align: center;\"><strong>30 de Marzo<\/strong><\/p>\n<p style=\"text-align: center;\">D\u00eda Internacional de las Trabajadoras del Hogar<\/p>\n<p>[\/vc_column_text][\/vc_column_inner][vc_column_inner width=\u00bb1\/4&#8243;][vc_column_text]<\/p>\n<p style=\"text-align: center;\"><strong>\u00a031 de Marzo<\/strong><\/p>\n<p style=\"text-align: center;\">D\u00eda Internacional de la Visibilidad Transg\u00e9nero &amp;<\/p>\n<p style=\"text-align: center;\">D\u00eda de C\u00e9sar Ch\u00e1vez<\/p>\n<p>[\/vc_column_text][\/vc_column_inner][vc_column_inner width=\u00bb1\/4&#8243;][vc_column_text][\/vc_column_text][\/vc_column_inner][\/vc_row_inner][\/vc_column][\/vc_row][vc_row css=\u00bb.vc_custom_1612968056872{margin-top: 32px !important;}\u00bb][vc_column][vc_column_text]<\/p>\n<h2 style=\"text-align: center;\"><strong>Mes de la Historia de la Mujer 2024: Equidad, Diversidad e Inclusion. <\/strong><\/h2>\n<p>[\/vc_column_text][vc_column_text]<strong>\u201cPROMOVER EL ACCESO\u201d; \u201cDANDO VOZ A LAS MINOR\u00cdAS\u201d;<\/strong> \u201c<strong>HACER UN MUNDO M\u00c1S INCLUSIVO\u201d\u00a0\u00a0<\/strong><\/p>\n<p>Cada Marzo celebramos la contribuci\u00f3n de las mujeres a la historia, cultura y sociedad. <img loading=\"lazy\" decoding=\"async\" class=\"size-medium wp-image-22114 alignright\" src=\"https:\/\/www.ccasa.org\/wp-content\/uploads\/2024\/02\/Mes-de-la-Historia-de-la-Mujer-2024-300x300.png\" alt=\"\" width=\"300\" height=\"300\" srcset=\"https:\/\/ccasa.org\/wp-content\/uploads\/2024\/02\/Mes-de-la-Historia-de-la-Mujer-2024-300x300.png 300w, https:\/\/ccasa.org\/wp-content\/uploads\/2024\/02\/Mes-de-la-Historia-de-la-Mujer-2024-1024x1024.png 1024w, https:\/\/ccasa.org\/wp-content\/uploads\/2024\/02\/Mes-de-la-Historia-de-la-Mujer-2024-150x150.png 150w, https:\/\/ccasa.org\/wp-content\/uploads\/2024\/02\/Mes-de-la-Historia-de-la-Mujer-2024-768x768.png 768w, https:\/\/ccasa.org\/wp-content\/uploads\/2024\/02\/Mes-de-la-Historia-de-la-Mujer-2024-640x640.png 640w, https:\/\/ccasa.org\/wp-content\/uploads\/2024\/02\/Mes-de-la-Historia-de-la-Mujer-2024-45x45.png 45w, https:\/\/ccasa.org\/wp-content\/uploads\/2024\/02\/Mes-de-la-Historia-de-la-Mujer-2024-600x600.png 600w, https:\/\/ccasa.org\/wp-content\/uploads\/2024\/02\/Mes-de-la-Historia-de-la-Mujer-2024-100x100.png 100w, https:\/\/ccasa.org\/wp-content\/uploads\/2024\/02\/Mes-de-la-Historia-de-la-Mujer-2024.png 1080w\" sizes=\"auto, (max-width: 300px) 100vw, 300px\" \/><\/p>\n<p>El D\u00eda Internacional de la Mujer se celebra el 8 de marzo.<\/p>\n<p>El tema del Mes de la Historia de la Mujer 2024 establecido por The National Women&#8217;s History Alliance se titula: <strong>\u00abMujeres que abogan por la equidad, la diversidad y la inclusi\u00f3n\u00bb<\/strong>. El tema reconoce a las mujeres de todo el pa\u00eds que entienden que, para un futuro positivo, necesitamos eliminar por completo los prejuicios y la discriminaci\u00f3n de nuestras vidas e instituciones.<\/p>\n<p>Este a\u00f1o tambi\u00e9n marca el 23 aniversario de los Estudios de la Mujer (ahora Estudios de la Mujer y de G\u00e9nero &#8211; WGST) en la Universidad de Radford y nos ofrecer\u00e1 la oportunidad de celebrar la historia y los logros de los Estudios de la Mujer y de G\u00e9nero en la Universidad de Radford.<\/p>\n<p>Les invitamos a recordar que \u201cno hay l\u00edmite en lo que una mujer puede alcanzar\u201d.<\/p>\n<p><strong>C\u00d3MO OBSERVAR #MesDeLaHistoriaDeLaMujer<\/strong><\/p>\n<ul>\n<li>T\u00f3mese el tiempo para aprender m\u00e1s sobre la historia de las mujeres este mes.<\/li>\n<li>Si eres maestra o profesora, t\u00f3mate un tiempo este mes para ense\u00f1arles a tus estudiantes sobre la historia de las mujeres.<\/li>\n<li>Usa #MesNacionalDeLaHistoriaDeLaMujer para publicar en las redes sociales y mostrarle al mundo c\u00f3mo est\u00e1s celebrando!<\/li>\n<li>Mira un documental sobre los derechos de las mujeres.<\/li>\n<li>Mira las charlas TED de mujeres l\u00edderes.<\/li>\n<li>Agrega algunos podcasts nuevos a tu lista.<\/li>\n<li>Lee libros sobre los derechos de la mujer.<\/li>\n<li>Realice un recorrido virtual por el museo.<\/li>\n<li>Act\u00faa: apoya a las empresas propiedad de mujeres.<\/li>\n<li>Dona a organizaciones de tu comunidad que apoyen a mujeres y ni\u00f1as.<\/li>\n<li>Haga su parte para cambiar la pol\u00edtica.<\/li>\n<li>\u00danete a una organizaci\u00f3n o club de mujeres.<\/li>\n<\/ul>\n<p>\u201cAlzo mi voz, no para poder gritar, sino para que los que no tienen voz puedan ser escuchados\u2026 no podemos tener \u00e9xito cuando la mitad de nosotros somos retenidos\u201d. -Malala Yousafzai<\/p>\n<p>\u201cLa emancipaci\u00f3n de la mujer s\u00f3lo ser\u00e1 posible cuando la mujer pueda participar en la producci\u00f3n a gran escala social y el trabajo dom\u00e9stico ya no le exija m\u00e1s que una cantidad insignificante de su tiempo\u201d. -Federico Engels<\/p>\n<p><strong>Article source: <\/strong><\/p>\n<p><a href=\"https:\/\/www.radford.edu\/content\/chbs\/home\/wstudies\/women-s-history-month\/WomenHistoryMonth24.html\"><strong>https:\/\/www.radford.edu\/content\/chbs\/home\/wstudies\/women-s-history-month\/WomenHistoryMonth24.html<\/strong><\/a><\/p>\n<p><a href=\"https:\/\/www.prhspeakers.com\/womens-history-month-2024-equity-diversity-and-inclusion\"><strong>https:\/\/www.prhspeakers.com\/womens-history-month-2024-equity-diversity-and-inclusion<\/strong><\/a><strong> \u00a0<\/strong>[\/vc_column_text][vc_video link=\u00bbhttps:\/\/www.youtube.com\/watch?v=1CEYJTbxIrI \u00bb title=\u00bbMes de la Historia de la Mujer \u00ab][vc_empty_space height=\u00bb40px\u00bb][\/vc_column][\/vc_row][vc_row][vc_column][vc_column_text]<\/p>\n<h1><strong style=\"font-size: 16px;\">D\u00eda Nacional de la Igualdad Salarial-14 de Marzo<\/strong><\/h1>\n<p>[\/vc_column_text][vc_column_text]El D\u00eda de la Igualdad Salarial fue originado por el Comit\u00e9 Nacional para la<img loading=\"lazy\" decoding=\"async\" class=\"size-medium wp-image-22116 alignright\" src=\"https:\/\/www.ccasa.org\/wp-content\/uploads\/2024\/02\/Dia-Nacional-de-la-Igualdad-Salarial-300x300.png\" alt=\"\" width=\"300\" height=\"300\" srcset=\"https:\/\/ccasa.org\/wp-content\/uploads\/2024\/02\/Dia-Nacional-de-la-Igualdad-Salarial-300x300.png 300w, https:\/\/ccasa.org\/wp-content\/uploads\/2024\/02\/Dia-Nacional-de-la-Igualdad-Salarial-1024x1024.png 1024w, https:\/\/ccasa.org\/wp-content\/uploads\/2024\/02\/Dia-Nacional-de-la-Igualdad-Salarial-150x150.png 150w, https:\/\/ccasa.org\/wp-content\/uploads\/2024\/02\/Dia-Nacional-de-la-Igualdad-Salarial-768x768.png 768w, https:\/\/ccasa.org\/wp-content\/uploads\/2024\/02\/Dia-Nacional-de-la-Igualdad-Salarial-640x640.png 640w, https:\/\/ccasa.org\/wp-content\/uploads\/2024\/02\/Dia-Nacional-de-la-Igualdad-Salarial-45x45.png 45w, https:\/\/ccasa.org\/wp-content\/uploads\/2024\/02\/Dia-Nacional-de-la-Igualdad-Salarial-600x600.png 600w, https:\/\/ccasa.org\/wp-content\/uploads\/2024\/02\/Dia-Nacional-de-la-Igualdad-Salarial-100x100.png 100w, https:\/\/ccasa.org\/wp-content\/uploads\/2024\/02\/Dia-Nacional-de-la-Igualdad-Salarial.png 1080w\" sizes=\"auto, (max-width: 300px) 100vw, 300px\" \/> Igualdad Salarial (NCPE) en 1996 como acto de concienciaci\u00f3n p\u00fablica para ilustrar la diferencia entre los salarios de hombres y mujeres. (Originalmente se llam\u00f3 \u00abD\u00eda Nacional de Concienciaci\u00f3n sobre la Inequidad Salarial\u00bb y cambi\u00f3 a D\u00eda de la Igualdad Salarial en 1998).<\/p>\n<p>En 2009, el Presidente Barack Obama firm\u00f3 la Ley Lilly Ledbetter de Remuneraci\u00f3n Justa, que contribuy\u00f3 a reforzar algunos derechos concedidos a las empleadas contra la discriminaci\u00f3n y la disparidad salarial. En la actualidad, la brecha salarial entre hombres y mujeres sigue siendo una cuesti\u00f3n acuciante, en algunos pa\u00edses m\u00e1s que en otros, pero a medida que se adoptan m\u00e1s y m\u00e1s iniciativas, se contribuye a llamar m\u00e1s la atenci\u00f3n sobre el problema y a marcar el comienzo de nuevos cambios.<\/p>\n<p>Cada a\u00f1o, este d\u00eda simb\u00f3lico sirve para concienciar y combatir el impacto de las desigualdades salariales. El D\u00eda de la Igualdad Salarial 2024 se celebra el 12 de marzo y marca el estado actual de la brecha salarial entre hombres y mujeres: 84% para las trabajadoras a tiempo completo y 78% para el conjunto de las trabajadoras (incluidas las de tiempo parcial y estacionales).<\/p>\n<p>Fuente:<\/p>\n<ul>\n<li><a href=\"https:\/\/www.pay-equity.org\/day.html\">https:\/\/www.pay-equity.org\/day.html<\/a><\/li>\n<li><a href=\"https:\/\/nationaltoday.com\/equal-pay-day\/\">https:\/\/nationaltoday.com\/equal-pay-day\/<\/a><\/li>\n<li><a href=\"https:\/\/www.aauw.org\/resources\/article\/equal-pay-day-calendar\/\">https:\/\/www.aauw.org\/resources\/article\/equal-pay-day-calendar\/<\/a><\/li>\n<\/ul>\n<p>[\/vc_column_text][vc_video link=\u00bb\u00bb][vc_empty_space height=\u00bb40px\u00bb][\/vc_column][\/vc_row][vc_row][vc_column][vc_column_text]<\/p>\n<p style=\"text-align: center;\">Eventos Importantes en Marzo Conectate!<\/p>\n<p>[\/vc_column_text][vc_column_text]<strong>Colorado Advocacy In Action CAIA 2024<\/strong><\/p>\n<p><img loading=\"lazy\" decoding=\"async\" class=\"alignnone wp-image-22118\" src=\"https:\/\/www.ccasa.org\/wp-content\/uploads\/2024\/02\/CAIA-2024-300x158.png\" alt=\"\" width=\"410\" height=\"216\" srcset=\"https:\/\/ccasa.org\/wp-content\/uploads\/2024\/02\/CAIA-2024-300x158.png 300w, https:\/\/ccasa.org\/wp-content\/uploads\/2024\/02\/CAIA-2024-1024x538.png 1024w, https:\/\/ccasa.org\/wp-content\/uploads\/2024\/02\/CAIA-2024-768x403.png 768w, https:\/\/ccasa.org\/wp-content\/uploads\/2024\/02\/CAIA-2024-640x336.png 640w, https:\/\/ccasa.org\/wp-content\/uploads\/2024\/02\/CAIA-2024-600x315.png 600w, https:\/\/ccasa.org\/wp-content\/uploads\/2024\/02\/CAIA-2024.png 1200w\" sizes=\"auto, (max-width: 410px) 100vw, 410px\" \/><\/p>\n<p>\u00a1CAIA 2024 se ofrecer\u00e1 en vivo en Colorado Springs! Registracion comienza\u00a0 el 4 de marzo.\u00a0 Colorado Advocacy in Action es la \u00fanica conferencia estatal espec\u00edfica para asesores de la violencia dom\u00e9stica, la agresi\u00f3n sexual, el acecho y la violencia en el noviazgo.\u00a0 Se anima a asistir a cualquier persona que trabaje con sobrevivientes de violencia sexual y dom\u00e9stica o en el campo de la prevenci\u00f3n. Eso significa USTED: asores de v\u00edctimas, educadores en prevenci\u00f3n, personal de extensi\u00f3n, profesionales de salud mental, profesionales universitarios, proveedores m\u00e9dicos, agentes del orden, fiscales, comando y defensa militar, profesionales de tratamiento de delincuentes, consejeros escolares, etc.\u00a0 <strong>Para m\u00e1s informaci\u00f3n visite<\/strong> :\u00a0 <a href=\"https:\/\/coloradoadvocacy.org\/\">https:\/\/coloradoadvocacy.org\/<\/a><\/p>\n<p><strong>LATINAFest: Una celebraci\u00f3n de todo lo latino , March 24 2024<\/strong><\/p>\n<p>LATINAFest: \u00a1Mente, Cuerpo y Alma es el festival al aire libre m\u00e1s grande de la Costa Oeste que celebra todo lo latino! Un d\u00eda inolvidable para vigorizar tu alma donde te sentir\u00e1s inspirada y mimada por activaciones y ponentes, y las compras son irreales ya que encontrar\u00e1s los productos y servicios culturalmente m\u00e1s incre\u00edbles. Se llevara acabo en LA Plaza de Cultura y Artes, Los Angeles, CA.<\/p>\n<p>Si quieres saber mas conectate:<\/p>\n<p><a href=\"https:\/\/www.eventbrite.com\/e\/latinafest-a-celebration-of-all-things-latina-tickets-690577755657\">https:\/\/www.eventbrite.com\/e\/latinafest-a-celebration-of-all-things-latina-tickets-690577755657\u00a0<\/a>[\/vc_column_text][vc_empty_space height=\u00bb40px\u00bb][\/vc_column][\/vc_row][vc_row][vc_column][vc_column_text]<\/p>\n<div class=\"wpb_text_column wpb_content_element \">\n<div class=\"wpb_wrapper\">\n<h2><strong>ESTAD\u00cdSTICAS DE FRECUENCIA<\/strong><\/h2>\n<\/div>\n<\/div>\n<p>[\/vc_column_text][vc_column_text]<strong>Ingresos de las mujeres de Colorado en porcentaje de los de los hombres<\/strong><\/p>\n<p>Los salarios de las mujeres se han ido equiparando poco a poco a los de los hombres en Colorado, seg\u00fan la media semanal de los salarios de los trabajadores a tiempo completo. Pero la ca\u00edda en 2020 en Colorado se achaca a la pandemia del COVID-19, cuando una gran parte de la mano de obra femenina del estado perdi\u00f3 su empleo o dej\u00f3 de trabajar para cuidar de su familia. Los salarios de las mujeres se recuperaron en 2021, aunque segu\u00edan siendo inferiores a los de 2019. En 2021, las mujeres de Colorado ganaban aproximadamente el <strong>85.4%<\/strong> de lo que ganaban los hombres, seg\u00fan la Oficina de Estad\u00edsticas Laborales.<\/p>\n<p><strong>C\u00f3mo influyeron los cambios salariales en la brecha salarial de las mujeres en Colorado<\/strong><\/p>\n<p>Los altibajos en la igualdad salarial en 2020 y 2021 se debieron en parte a que las mujeres abandonaron la poblaci\u00f3n activa en el primer a\u00f1o de la pandemia. Pero lo que tambi\u00e9n ocurri\u00f3 fue que el salario de los hombres aument\u00f3 un 17% en 2020, mientras que las mujeres s\u00f3lo experimentaron un incremento del 5,8%. Al a\u00f1o siguiente, el salario medio semanal de los hombres cay\u00f3 un 2%, mientras que el de las mujeres creci\u00f3 un 7.1%. Esos cambios crearon una mayor equidad salarial entre los trabajadores masculinos y femeninos en Colorado. Hab\u00eda ido aumentando en los \u00faltimos a\u00f1os y, tras la ca\u00edda de 2020, vuelve a subir hasta el <strong>85.4% en 2021.<\/strong><\/p>\n<p><strong>Article Source: \u00a0The Colorado Sun, by Tamara Chuang \u201cWhat\u2019s Working: Colorado women earned 85.4 cents for every dollar a man made in 2021\u201d\u00a0 4\/29\/2023. <\/strong><\/p>\n<p><a href=\"https:\/\/coloradosun.com\/2023\/04\/29\/women-pay-equity-colorado-gender\/#:~:text=The%20latest%20Bureau%20of%20Labor,male%20counterparts%20did%20in%202021\">https:\/\/coloradosun.com\/2023\/04\/29\/women-pay-equity-colorado-gender\/#:~:text=The%20latest%20Bureau%20of%20Labor,male%20counterparts%20did%20in%202021<\/a>.[\/vc_column_text][vc_empty_space][vc_column_text][\/vc_column_text][\/vc_column][\/vc_row][vc_row][vc_column][vc_column_text]<\/p>\n<p>[\/vc_column_text][\/vc_column][\/vc_row]<\/p>\n<\/div>","protected":false},"excerpt":{"rendered":"<p>Agosto, mes   dedicado al cuidado de ti mismo centrado en vacacionar o relajarte. Este mes esta lleno  de d\u00edas festivos, observancias estatales , nacionales y mundiales. Es el mes utilizado para darte un capricho y cuidarse a si mismo! <\/p>\n<p class=\"read-more-container\"><a class=\"button\" href=\"https:\/\/ccasa.org\/es\/sabias-marzo-2024\/\">Lee mas<\/a><\/p>\n","protected":false},"author":150,"featured_media":14324,"comment_status":"closed","ping_status":"closed","sticky":false,"template":"","format":"standard","meta":{"_acf_changed":false,"footnotes":""},"categories":[464],"tags":[473,472,474],"class_list":["post-22113","post","type-post","status-publish","format-standard","has-post-thumbnail","hentry","category-sabias","tag-estadisticas","tag-la-salud","tag-recursos","resize-featured-image"],"acf":[],"yoast_head":"<!-- This site is optimized with the Yoast SEO plugin v27.4 - https:\/\/yoast.com\/product\/yoast-seo-wordpress\/ -->\n<title>Sabias Marzo 2024 - Colorado Coalition Against Sexual Assault<\/title>\n<meta name=\"description\" content=\"CCASA blogs allow Colorado advocates and survivors to share the stories. We use our voices because staying silent isn\u2019t an option.\" \/>\n<meta name=\"robots\" content=\"index, follow, max-snippet:-1, max-image-preview:large, max-video-preview:-1\" \/>\n<link rel=\"canonical\" href=\"https:\/\/ccasa.org\/es\/sabias-marzo-2024\/\" \/>\n<meta property=\"og:locale\" content=\"es_ES\" \/>\n<meta property=\"og:type\" content=\"article\" \/>\n<meta property=\"og:title\" content=\"Sabias Marzo 2024 - Colorado Coalition Against Sexual Assault\" \/>\n<meta property=\"og:description\" content=\"CCASA blogs allow Colorado advocates and survivors to share the stories. We use our voices because staying silent isn\u2019t an option.\" \/>\n<meta property=\"og:url\" content=\"https:\/\/ccasa.org\/es\/sabias-marzo-2024\/\" \/>\n<meta property=\"og:site_name\" content=\"Colorado Coalition Against Sexual Assault\" \/>\n<meta property=\"article:published_time\" content=\"2024-03-01T15:00:58+00:00\" \/>\n<meta property=\"og:image\" content=\"https:\/\/ccasa.org\/wp-content\/uploads\/2021\/01\/default-blog-image-2.jpg\" \/>\n\t<meta property=\"og:image:width\" content=\"845\" \/>\n\t<meta property=\"og:image:height\" content=\"400\" \/>\n\t<meta property=\"og:image:type\" content=\"image\/jpeg\" \/>\n<meta name=\"author\" content=\"Agueda Morgan\" \/>\n<meta name=\"twitter:card\" content=\"summary_large_image\" \/>\n<meta name=\"twitter:label1\" content=\"Escrito por\" \/>\n\t<meta name=\"twitter:data1\" content=\"Agueda Morgan\" \/>\n\t<meta name=\"twitter:label2\" content=\"Tiempo de lectura\" \/>\n\t<meta name=\"twitter:data2\" content=\"8 minutos\" \/>\n<script type=\"application\/ld+json\" class=\"yoast-schema-graph\">{\"@context\":\"https:\\\/\\\/schema.org\",\"@graph\":[{\"@type\":\"Article\",\"@id\":\"https:\\\/\\\/ccasa.org\\\/es\\\/sabias-marzo-2024\\\/#article\",\"isPartOf\":{\"@id\":\"https:\\\/\\\/ccasa.org\\\/es\\\/sabias-marzo-2024\\\/\"},\"author\":{\"name\":\"Agueda Morgan\",\"@id\":\"https:\\\/\\\/ccasa.org\\\/#\\\/schema\\\/person\\\/3de91310ab0177292ecee1894894334b\"},\"headline\":\"Sabias Marzo 2024\",\"datePublished\":\"2024-03-01T15:00:58+00:00\",\"mainEntityOfPage\":{\"@id\":\"https:\\\/\\\/ccasa.org\\\/es\\\/sabias-marzo-2024\\\/\"},\"wordCount\":2059,\"publisher\":{\"@id\":\"https:\\\/\\\/ccasa.org\\\/#organization\"},\"image\":{\"@id\":\"https:\\\/\\\/ccasa.org\\\/es\\\/sabias-marzo-2024\\\/#primaryimage\"},\"thumbnailUrl\":\"https:\\\/\\\/ccasa.org\\\/wp-content\\\/uploads\\\/2021\\\/01\\\/default-blog-image-2.jpg\",\"keywords\":[\"estad\u00edsticas\",\"la salud\",\"recursos\"],\"articleSection\":[\"Sabias\"],\"inLanguage\":\"es\"},{\"@type\":\"WebPage\",\"@id\":\"https:\\\/\\\/ccasa.org\\\/es\\\/sabias-marzo-2024\\\/\",\"url\":\"https:\\\/\\\/ccasa.org\\\/es\\\/sabias-marzo-2024\\\/\",\"name\":\"Sabias Marzo 2024 - Colorado Coalition Against Sexual Assault\",\"isPartOf\":{\"@id\":\"https:\\\/\\\/ccasa.org\\\/#website\"},\"primaryImageOfPage\":{\"@id\":\"https:\\\/\\\/ccasa.org\\\/es\\\/sabias-marzo-2024\\\/#primaryimage\"},\"image\":{\"@id\":\"https:\\\/\\\/ccasa.org\\\/es\\\/sabias-marzo-2024\\\/#primaryimage\"},\"thumbnailUrl\":\"https:\\\/\\\/ccasa.org\\\/wp-content\\\/uploads\\\/2021\\\/01\\\/default-blog-image-2.jpg\",\"datePublished\":\"2024-03-01T15:00:58+00:00\",\"description\":\"CCASA blogs allow Colorado advocates and survivors to share the stories. We use our voices because staying silent isn\u2019t an option.\",\"breadcrumb\":{\"@id\":\"https:\\\/\\\/ccasa.org\\\/es\\\/sabias-marzo-2024\\\/#breadcrumb\"},\"inLanguage\":\"es\",\"potentialAction\":[{\"@type\":\"ReadAction\",\"target\":[\"https:\\\/\\\/ccasa.org\\\/es\\\/sabias-marzo-2024\\\/\"]}]},{\"@type\":\"ImageObject\",\"inLanguage\":\"es\",\"@id\":\"https:\\\/\\\/ccasa.org\\\/es\\\/sabias-marzo-2024\\\/#primaryimage\",\"url\":\"https:\\\/\\\/ccasa.org\\\/wp-content\\\/uploads\\\/2021\\\/01\\\/default-blog-image-2.jpg\",\"contentUrl\":\"https:\\\/\\\/ccasa.org\\\/wp-content\\\/uploads\\\/2021\\\/01\\\/default-blog-image-2.jpg\",\"width\":845,\"height\":400,\"caption\":\"CCASA Logo\"},{\"@type\":\"BreadcrumbList\",\"@id\":\"https:\\\/\\\/ccasa.org\\\/es\\\/sabias-marzo-2024\\\/#breadcrumb\",\"itemListElement\":[{\"@type\":\"ListItem\",\"position\":1,\"name\":\"Home\",\"item\":\"https:\\\/\\\/ccasa.org\\\/es\\\/\"},{\"@type\":\"ListItem\",\"position\":2,\"name\":\"Sabias Marzo 2024\"}]},{\"@type\":\"WebSite\",\"@id\":\"https:\\\/\\\/ccasa.org\\\/#website\",\"url\":\"https:\\\/\\\/ccasa.org\\\/\",\"name\":\"Colorado Coalition Against Sexual Assault\",\"description\":\"\",\"publisher\":{\"@id\":\"https:\\\/\\\/ccasa.org\\\/#organization\"},\"potentialAction\":[{\"@type\":\"SearchAction\",\"target\":{\"@type\":\"EntryPoint\",\"urlTemplate\":\"https:\\\/\\\/ccasa.org\\\/?s={search_term_string}\"},\"query-input\":{\"@type\":\"PropertyValueSpecification\",\"valueRequired\":true,\"valueName\":\"search_term_string\"}}],\"inLanguage\":\"es\"},{\"@type\":\"Organization\",\"@id\":\"https:\\\/\\\/ccasa.org\\\/#organization\",\"name\":\"Colorado Coalition Against Sexual Assault (CCASA)\",\"url\":\"https:\\\/\\\/ccasa.org\\\/\",\"logo\":{\"@type\":\"ImageObject\",\"inLanguage\":\"es\",\"@id\":\"https:\\\/\\\/ccasa.org\\\/#\\\/schema\\\/logo\\\/image\\\/\",\"url\":\"https:\\\/\\\/www.ccasa.org\\\/wp-content\\\/uploads\\\/2018\\\/05\\\/ccasa-logo-large_png.png\",\"contentUrl\":\"https:\\\/\\\/www.ccasa.org\\\/wp-content\\\/uploads\\\/2018\\\/05\\\/ccasa-logo-large_png.png\",\"width\":1920,\"height\":1080,\"caption\":\"Colorado Coalition Against Sexual Assault (CCASA)\"},\"image\":{\"@id\":\"https:\\\/\\\/ccasa.org\\\/#\\\/schema\\\/logo\\\/image\\\/\"}},{\"@type\":\"Person\",\"@id\":\"https:\\\/\\\/ccasa.org\\\/#\\\/schema\\\/person\\\/3de91310ab0177292ecee1894894334b\",\"name\":\"Agueda Morgan\",\"image\":{\"@type\":\"ImageObject\",\"inLanguage\":\"es\",\"@id\":\"https:\\\/\\\/secure.gravatar.com\\\/avatar\\\/2ba86ddc8186355ac63dfbbdc26e9ac96b41c9a0e5ebcdc9392be88eaa816e00?s=96&d=mm&r=g\",\"url\":\"https:\\\/\\\/secure.gravatar.com\\\/avatar\\\/2ba86ddc8186355ac63dfbbdc26e9ac96b41c9a0e5ebcdc9392be88eaa816e00?s=96&d=mm&r=g\",\"contentUrl\":\"https:\\\/\\\/secure.gravatar.com\\\/avatar\\\/2ba86ddc8186355ac63dfbbdc26e9ac96b41c9a0e5ebcdc9392be88eaa816e00?s=96&d=mm&r=g\",\"caption\":\"Agueda Morgan\"},\"url\":\"https:\\\/\\\/ccasa.org\\\/es\\\/author\\\/amorgan\\\/\"}]}<\/script>\n<!-- \/ Yoast SEO plugin. -->","yoast_head_json":{"title":"Sabias Marzo 2024 - Colorado Coalition Against Sexual Assault","description":"CCASA blogs allow Colorado advocates and survivors to share the stories. We use our voices because staying silent isn\u2019t an option.","robots":{"index":"index","follow":"follow","max-snippet":"max-snippet:-1","max-image-preview":"max-image-preview:large","max-video-preview":"max-video-preview:-1"},"canonical":"https:\/\/ccasa.org\/es\/sabias-marzo-2024\/","og_locale":"es_ES","og_type":"article","og_title":"Sabias Marzo 2024 - Colorado Coalition Against Sexual Assault","og_description":"CCASA blogs allow Colorado advocates and survivors to share the stories. We use our voices because staying silent isn\u2019t an option.","og_url":"https:\/\/ccasa.org\/es\/sabias-marzo-2024\/","og_site_name":"Colorado Coalition Against Sexual Assault","article_published_time":"2024-03-01T15:00:58+00:00","og_image":[{"width":845,"height":400,"url":"https:\/\/ccasa.org\/wp-content\/uploads\/2021\/01\/default-blog-image-2.jpg","type":"image\/jpeg"}],"author":"Agueda Morgan","twitter_card":"summary_large_image","twitter_misc":{"Escrito por":"Agueda Morgan","Tiempo de lectura":"8 minutos"},"schema":{"@context":"https:\/\/schema.org","@graph":[{"@type":"Article","@id":"https:\/\/ccasa.org\/es\/sabias-marzo-2024\/#article","isPartOf":{"@id":"https:\/\/ccasa.org\/es\/sabias-marzo-2024\/"},"author":{"name":"Agueda Morgan","@id":"https:\/\/ccasa.org\/#\/schema\/person\/3de91310ab0177292ecee1894894334b"},"headline":"Sabias Marzo 2024","datePublished":"2024-03-01T15:00:58+00:00","mainEntityOfPage":{"@id":"https:\/\/ccasa.org\/es\/sabias-marzo-2024\/"},"wordCount":2059,"publisher":{"@id":"https:\/\/ccasa.org\/#organization"},"image":{"@id":"https:\/\/ccasa.org\/es\/sabias-marzo-2024\/#primaryimage"},"thumbnailUrl":"https:\/\/ccasa.org\/wp-content\/uploads\/2021\/01\/default-blog-image-2.jpg","keywords":["estad\u00edsticas","la salud","recursos"],"articleSection":["Sabias"],"inLanguage":"es"},{"@type":"WebPage","@id":"https:\/\/ccasa.org\/es\/sabias-marzo-2024\/","url":"https:\/\/ccasa.org\/es\/sabias-marzo-2024\/","name":"Sabias Marzo 2024 - Colorado Coalition Against Sexual Assault","isPartOf":{"@id":"https:\/\/ccasa.org\/#website"},"primaryImageOfPage":{"@id":"https:\/\/ccasa.org\/es\/sabias-marzo-2024\/#primaryimage"},"image":{"@id":"https:\/\/ccasa.org\/es\/sabias-marzo-2024\/#primaryimage"},"thumbnailUrl":"https:\/\/ccasa.org\/wp-content\/uploads\/2021\/01\/default-blog-image-2.jpg","datePublished":"2024-03-01T15:00:58+00:00","description":"CCASA blogs allow Colorado advocates and survivors to share the stories. We use our voices because staying silent isn\u2019t an option.","breadcrumb":{"@id":"https:\/\/ccasa.org\/es\/sabias-marzo-2024\/#breadcrumb"},"inLanguage":"es","potentialAction":[{"@type":"ReadAction","target":["https:\/\/ccasa.org\/es\/sabias-marzo-2024\/"]}]},{"@type":"ImageObject","inLanguage":"es","@id":"https:\/\/ccasa.org\/es\/sabias-marzo-2024\/#primaryimage","url":"https:\/\/ccasa.org\/wp-content\/uploads\/2021\/01\/default-blog-image-2.jpg","contentUrl":"https:\/\/ccasa.org\/wp-content\/uploads\/2021\/01\/default-blog-image-2.jpg","width":845,"height":400,"caption":"CCASA Logo"},{"@type":"BreadcrumbList","@id":"https:\/\/ccasa.org\/es\/sabias-marzo-2024\/#breadcrumb","itemListElement":[{"@type":"ListItem","position":1,"name":"Home","item":"https:\/\/ccasa.org\/es\/"},{"@type":"ListItem","position":2,"name":"Sabias Marzo 2024"}]},{"@type":"WebSite","@id":"https:\/\/ccasa.org\/#website","url":"https:\/\/ccasa.org\/","name":"Colorado Coalition Against Sexual Assault","description":"","publisher":{"@id":"https:\/\/ccasa.org\/#organization"},"potentialAction":[{"@type":"SearchAction","target":{"@type":"EntryPoint","urlTemplate":"https:\/\/ccasa.org\/?s={search_term_string}"},"query-input":{"@type":"PropertyValueSpecification","valueRequired":true,"valueName":"search_term_string"}}],"inLanguage":"es"},{"@type":"Organization","@id":"https:\/\/ccasa.org\/#organization","name":"Colorado Coalition Against Sexual Assault (CCASA)","url":"https:\/\/ccasa.org\/","logo":{"@type":"ImageObject","inLanguage":"es","@id":"https:\/\/ccasa.org\/#\/schema\/logo\/image\/","url":"https:\/\/www.ccasa.org\/wp-content\/uploads\/2018\/05\/ccasa-logo-large_png.png","contentUrl":"https:\/\/www.ccasa.org\/wp-content\/uploads\/2018\/05\/ccasa-logo-large_png.png","width":1920,"height":1080,"caption":"Colorado Coalition Against Sexual Assault (CCASA)"},"image":{"@id":"https:\/\/ccasa.org\/#\/schema\/logo\/image\/"}},{"@type":"Person","@id":"https:\/\/ccasa.org\/#\/schema\/person\/3de91310ab0177292ecee1894894334b","name":"Agueda Morgan","image":{"@type":"ImageObject","inLanguage":"es","@id":"https:\/\/secure.gravatar.com\/avatar\/2ba86ddc8186355ac63dfbbdc26e9ac96b41c9a0e5ebcdc9392be88eaa816e00?s=96&d=mm&r=g","url":"https:\/\/secure.gravatar.com\/avatar\/2ba86ddc8186355ac63dfbbdc26e9ac96b41c9a0e5ebcdc9392be88eaa816e00?s=96&d=mm&r=g","contentUrl":"https:\/\/secure.gravatar.com\/avatar\/2ba86ddc8186355ac63dfbbdc26e9ac96b41c9a0e5ebcdc9392be88eaa816e00?s=96&d=mm&r=g","caption":"Agueda Morgan"},"url":"https:\/\/ccasa.org\/es\/author\/amorgan\/"}]}},"_links":{"self":[{"href":"https:\/\/ccasa.org\/es\/wp-json\/wp\/v2\/posts\/22113","targetHints":{"allow":["GET"]}}],"collection":[{"href":"https:\/\/ccasa.org\/es\/wp-json\/wp\/v2\/posts"}],"about":[{"href":"https:\/\/ccasa.org\/es\/wp-json\/wp\/v2\/types\/post"}],"author":[{"embeddable":true,"href":"https:\/\/ccasa.org\/es\/wp-json\/wp\/v2\/users\/150"}],"replies":[{"embeddable":true,"href":"https:\/\/ccasa.org\/es\/wp-json\/wp\/v2\/comments?post=22113"}],"version-history":[{"count":0,"href":"https:\/\/ccasa.org\/es\/wp-json\/wp\/v2\/posts\/22113\/revisions"}],"wp:featuredmedia":[{"embeddable":true,"href":"https:\/\/ccasa.org\/es\/wp-json\/wp\/v2\/media\/14324"}],"wp:attachment":[{"href":"https:\/\/ccasa.org\/es\/wp-json\/wp\/v2\/media?parent=22113"}],"wp:term":[{"taxonomy":"category","embeddable":true,"href":"https:\/\/ccasa.org\/es\/wp-json\/wp\/v2\/categories?post=22113"},{"taxonomy":"post_tag","embeddable":true,"href":"https:\/\/ccasa.org\/es\/wp-json\/wp\/v2\/tags?post=22113"}],"curies":[{"name":"wp","href":"https:\/\/api.w.org\/{rel}","templated":true}]}}