{"id":22041,"date":"2024-02-01T08:00:24","date_gmt":"2024-02-01T15:00:24","guid":{"rendered":"https:\/\/www.ccasa.org\/?p=22041"},"modified":"2024-01-15T13:29:21","modified_gmt":"2024-01-15T20:29:21","slug":"sabias-febrero-2024","status":"publish","type":"post","link":"https:\/\/ccasa.org\/es\/sabias-febrero-2024\/","title":{"rendered":"Sabias Febrero 2024"},"content":{"rendered":"<div class=\"wpb-content-wrapper\"><p>[vc_row css=\u00bb.vc_custom_1612968358632{margin-top: 70px !important;}\u00bb][vc_column][vc_row_inner][vc_column_inner][vc_column_text]<\/p>\n<h2><strong>Observancias en Febrero<\/strong><\/h2>\n<p>[\/vc_column_text][\/vc_column_inner][\/vc_row_inner][vc_row_inner equal_height=\u00bbyes\u00bb][vc_column_inner width=\u00bb1\/4&#8243;][vc_column_text css=\u00bb.vc_custom_1705349213361{margin-bottom: 0px !important;padding-top: 10px !important;padding-right: 10px !important;padding-bottom: 10px !important;padding-left: 10px !important;background-color: #ffffff !important;}\u00bb]<\/p>\n<p style=\"text-align: center;\"><strong>2 de Febrero<\/strong><\/p>\n<p style=\"text-align: center;\"><strong>D\u00eda en la Historia \u201cEl Tratado de Guadalupe Hidalgo\u201d &amp; <\/strong><\/p>\n<p style=\"text-align: center;\"><strong>D\u00eda de la Renovaci\u00f3n Personal<\/strong><\/p>\n<p>[\/vc_column_text][\/vc_column_inner][vc_column_inner width=\u00bb1\/4&#8243;][vc_column_text css=\u00bb.vc_custom_1705349259288{margin-bottom: 0px !important;padding-top: 10px !important;padding-right: 10px !important;padding-bottom: 10px !important;padding-left: 10px !important;background-color: #ffffff !important;}\u00bb]<\/p>\n<p style=\"text-align: center;\"><strong>3 de Febrero<\/strong><\/p>\n<p style=\"text-align: center;\">D\u00eda Nacional de las Personas Desaparecidas<\/p>\n<p>[\/vc_column_text][\/vc_column_inner][vc_column_inner width=\u00bb1\/4&#8243;][vc_column_text css=\u00bb.vc_custom_1705349295274{margin-bottom: 0px !important;padding-top: 10px !important;padding-right: 10px !important;padding-bottom: 10px !important;padding-left: 10px !important;background-color: #ffffff !important;}\u00bb]<\/p>\n<p style=\"text-align: center;\"><strong>4 de Febrero<\/strong><\/p>\n<p style=\"text-align: center;\">D\u00eda Internacional de la Fraternidad Humana<\/p>\n<p>[\/vc_column_text][\/vc_column_inner][vc_column_inner width=\u00bb1\/4&#8243;][vc_column_text css=\u00bb.vc_custom_1705349329024{margin-bottom: 0px !important;padding-top: 10px !important;padding-right: 10px !important;padding-bottom: 10px !important;padding-left: 10px !important;background-color: #ffffff !important;}\u00bb]<\/p>\n<p style=\"text-align: center;\"><strong>6 de Febrero<\/strong><\/p>\n<p style=\"text-align: center;\">D\u00eda Internacional de Tolerancia Cero con la Mutilaci\u00f3n Genital Femenina<\/p>\n<p>[\/vc_column_text][\/vc_column_inner][\/vc_row_inner][vc_row_inner equal_height=\u00bbyes\u00bb][vc_column_inner width=\u00bb1\/4&#8243;][vc_column_text css=\u00bb.vc_custom_1705349392031{margin-bottom: 0px !important;padding-top: 10px !important;padding-right: 10px !important;padding-bottom: 10px !important;padding-left: 10px !important;background-color: #ffffff !important;}\u00bb]<\/p>\n<p style=\"text-align: center;\"><strong>07 de Febrero<br \/>\n<\/strong>D\u00eda Nacional de Concientizaci\u00f3n nacional sobre el VIH\/SIDA para las Comunidades Negras<\/p>\n<p>[\/vc_column_text][\/vc_column_inner][vc_column_inner width=\u00bb1\/4&#8243;][vc_column_text css=\u00bb.vc_custom_1705349439024{margin-bottom: 0px !important;padding-top: 10px !important;padding-right: 10px !important;padding-bottom: 10px !important;padding-left: 10px !important;background-color: #ffffff !important;}\u00bb]<\/p>\n<p style=\"text-align: center;\"><strong>10 de Febrero<\/strong><\/p>\n<p style=\"text-align: center;\">A\u00f1o Nuevo Chino<\/p>\n<p>[\/vc_column_text][\/vc_column_inner][vc_column_inner width=\u00bb1\/4&#8243;][vc_column_text css=\u00bb.vc_custom_1705349481375{margin-bottom: 0px !important;padding-top: 10px !important;padding-right: 10px !important;padding-bottom: 10px !important;padding-left: 10px !important;background-color: #ffffff !important;}\u00bb]<\/p>\n<p style=\"text-align: center;\"><strong>11 de Febrero<\/strong><\/p>\n<p style=\"text-align: center;\">D\u00eda Internacional de la Mujer y la Ni\u00f1a en la Ciencia<\/p>\n<p>[\/vc_column_text][\/vc_column_inner][vc_column_inner width=\u00bb1\/4&#8243;][vc_column_text css=\u00bb.vc_custom_1705349537408{padding-top: 10px !important;padding-right: 10px !important;padding-bottom: 10px !important;padding-left: 10px !important;background-color: #ffffff !important;}\u00bb]<\/p>\n<p style=\"text-align: center;\"><strong>12 de Febrero <\/strong><\/p>\n<p style=\"text-align: center;\">D\u00eda Mundial contra el Uso de Ni\u00f1os Soldado<\/p>\n<p>[\/vc_column_text][\/vc_column_inner][\/vc_row_inner][vc_row_inner equal_height=\u00bbyes\u00bb][vc_column_inner width=\u00bb1\/4&#8243;][vc_column_text css=\u00bb.vc_custom_1705349576937{margin-bottom: 0px !important;padding-top: 10px !important;padding-right: 10px !important;padding-bottom: 10px !important;padding-left: 10px !important;background-color: #ffffff !important;}\u00bb]<\/p>\n<p style=\"text-align: center;\"><strong>14 de Febrero<\/strong><\/p>\n<p style=\"text-align: center;\">D\u00eda de San Valent\u00edn<\/p>\n<p>[\/vc_column_text][\/vc_column_inner][vc_column_inner width=\u00bb1\/4&#8243;][vc_column_text css=\u00bb.vc_custom_1705349617625{margin-bottom: 0px !important;padding-top: 10px !important;padding-right: 10px !important;padding-bottom: 10px !important;padding-left: 10px !important;background-color: #ffffff !important;}\u00bb]<\/p>\n<p style=\"text-align: center;\"><strong>17 de Febrero<\/strong><\/p>\n<p style=\"text-align: center;\">D\u00eda Mundial del Esp\u00edritu Humano<\/p>\n<p>[\/vc_column_text][\/vc_column_inner][vc_column_inner width=\u00bb1\/4&#8243;][vc_column_text css=\u00bb.vc_custom_1705349656528{margin-bottom: 0px !important;padding-top: 10px !important;padding-right: 10px !important;padding-bottom: 10px !important;padding-left: 10px !important;background-color: #ffffff !important;}\u00bb]<\/p>\n<p style=\"text-align: center;\"><strong>19 de Febrero<br \/>\n<\/strong><\/p>\n<p style=\"text-align: center;\">D\u00eda del los Presidentes<\/p>\n<p>[\/vc_column_text][\/vc_column_inner][vc_column_inner width=\u00bb1\/4&#8243;][vc_column_text css=\u00bb.vc_custom_1705349718032{margin-bottom: 0px !important;padding-top: 10px !important;padding-right: 10px !important;padding-bottom: 10px !important;padding-left: 10px !important;background-color: #ffffff !important;}\u00bb]<\/p>\n<p style=\"text-align: center;\"><strong>20 de Febrero<\/strong><\/p>\n<p style=\"text-align: center;\">D\u00eda Mundial de la Justicia Social\u00a0 &amp; D\u00eda Nacional del Estudiante Voluntario<\/p>\n<p>[\/vc_column_text][\/vc_column_inner][\/vc_row_inner][vc_row_inner equal_height=\u00bbyes\u00bb][vc_column_inner width=\u00bb1\/4&#8243;][vc_column_text css=\u00bb.vc_custom_1705349760456{margin-bottom: 0px !important;padding-top: 10px !important;padding-right: 10px !important;padding-bottom: 10px !important;padding-left: 10px !important;background-color: #ffffff !important;}\u00bb]<\/p>\n<p style=\"text-align: center;\"><strong>26 de Febrero<br \/>\n<\/strong><\/p>\n<p style=\"text-align: center;\">D\u00cdA NACIONAL CARTA A UN ANCIANO<\/p>\n<p>[\/vc_column_text][\/vc_column_inner][vc_column_inner width=\u00bb1\/4&#8243;][vc_column_text css=\u00bb.vc_custom_1705349774093{margin-bottom: 0px !important;padding-top: 10px !important;padding-right: 10px !important;padding-bottom: 10px !important;padding-left: 10px !important;background-color: #ffffff !important;}\u00bb][\/vc_column_text][\/vc_column_inner][vc_column_inner width=\u00bb1\/4&#8243;][vc_column_text]<\/p>\n<p style=\"text-align: center;\"><strong>\u00a0<\/strong><\/p>\n<p>[\/vc_column_text][\/vc_column_inner][vc_column_inner width=\u00bb1\/4&#8243;][vc_column_text][\/vc_column_text][\/vc_column_inner][\/vc_row_inner][\/vc_column][\/vc_row][vc_row css=\u00bb.vc_custom_1612968056872{margin-top: 32px !important;}\u00bb][vc_column][vc_column_text]<\/p>\n<h2 style=\"text-align: center;\"><strong>D\u00eda Internacional de la Mujer y la Ni\u00f1a en la Ciencia<\/strong><\/h2>\n<p>[\/vc_column_text][vc_column_text]<em>El D\u00eda Internacional de la Mujer y la Ni\u00f1a en la Ciencia se celebra anualmente el 11 de febrero. Reconoce las contribuciones de las mujeres y las<img loading=\"lazy\" decoding=\"async\" class=\"size-medium wp-image-22042 alignright\" src=\"https:\/\/www.ccasa.org\/wp-content\/uploads\/2024\/01\/Dia-Internacional-de-la-Mujer-y-la-Nina-en-la-Ciencia-2-300x300.png\" alt=\"\" width=\"300\" height=\"300\" srcset=\"https:\/\/ccasa.org\/wp-content\/uploads\/2024\/01\/Dia-Internacional-de-la-Mujer-y-la-Nina-en-la-Ciencia-2-300x300.png 300w, https:\/\/ccasa.org\/wp-content\/uploads\/2024\/01\/Dia-Internacional-de-la-Mujer-y-la-Nina-en-la-Ciencia-2-1024x1024.png 1024w, https:\/\/ccasa.org\/wp-content\/uploads\/2024\/01\/Dia-Internacional-de-la-Mujer-y-la-Nina-en-la-Ciencia-2-150x150.png 150w, https:\/\/ccasa.org\/wp-content\/uploads\/2024\/01\/Dia-Internacional-de-la-Mujer-y-la-Nina-en-la-Ciencia-2-768x768.png 768w, https:\/\/ccasa.org\/wp-content\/uploads\/2024\/01\/Dia-Internacional-de-la-Mujer-y-la-Nina-en-la-Ciencia-2-640x640.png 640w, https:\/\/ccasa.org\/wp-content\/uploads\/2024\/01\/Dia-Internacional-de-la-Mujer-y-la-Nina-en-la-Ciencia-2-45x45.png 45w, https:\/\/ccasa.org\/wp-content\/uploads\/2024\/01\/Dia-Internacional-de-la-Mujer-y-la-Nina-en-la-Ciencia-2-600x600.png 600w, https:\/\/ccasa.org\/wp-content\/uploads\/2024\/01\/Dia-Internacional-de-la-Mujer-y-la-Nina-en-la-Ciencia-2-100x100.png 100w, https:\/\/ccasa.org\/wp-content\/uploads\/2024\/01\/Dia-Internacional-de-la-Mujer-y-la-Nina-en-la-Ciencia-2.png 1080w\" sizes=\"auto, (max-width: 300px) 100vw, 300px\" \/> ni\u00f1as a la ciencia y para promover la igualdad de g\u00e9nero en los campos de la ciencia, la tecnolog\u00eda, la ingenier\u00eda y las matem\u00e1ticas (STEM). La Asamblea General de las Naciones Unidas estableci\u00f3 este d\u00eda en 2015 mediante la resoluci\u00f3n A\/RES\/70\/212, que reconoc\u00eda el papel fundamental de las mujeres y las ni\u00f1as en la ciencia y ped\u00eda una mayor participaci\u00f3n y empoderamiento de las mujeres y las ni\u00f1as en los campos STEM.<\/em><\/p>\n<p><strong><em>\u00bfQu\u00e9 es el D\u00eda Internacional de la Mujer y la Ni\u00f1a en la Ciencia?<\/em><\/strong><\/p>\n<p><em>Es un d\u00eda dedicado a promover la igualdad de g\u00e9nero en los campos STEM y a animar a m\u00e1s mujeres y ni\u00f1as a seguir carreras en ciencia y tecnolog\u00eda. Su objetivo es derribar las barreras y los estereotipos que hist\u00f3ricamente han limitado la participaci\u00f3n de las mujeres en estos campos.<\/em><\/p>\n<p><strong><em>Importancia y objetivos<\/em><\/strong><\/p>\n<p><em>Los principales objetivos del D\u00eda Internacional de la Mujer y la Ni\u00f1a en la Ciencia son los siguientes<\/em><\/p>\n<ul>\n<li><em>Promover la igualdad de g\u00e9nero: El d\u00eda hace hincapi\u00e9 en la importancia de lograr la igualdad de g\u00e9nero en las disciplinas STEM, fomentando la igualdad de oportunidades para mujeres y ni\u00f1as en la educaci\u00f3n y las carreras cient\u00edficas.<\/em><\/li>\n<li><em>Destacar los logros: Celebra los logros e innovaciones de las mujeres cient\u00edficas, mostrando sus contribuciones a la investigaci\u00f3n, la tecnolog\u00eda y los avances cient\u00edficos.<\/em><\/li>\n<li><em>Inspirar a las generaciones futuras: El D\u00eda Internacional de la Mujer y la Ni\u00f1a en la Ciencia sirve de inspiraci\u00f3n para que las j\u00f3venes y las estudiantes sigan estudios y carreras en los campos STEM, desafiando estereotipos y prejuicios.<\/em><\/li>\n<li><em>Defensa de la inclusi\u00f3n: Este d\u00eda reclama una mayor inclusi\u00f3n de las mujeres en los procesos de toma de decisiones y en los puestos de liderazgo dentro de la comunidad cient\u00edfica.<\/em><\/li>\n<\/ul>\n<p><strong>Fuente del art\u00edculo: nota* este art\u00edculo fue publicado originalmente en Ingles.<\/strong><\/p>\n<ul>\n<li><a href=\"https:\/\/www.un.org\/en\/observances\/women-and-girls-in-science-day\/\"><strong>https:\/\/www.un.org\/en\/observances\/women-and-girls-in-science-day\/<\/strong><\/a><\/li>\n<li><a href=\"https:\/\/www.awarenessdays.com\/awareness-days-calendar\/international-day-of-women-and-girls-in-science-2024\/#:~:text=February%2011,%2C%20and%20mathematics%20(STEM)\">https:\/\/www.awarenessdays.com\/awareness-days-calendar\/international-day-of-women-and-girls-in-science-2024\/#:~:text=February%2011,%2C%20and%20mathematics%20(STEM)<\/a>.<\/li>\n<\/ul>\n<p>[\/vc_column_text][vc_video link=\u00bbhttps:\/\/www.youtube.com\/watch?v=oeryr9xPb5o\u00bb title=\u00bbD\u00eda Internacional de la Mujer y la Ni\u00f1a en la Ciencia\u00bb][vc_empty_space height=\u00bb40px\u00bb][\/vc_column][\/vc_row][vc_row][vc_column][vc_column_text]<\/p>\n<h2><strong>D\u00eda Mundial del Esp\u00edritu Humano<\/strong><\/h2>\n<p>[\/vc_column_text][vc_column_text]El D\u00eda Mundial del Esp\u00edritu Humano se celebra el 17 de Febrero, fue creado en 2003 por Michael Levy para promover un esp\u00edritu humano que viva una vida<img loading=\"lazy\" decoding=\"async\" class=\"size-medium wp-image-22044 alignright\" src=\"https:\/\/www.ccasa.org\/wp-content\/uploads\/2024\/01\/Dia-Mundial-del-Espiritu-Humano-2-300x300.png\" alt=\"\" width=\"300\" height=\"300\" srcset=\"https:\/\/ccasa.org\/wp-content\/uploads\/2024\/01\/Dia-Mundial-del-Espiritu-Humano-2-300x300.png 300w, https:\/\/ccasa.org\/wp-content\/uploads\/2024\/01\/Dia-Mundial-del-Espiritu-Humano-2-1024x1024.png 1024w, https:\/\/ccasa.org\/wp-content\/uploads\/2024\/01\/Dia-Mundial-del-Espiritu-Humano-2-150x150.png 150w, https:\/\/ccasa.org\/wp-content\/uploads\/2024\/01\/Dia-Mundial-del-Espiritu-Humano-2-768x768.png 768w, https:\/\/ccasa.org\/wp-content\/uploads\/2024\/01\/Dia-Mundial-del-Espiritu-Humano-2-640x640.png 640w, https:\/\/ccasa.org\/wp-content\/uploads\/2024\/01\/Dia-Mundial-del-Espiritu-Humano-2-45x45.png 45w, https:\/\/ccasa.org\/wp-content\/uploads\/2024\/01\/Dia-Mundial-del-Espiritu-Humano-2-600x600.png 600w, https:\/\/ccasa.org\/wp-content\/uploads\/2024\/01\/Dia-Mundial-del-Espiritu-Humano-2-100x100.png 100w, https:\/\/ccasa.org\/wp-content\/uploads\/2024\/01\/Dia-Mundial-del-Espiritu-Humano-2.png 1080w\" sizes=\"auto, (max-width: 300px) 100vw, 300px\" \/> creativa, pac\u00edfica y llena de amor. La festividad se basa en la creencia de que el esp\u00edritu humano representa un lugar de paz y tranquilidad necesario para escapar de nuestra sociedad llena de presiones. Su objetivo es fomentar la atenci\u00f3n plena a trav\u00e9s de la meditaci\u00f3n para que adquiramos el h\u00e1bito de la reflexi\u00f3n constante como forma de sentirnos satisfechos en nuestra sociedad.<\/p>\n<p>A lo largo de la era moderna, la cuesti\u00f3n de qu\u00e9 es realmente el esp\u00edritu humano y c\u00f3mo nos ayuda a escapar de nuestro mundo, a veces desfavorable, ha sido una pregunta a la que los fil\u00f3sofos han intentado dar respuesta. La festividad pretende servir como reconocimiento del hecho de que lo que sabemos sobre nuestro mundo es limitado y superficial. Es un d\u00eda en el que se anima a todo el mundo a reflexionar sobre sus logros en el mundo como seres humanos y a contentarse contemplando las infinitas posibilidades de logros a\u00fan mayores como esp\u00edritus.<\/p>\n<p>Este d\u00eda pretende ayudar a reforzar la conexi\u00f3n con nuestro yo espiritual como forma de mantener los pies en la tierra incluso en medio de la presi\u00f3n social. El D\u00eda Mundial del Esp\u00edritu Humano es un d\u00eda para buscar la satisfacci\u00f3n interior y aceptar el hecho de que no tenemos todas las respuestas. Es un d\u00eda para dar gracias a un poder superior por lo que tenemos y por lo que a\u00fan no tenemos. Y suele celebrarse para promover el valor de la paz mental y la satisfacci\u00f3n en nuestras vidas.<\/p>\n<p><strong>C\u00f3mo celebrar el D\u00eda Mundial del Esp\u00edritu Humano<\/strong><\/p>\n<p>Impl\u00edcate en el D\u00eda Mundial del Esp\u00edritu Humano disfrutando y celebr\u00e1ndolo con algunas de estas interesantes ideas y planes:<\/p>\n<ul>\n<li>Guarda 5 minutos de silencio: Una de las formas de celebrar este importante d\u00eda es observando unos minutos de silencio en agradecimiento a la conexi\u00f3n que los seres humanos pueden sentir entre s\u00ed, no s\u00f3lo a nivel local, sino en todo el planeta. En el ajetreo y el bullicio de la vida y las exigencias cotidianas, es f\u00e1cil olvidar la conexi\u00f3n que puede existir entre las personas. El D\u00eda Mundial del Esp\u00edritu Humano es una oportunidad para tomarse simplemente cinco minutos de silencio para meditar sobre lo que es verdaderamente importante en el mundo, incluido el esp\u00edritu de libertad y paz que vive dentro de cada persona.<\/li>\n<li>Conectar con otros seres humanos: En lugar de limitarse a la rutina diaria, el D\u00eda Mundial del Esp\u00edritu Humano es una invitaci\u00f3n a prestar m\u00e1s atenci\u00f3n a las personas que nos rodean. Deja de ver a los dem\u00e1s simplemente como objetos y t\u00f3mate un momento para establecer contacto visual con ellos, conectando a un nivel m\u00e1s profundo que abre el alma. Ya sea con compa\u00f1eros de trabajo, miembros de la familia o el tipo que sirve el caf\u00e9 diario, cualquier conexi\u00f3n humana puede brindar una oportunidad para que el esp\u00edritu se sienta m\u00e1s vivo, libre y en paz simplemente con un poco de intencionalidad.<\/li>\n<li>Leer m\u00e1s informaci\u00f3n sobre el tema: Quienes est\u00e9n interesados en profundizar en el D\u00eda Mundial del Esp\u00edritu Humano pueden optar por leer \u00bfQu\u00e9 sentido tiene? de Michael Levy, o investigar un poco en Internet sobre las formas de practicar la paz y la conexi\u00f3n humana en un mundo tan ca\u00f3tico y estresante. Considera algunos de estos libros que pueden ser un est\u00edmulo para encontrar la paz, la curaci\u00f3n, la libertad y la conexi\u00f3n humana:<\/li>\n<li>All Along You Were Blooming: Pensamientos para una vida sin l\u00edmites de Morgan Harper Nichols<\/li>\n<li>Meditaci\u00f3n para principiantes de Jack Kornfield<\/li>\n<li>Breath As Prayer: Calm Your Anxiety, Focus Your Mind And Renew Your Soul de Jennifer Tucker<\/li>\n<\/ul>\n<p><strong>Fuente del art\u00edculo: nota* este art\u00edculo fue publicado originalmente en Ingles.<\/strong><\/p>\n<p>1)<a href=\"https:\/\/nationaltoday.com\/world-human-spirit-day\/\">https:\/\/nationaltoday.com\/world-human-spirit-day\/<\/a><\/p>\n<p>2) <a href=\"https:\/\/www.daysoftheyear.com\/days\/world-human-spirit-day\/\">https:\/\/www.daysoftheyear.com\/days\/world-human-spirit-day\/<\/a>[\/vc_column_text][vc_video link=\u00bb\u00bb][vc_empty_space height=\u00bb40px\u00bb][\/vc_column][\/vc_row][vc_row][vc_column][vc_column_text]<\/p>\n<h2><\/h2>\n<h2 style=\"text-align: center;\"><strong>D\u00cdA NACIONAL CARTA A UN ANCIANO <\/strong><\/h2>\n<p>[\/vc_column_text][vc_column_text]Love For Our Elders ha declarado que el 26 de febrero es el D\u00eda Nacional de la Carta a un Anciano, una fiesta que se celebra enviando a un anciano una carta<img loading=\"lazy\" decoding=\"async\" class=\"size-medium wp-image-22046 alignright\" src=\"https:\/\/www.ccasa.org\/wp-content\/uploads\/2024\/01\/carta-a-un-anciano-2024-2-300x300.png\" alt=\"\" width=\"300\" height=\"300\" srcset=\"https:\/\/ccasa.org\/wp-content\/uploads\/2024\/01\/carta-a-un-anciano-2024-2-300x300.png 300w, https:\/\/ccasa.org\/wp-content\/uploads\/2024\/01\/carta-a-un-anciano-2024-2-1024x1024.png 1024w, https:\/\/ccasa.org\/wp-content\/uploads\/2024\/01\/carta-a-un-anciano-2024-2-150x150.png 150w, https:\/\/ccasa.org\/wp-content\/uploads\/2024\/01\/carta-a-un-anciano-2024-2-768x768.png 768w, https:\/\/ccasa.org\/wp-content\/uploads\/2024\/01\/carta-a-un-anciano-2024-2-640x640.png 640w, https:\/\/ccasa.org\/wp-content\/uploads\/2024\/01\/carta-a-un-anciano-2024-2-45x45.png 45w, https:\/\/ccasa.org\/wp-content\/uploads\/2024\/01\/carta-a-un-anciano-2024-2-600x600.png 600w, https:\/\/ccasa.org\/wp-content\/uploads\/2024\/01\/carta-a-un-anciano-2024-2-100x100.png 100w, https:\/\/ccasa.org\/wp-content\/uploads\/2024\/01\/carta-a-un-anciano-2024-2.png 1080w\" sizes=\"auto, (max-width: 300px) 100vw, 300px\" \/> de amor escrita a mano. Este d\u00eda se celebra una vez al a\u00f1o para honrar el arte de escribir cartas como forma de enviar amor, carta a carta. \u00abUna carta tiene poder. Puede leerse una vez, y releerse cuando se necesita\u00bb, dice Jacob Cramer, fundador de Love For Our Elders.<\/p>\n<p>Casi la mitad de los estadounidenses de 60 a\u00f1os o m\u00e1s dicen sentirse solos, y la soledad aumenta la probabilidad de desarrollar problemas de salud como depresi\u00f3n, ansiedad y obesidad. Ah\u00ed es donde entra en juego Love For Our Elders. Esta organizaci\u00f3n sin \u00e1nimo de lucro de Cleveland (Ohio) y sus delegaciones ofrecen contactos sociales a ancianos de todo el mundo. Han enviado m\u00e1s de 250.000 cartas desde 70 pa\u00edses.<\/p>\n<p>Cuando Cramer perdi\u00f3 a su abuelo, empez\u00f3 a trabajar como voluntario en una residencia de ancianos para honrar su memoria. Le llamaban cari\u00f1osamente \u00abBingo Boy\u00bb por su forma divertida y animada de cantar el bingo de la comunidad. Durante su tiempo como voluntario, descubri\u00f3 que muchos de los residentes rara vez recib\u00edan mensajes o visitas de familiares y amigos, y que la soledad era un problema cr\u00f3nico y siempre presente.<\/p>\n<p>Cramer decidi\u00f3 empezar a escribir cartas de amor a las comunidades de mayores. R\u00e1pidamente, su apodo cambi\u00f3 de \u00abBingo Boy\u00bb a \u00abLetter Boy\u00bb. Encontr\u00f3 la gracia y el amor en sus relaciones con sus amigos de la comunidad de la tercera edad y, finalmente, decidi\u00f3 que pod\u00eda llevar sus esfuerzos de escritura de cartas a nivel nacional. Cramer cre\u00f3 una organizaci\u00f3n sin \u00e1nimo de lucro que instaba a la gente a escribir cartas a los ancianos (o a cualquier persona necesitada mayor que ellos) y facilitaba la entrega a ancianos de todo el mundo.<\/p>\n<p><strong>C\u00f3mo celebrar el D\u00eda de la Carta a un Anciano<\/strong><\/p>\n<ul>\n<li><strong>Escribe una carta<\/strong>: T\u00f3mate tu tiempo para escribir una carta a una persona mayor de tu vida. Hazles saber cu\u00e1nto les aprecias y lo que han hecho por ti.<\/li>\n<li><strong>Env\u00eda una tarjeta<\/strong>: Env\u00eda una tarjeta a una persona mayor que conozcas y hazle saber que piensas en ella. Es un gesto sencillo, pero lo agradecer\u00e1.<\/li>\n<li><strong>Haz un regalo<\/strong>: C\u00f3mprale a una persona mayor un regalo especial que aprecie. No tiene por qu\u00e9 ser nada caro, s\u00f3lo algo que le haga sentirse especial.<\/li>\n<li><strong>Llama por tel\u00e9fono<\/strong>: Llama a una persona mayor y t\u00f3mate tu tiempo para ponerte al d\u00eda con ella. Mant\u00e9n una conversaci\u00f3n y demu\u00e9strale que te importa.<\/li>\n<li><strong>Visita en persona<\/strong>: Haz planes para visitar a una persona mayor. T\u00f3mate un momento del d\u00eda para ir a verles y mostrarles tu aprecio por su presencia en tu vida.<\/li>\n<\/ul>\n<p><strong>Fuente del art\u00edculo: nota* este art\u00edculo fue publicado originalmente en Ingles.<\/strong><\/p>\n<p>1) <a href=\"https:\/\/www.thereisadayforthat.com\/holidays\/usa\/letter-to-an-elder-day\"><strong>https:\/\/www.thereisadayforthat.com\/holidays\/usa\/letter-to-an-elder-day<\/strong><\/a><\/p>\n<p><strong>2)<\/strong> <a href=\"https:\/\/www.holidaycalendar.io\/holiday\/letter-to-an-elder-day\"><strong>https:\/\/www.holidaycalendar.io\/holiday\/letter-to-an-elder-day<\/strong><\/a>[\/vc_column_text][vc_empty_space height=\u00bb40px\u00bb][\/vc_column][\/vc_row][vc_row][vc_column][vc_column_text]<\/p>\n<div class=\"wpb_text_column wpb_content_element \">\n<div class=\"wpb_wrapper\">\n<h2><strong>ESTAD\u00cdSTICAS DE FRECUENCIA<\/strong><\/h2>\n<\/div>\n<\/div>\n<p>[\/vc_column_text][vc_column_text]<strong>\u00a0Violencia en el Noviazgo Adolescente<\/strong><\/p>\n<ul>\n<li>En Estados Unidos, hasta el <strong>19% <\/strong>de los adolescentes <strong>sufre violencia sexual o f\u00edsica <\/strong>en las citas, cerca de <strong>la mitad sufre acoso<\/strong> y hasta el <strong>65% afirma haber sufrido abusos psicol\u00f3gicos <\/strong>(\u00abTeen Dating Violence,\u00bb Office of Juvenile Justice and Delinquency Prevention, U.S. Department of Justice, 2022).<\/li>\n<li>En todo el pa\u00eds, los <strong>j\u00f3venes de 12 a 19 a\u00f1os<\/strong> experimentan las tasas m\u00e1s elevadas de violaciones y agresiones sexuales. Los estudios muestran que aproximadamente el <strong>10%<\/strong> de los adolescentes <strong>declaran haber sido v\u00edctimas de violencia f\u00edsica<\/strong> a manos de su pareja durante el a\u00f1o anterior.\u00a0 Las chicas son especialmente vulnerables a sufrir violencia en sus relaciones y tienen m\u00e1s probabilidades de sufrir consecuencias a largo plazo en su comportamiento y su salud, como intentos de suicidio, trastornos alimentarios y consumo de drogas.<\/li>\n<li>Aproximadamente <strong>1 de cada 12 estudiantes<\/strong> de secundaria estadounidenses sufre <strong>violencia f\u00edsica en el noviazgo<\/strong> (CDC,2019).<\/li>\n<li>Aproximadamente <strong>1 de cada 12 estudiantes<\/strong> de secundaria estadounidenses <strong>experiment\u00f3 violencia sexual en el noviazgo<\/strong> (CDC,2019).<\/li>\n<li>Algunos adolescentes corren m\u00e1s riesgo que otros. Las estudiantes experimentaron mayores tasas de violencia f\u00edsica y sexual en las citas que los estudiantes varones. Los estudiantes que se identificaban como lesbianas, gais, bisexuales, transexuales o queer (LGBTQ) o aquellos que no estaban seguros de su identidad de g\u00e9nero experimentaron tasas m\u00e1s altas de violencia f\u00edsica y sexual en las citas en comparaci\u00f3n con los estudiantes que se identificaban como heterosexuales (CDC,2019).<\/li>\n<\/ul>\n<p><strong>Fuente del art\u00edculo: nota* este art\u00edculo fue publicado originalmente en Ingles.<\/strong><\/p>\n<ul>\n<li><a href=\"https:\/\/www.apa.org\/monitor\/2023\/10\/disrupting-teen-dating-violence\"><strong>https:\/\/www.apa.org\/monitor\/2023\/10\/disrupting-teen-dating-violence<\/strong><\/a><\/li>\n<li><a href=\"https:\/\/youth.gov\/feature-article\/teen-dating-violence-awareness-and-prevention-month\"><strong>https:\/\/youth.gov\/feature-article\/teen-dating-violence-awareness-and-prevention-month<\/strong><\/a><\/li>\n<li><a href=\"https:\/\/www.cdc.gov\/violenceprevention\/intimatepartnerviolence\/teendatingviolence\/fastfact.html\"><strong>https:\/\/www.cdc.gov\/violenceprevention\/intimatepartnerviolence\/teendatingviolence\/fastfact.html<\/strong><\/a><\/li>\n<\/ul>\n<p>[\/vc_column_text][vc_empty_space][vc_column_text][\/vc_column_text][\/vc_column][\/vc_row][vc_row][vc_column][vc_column_text]<\/p>\n<p>[\/vc_column_text][\/vc_column][\/vc_row]<\/p>\n<\/div>","protected":false},"excerpt":{"rendered":"<p>Agosto, mes   dedicado al cuidado de ti mismo centrado en vacacionar o relajarte. Este mes esta lleno  de d\u00edas festivos, observancias estatales , nacionales y mundiales. Es el mes utilizado para darte un capricho y cuidarse a si mismo! <\/p>\n<p class=\"read-more-container\"><a class=\"button\" href=\"https:\/\/ccasa.org\/es\/sabias-febrero-2024\/\">Lee mas<\/a><\/p>\n","protected":false},"author":150,"featured_media":14324,"comment_status":"closed","ping_status":"closed","sticky":false,"template":"","format":"standard","meta":{"_acf_changed":false,"footnotes":""},"categories":[464],"tags":[473,472,474],"class_list":["post-22041","post","type-post","status-publish","format-standard","has-post-thumbnail","hentry","category-sabias","tag-estadisticas","tag-la-salud","tag-recursos","resize-featured-image"],"acf":[],"yoast_head":"<!-- This site is optimized with the Yoast SEO plugin v27.4 - https:\/\/yoast.com\/product\/yoast-seo-wordpress\/ -->\n<title>Sabias Febrero 2024 - Colorado Coalition Against Sexual Assault<\/title>\n<meta name=\"description\" content=\"CCASA blogs allow Colorado advocates and survivors to share the stories. We use our voices because staying silent isn\u2019t an option.\" \/>\n<meta name=\"robots\" content=\"index, follow, max-snippet:-1, max-image-preview:large, max-video-preview:-1\" \/>\n<link rel=\"canonical\" href=\"https:\/\/ccasa.org\/es\/sabias-febrero-2024\/\" \/>\n<meta property=\"og:locale\" content=\"es_ES\" \/>\n<meta property=\"og:type\" content=\"article\" \/>\n<meta property=\"og:title\" content=\"Sabias Febrero 2024 - Colorado Coalition Against Sexual Assault\" \/>\n<meta property=\"og:description\" content=\"CCASA blogs allow Colorado advocates and survivors to share the stories. We use our voices because staying silent isn\u2019t an option.\" \/>\n<meta property=\"og:url\" content=\"https:\/\/ccasa.org\/es\/sabias-febrero-2024\/\" \/>\n<meta property=\"og:site_name\" content=\"Colorado Coalition Against Sexual Assault\" \/>\n<meta property=\"article:published_time\" content=\"2024-02-01T15:00:24+00:00\" \/>\n<meta property=\"og:image\" content=\"https:\/\/ccasa.org\/wp-content\/uploads\/2021\/01\/default-blog-image-2.jpg\" \/>\n\t<meta property=\"og:image:width\" content=\"845\" \/>\n\t<meta property=\"og:image:height\" content=\"400\" \/>\n\t<meta property=\"og:image:type\" content=\"image\/jpeg\" \/>\n<meta name=\"author\" content=\"Agueda Morgan\" \/>\n<meta name=\"twitter:card\" content=\"summary_large_image\" \/>\n<meta name=\"twitter:label1\" content=\"Escrito por\" \/>\n\t<meta name=\"twitter:data1\" content=\"Agueda Morgan\" \/>\n\t<meta name=\"twitter:label2\" content=\"Tiempo de lectura\" \/>\n\t<meta name=\"twitter:data2\" content=\"10 minutos\" \/>\n<script type=\"application\/ld+json\" class=\"yoast-schema-graph\">{\"@context\":\"https:\\\/\\\/schema.org\",\"@graph\":[{\"@type\":\"Article\",\"@id\":\"https:\\\/\\\/ccasa.org\\\/es\\\/sabias-febrero-2024\\\/#article\",\"isPartOf\":{\"@id\":\"https:\\\/\\\/ccasa.org\\\/es\\\/sabias-febrero-2024\\\/\"},\"author\":{\"name\":\"Agueda Morgan\",\"@id\":\"https:\\\/\\\/ccasa.org\\\/#\\\/schema\\\/person\\\/3de91310ab0177292ecee1894894334b\"},\"headline\":\"Sabias Febrero 2024\",\"datePublished\":\"2024-02-01T15:00:24+00:00\",\"mainEntityOfPage\":{\"@id\":\"https:\\\/\\\/ccasa.org\\\/es\\\/sabias-febrero-2024\\\/\"},\"wordCount\":2808,\"publisher\":{\"@id\":\"https:\\\/\\\/ccasa.org\\\/#organization\"},\"image\":{\"@id\":\"https:\\\/\\\/ccasa.org\\\/es\\\/sabias-febrero-2024\\\/#primaryimage\"},\"thumbnailUrl\":\"https:\\\/\\\/ccasa.org\\\/wp-content\\\/uploads\\\/2021\\\/01\\\/default-blog-image-2.jpg\",\"keywords\":[\"estad\u00edsticas\",\"la salud\",\"recursos\"],\"articleSection\":[\"Sabias\"],\"inLanguage\":\"es\"},{\"@type\":\"WebPage\",\"@id\":\"https:\\\/\\\/ccasa.org\\\/es\\\/sabias-febrero-2024\\\/\",\"url\":\"https:\\\/\\\/ccasa.org\\\/es\\\/sabias-febrero-2024\\\/\",\"name\":\"Sabias Febrero 2024 - Colorado Coalition Against Sexual Assault\",\"isPartOf\":{\"@id\":\"https:\\\/\\\/ccasa.org\\\/#website\"},\"primaryImageOfPage\":{\"@id\":\"https:\\\/\\\/ccasa.org\\\/es\\\/sabias-febrero-2024\\\/#primaryimage\"},\"image\":{\"@id\":\"https:\\\/\\\/ccasa.org\\\/es\\\/sabias-febrero-2024\\\/#primaryimage\"},\"thumbnailUrl\":\"https:\\\/\\\/ccasa.org\\\/wp-content\\\/uploads\\\/2021\\\/01\\\/default-blog-image-2.jpg\",\"datePublished\":\"2024-02-01T15:00:24+00:00\",\"description\":\"CCASA blogs allow Colorado advocates and survivors to share the stories. We use our voices because staying silent isn\u2019t an option.\",\"breadcrumb\":{\"@id\":\"https:\\\/\\\/ccasa.org\\\/es\\\/sabias-febrero-2024\\\/#breadcrumb\"},\"inLanguage\":\"es\",\"potentialAction\":[{\"@type\":\"ReadAction\",\"target\":[\"https:\\\/\\\/ccasa.org\\\/es\\\/sabias-febrero-2024\\\/\"]}]},{\"@type\":\"ImageObject\",\"inLanguage\":\"es\",\"@id\":\"https:\\\/\\\/ccasa.org\\\/es\\\/sabias-febrero-2024\\\/#primaryimage\",\"url\":\"https:\\\/\\\/ccasa.org\\\/wp-content\\\/uploads\\\/2021\\\/01\\\/default-blog-image-2.jpg\",\"contentUrl\":\"https:\\\/\\\/ccasa.org\\\/wp-content\\\/uploads\\\/2021\\\/01\\\/default-blog-image-2.jpg\",\"width\":845,\"height\":400,\"caption\":\"CCASA Logo\"},{\"@type\":\"BreadcrumbList\",\"@id\":\"https:\\\/\\\/ccasa.org\\\/es\\\/sabias-febrero-2024\\\/#breadcrumb\",\"itemListElement\":[{\"@type\":\"ListItem\",\"position\":1,\"name\":\"Home\",\"item\":\"https:\\\/\\\/ccasa.org\\\/es\\\/\"},{\"@type\":\"ListItem\",\"position\":2,\"name\":\"Sabias Febrero 2024\"}]},{\"@type\":\"WebSite\",\"@id\":\"https:\\\/\\\/ccasa.org\\\/#website\",\"url\":\"https:\\\/\\\/ccasa.org\\\/\",\"name\":\"Colorado Coalition Against Sexual Assault\",\"description\":\"\",\"publisher\":{\"@id\":\"https:\\\/\\\/ccasa.org\\\/#organization\"},\"potentialAction\":[{\"@type\":\"SearchAction\",\"target\":{\"@type\":\"EntryPoint\",\"urlTemplate\":\"https:\\\/\\\/ccasa.org\\\/?s={search_term_string}\"},\"query-input\":{\"@type\":\"PropertyValueSpecification\",\"valueRequired\":true,\"valueName\":\"search_term_string\"}}],\"inLanguage\":\"es\"},{\"@type\":\"Organization\",\"@id\":\"https:\\\/\\\/ccasa.org\\\/#organization\",\"name\":\"Colorado Coalition Against Sexual Assault (CCASA)\",\"url\":\"https:\\\/\\\/ccasa.org\\\/\",\"logo\":{\"@type\":\"ImageObject\",\"inLanguage\":\"es\",\"@id\":\"https:\\\/\\\/ccasa.org\\\/#\\\/schema\\\/logo\\\/image\\\/\",\"url\":\"https:\\\/\\\/www.ccasa.org\\\/wp-content\\\/uploads\\\/2018\\\/05\\\/ccasa-logo-large_png.png\",\"contentUrl\":\"https:\\\/\\\/www.ccasa.org\\\/wp-content\\\/uploads\\\/2018\\\/05\\\/ccasa-logo-large_png.png\",\"width\":1920,\"height\":1080,\"caption\":\"Colorado Coalition Against Sexual Assault (CCASA)\"},\"image\":{\"@id\":\"https:\\\/\\\/ccasa.org\\\/#\\\/schema\\\/logo\\\/image\\\/\"}},{\"@type\":\"Person\",\"@id\":\"https:\\\/\\\/ccasa.org\\\/#\\\/schema\\\/person\\\/3de91310ab0177292ecee1894894334b\",\"name\":\"Agueda Morgan\",\"image\":{\"@type\":\"ImageObject\",\"inLanguage\":\"es\",\"@id\":\"https:\\\/\\\/secure.gravatar.com\\\/avatar\\\/2ba86ddc8186355ac63dfbbdc26e9ac96b41c9a0e5ebcdc9392be88eaa816e00?s=96&d=mm&r=g\",\"url\":\"https:\\\/\\\/secure.gravatar.com\\\/avatar\\\/2ba86ddc8186355ac63dfbbdc26e9ac96b41c9a0e5ebcdc9392be88eaa816e00?s=96&d=mm&r=g\",\"contentUrl\":\"https:\\\/\\\/secure.gravatar.com\\\/avatar\\\/2ba86ddc8186355ac63dfbbdc26e9ac96b41c9a0e5ebcdc9392be88eaa816e00?s=96&d=mm&r=g\",\"caption\":\"Agueda Morgan\"},\"url\":\"https:\\\/\\\/ccasa.org\\\/es\\\/author\\\/amorgan\\\/\"}]}<\/script>\n<!-- \/ Yoast SEO plugin. -->","yoast_head_json":{"title":"Sabias Febrero 2024 - Colorado Coalition Against Sexual Assault","description":"CCASA blogs allow Colorado advocates and survivors to share the stories. We use our voices because staying silent isn\u2019t an option.","robots":{"index":"index","follow":"follow","max-snippet":"max-snippet:-1","max-image-preview":"max-image-preview:large","max-video-preview":"max-video-preview:-1"},"canonical":"https:\/\/ccasa.org\/es\/sabias-febrero-2024\/","og_locale":"es_ES","og_type":"article","og_title":"Sabias Febrero 2024 - Colorado Coalition Against Sexual Assault","og_description":"CCASA blogs allow Colorado advocates and survivors to share the stories. We use our voices because staying silent isn\u2019t an option.","og_url":"https:\/\/ccasa.org\/es\/sabias-febrero-2024\/","og_site_name":"Colorado Coalition Against Sexual Assault","article_published_time":"2024-02-01T15:00:24+00:00","og_image":[{"width":845,"height":400,"url":"https:\/\/ccasa.org\/wp-content\/uploads\/2021\/01\/default-blog-image-2.jpg","type":"image\/jpeg"}],"author":"Agueda Morgan","twitter_card":"summary_large_image","twitter_misc":{"Escrito por":"Agueda Morgan","Tiempo de lectura":"10 minutos"},"schema":{"@context":"https:\/\/schema.org","@graph":[{"@type":"Article","@id":"https:\/\/ccasa.org\/es\/sabias-febrero-2024\/#article","isPartOf":{"@id":"https:\/\/ccasa.org\/es\/sabias-febrero-2024\/"},"author":{"name":"Agueda Morgan","@id":"https:\/\/ccasa.org\/#\/schema\/person\/3de91310ab0177292ecee1894894334b"},"headline":"Sabias Febrero 2024","datePublished":"2024-02-01T15:00:24+00:00","mainEntityOfPage":{"@id":"https:\/\/ccasa.org\/es\/sabias-febrero-2024\/"},"wordCount":2808,"publisher":{"@id":"https:\/\/ccasa.org\/#organization"},"image":{"@id":"https:\/\/ccasa.org\/es\/sabias-febrero-2024\/#primaryimage"},"thumbnailUrl":"https:\/\/ccasa.org\/wp-content\/uploads\/2021\/01\/default-blog-image-2.jpg","keywords":["estad\u00edsticas","la salud","recursos"],"articleSection":["Sabias"],"inLanguage":"es"},{"@type":"WebPage","@id":"https:\/\/ccasa.org\/es\/sabias-febrero-2024\/","url":"https:\/\/ccasa.org\/es\/sabias-febrero-2024\/","name":"Sabias Febrero 2024 - Colorado Coalition Against Sexual Assault","isPartOf":{"@id":"https:\/\/ccasa.org\/#website"},"primaryImageOfPage":{"@id":"https:\/\/ccasa.org\/es\/sabias-febrero-2024\/#primaryimage"},"image":{"@id":"https:\/\/ccasa.org\/es\/sabias-febrero-2024\/#primaryimage"},"thumbnailUrl":"https:\/\/ccasa.org\/wp-content\/uploads\/2021\/01\/default-blog-image-2.jpg","datePublished":"2024-02-01T15:00:24+00:00","description":"CCASA blogs allow Colorado advocates and survivors to share the stories. We use our voices because staying silent isn\u2019t an option.","breadcrumb":{"@id":"https:\/\/ccasa.org\/es\/sabias-febrero-2024\/#breadcrumb"},"inLanguage":"es","potentialAction":[{"@type":"ReadAction","target":["https:\/\/ccasa.org\/es\/sabias-febrero-2024\/"]}]},{"@type":"ImageObject","inLanguage":"es","@id":"https:\/\/ccasa.org\/es\/sabias-febrero-2024\/#primaryimage","url":"https:\/\/ccasa.org\/wp-content\/uploads\/2021\/01\/default-blog-image-2.jpg","contentUrl":"https:\/\/ccasa.org\/wp-content\/uploads\/2021\/01\/default-blog-image-2.jpg","width":845,"height":400,"caption":"CCASA Logo"},{"@type":"BreadcrumbList","@id":"https:\/\/ccasa.org\/es\/sabias-febrero-2024\/#breadcrumb","itemListElement":[{"@type":"ListItem","position":1,"name":"Home","item":"https:\/\/ccasa.org\/es\/"},{"@type":"ListItem","position":2,"name":"Sabias Febrero 2024"}]},{"@type":"WebSite","@id":"https:\/\/ccasa.org\/#website","url":"https:\/\/ccasa.org\/","name":"Colorado Coalition Against Sexual Assault","description":"","publisher":{"@id":"https:\/\/ccasa.org\/#organization"},"potentialAction":[{"@type":"SearchAction","target":{"@type":"EntryPoint","urlTemplate":"https:\/\/ccasa.org\/?s={search_term_string}"},"query-input":{"@type":"PropertyValueSpecification","valueRequired":true,"valueName":"search_term_string"}}],"inLanguage":"es"},{"@type":"Organization","@id":"https:\/\/ccasa.org\/#organization","name":"Colorado Coalition Against Sexual Assault (CCASA)","url":"https:\/\/ccasa.org\/","logo":{"@type":"ImageObject","inLanguage":"es","@id":"https:\/\/ccasa.org\/#\/schema\/logo\/image\/","url":"https:\/\/www.ccasa.org\/wp-content\/uploads\/2018\/05\/ccasa-logo-large_png.png","contentUrl":"https:\/\/www.ccasa.org\/wp-content\/uploads\/2018\/05\/ccasa-logo-large_png.png","width":1920,"height":1080,"caption":"Colorado Coalition Against Sexual Assault (CCASA)"},"image":{"@id":"https:\/\/ccasa.org\/#\/schema\/logo\/image\/"}},{"@type":"Person","@id":"https:\/\/ccasa.org\/#\/schema\/person\/3de91310ab0177292ecee1894894334b","name":"Agueda Morgan","image":{"@type":"ImageObject","inLanguage":"es","@id":"https:\/\/secure.gravatar.com\/avatar\/2ba86ddc8186355ac63dfbbdc26e9ac96b41c9a0e5ebcdc9392be88eaa816e00?s=96&d=mm&r=g","url":"https:\/\/secure.gravatar.com\/avatar\/2ba86ddc8186355ac63dfbbdc26e9ac96b41c9a0e5ebcdc9392be88eaa816e00?s=96&d=mm&r=g","contentUrl":"https:\/\/secure.gravatar.com\/avatar\/2ba86ddc8186355ac63dfbbdc26e9ac96b41c9a0e5ebcdc9392be88eaa816e00?s=96&d=mm&r=g","caption":"Agueda Morgan"},"url":"https:\/\/ccasa.org\/es\/author\/amorgan\/"}]}},"_links":{"self":[{"href":"https:\/\/ccasa.org\/es\/wp-json\/wp\/v2\/posts\/22041","targetHints":{"allow":["GET"]}}],"collection":[{"href":"https:\/\/ccasa.org\/es\/wp-json\/wp\/v2\/posts"}],"about":[{"href":"https:\/\/ccasa.org\/es\/wp-json\/wp\/v2\/types\/post"}],"author":[{"embeddable":true,"href":"https:\/\/ccasa.org\/es\/wp-json\/wp\/v2\/users\/150"}],"replies":[{"embeddable":true,"href":"https:\/\/ccasa.org\/es\/wp-json\/wp\/v2\/comments?post=22041"}],"version-history":[{"count":0,"href":"https:\/\/ccasa.org\/es\/wp-json\/wp\/v2\/posts\/22041\/revisions"}],"wp:featuredmedia":[{"embeddable":true,"href":"https:\/\/ccasa.org\/es\/wp-json\/wp\/v2\/media\/14324"}],"wp:attachment":[{"href":"https:\/\/ccasa.org\/es\/wp-json\/wp\/v2\/media?parent=22041"}],"wp:term":[{"taxonomy":"category","embeddable":true,"href":"https:\/\/ccasa.org\/es\/wp-json\/wp\/v2\/categories?post=22041"},{"taxonomy":"post_tag","embeddable":true,"href":"https:\/\/ccasa.org\/es\/wp-json\/wp\/v2\/tags?post=22041"}],"curies":[{"name":"wp","href":"https:\/\/api.w.org\/{rel}","templated":true}]}}