{"id":22003,"date":"2024-01-03T09:00:03","date_gmt":"2024-01-03T16:00:03","guid":{"rendered":"https:\/\/www.ccasa.org\/?p=22003"},"modified":"2024-01-04T11:38:16","modified_gmt":"2024-01-04T18:38:16","slug":"sabias-enero-2024","status":"publish","type":"post","link":"https:\/\/ccasa.org\/es\/sabias-enero-2024\/","title":{"rendered":"Sabias Enero 2024"},"content":{"rendered":"<div class=\"wpb-content-wrapper\"><p>[vc_row css=\u00bb.vc_custom_1612968358632{margin-top: 70px !important;}\u00bb][vc_column][vc_row_inner][vc_column_inner][vc_column_text]<\/p>\n<h2><strong>Observancias en Enero<\/strong><\/h2>\n<p>[\/vc_column_text][\/vc_column_inner][\/vc_row_inner][vc_row_inner equal_height=\u00bbyes\u00bb][vc_column_inner width=\u00bb1\/4&#8243;][vc_column_text css=\u00bb.vc_custom_1704293770348{margin-bottom: 0px !important;padding-top: 10px !important;padding-right: 10px !important;padding-bottom: 10px !important;padding-left: 10px !important;background-color: #ffffff !important;}\u00bb]<\/p>\n<p style=\"text-align: center;\"><strong>1 de Enero<\/strong><\/p>\n<p style=\"text-align: center;\">D\u00eda de A\u00f1o Nuevo<\/p>\n<p>[\/vc_column_text][\/vc_column_inner][vc_column_inner width=\u00bb1\/4&#8243;][vc_column_text css=\u00bb.vc_custom_1704293829653{margin-bottom: 0px !important;padding-top: 10px !important;padding-right: 10px !important;padding-bottom: 10px !important;padding-left: 10px !important;background-color: #ffffff !important;}\u00bb]<\/p>\n<p style=\"text-align: center;\"><strong>2 de Enero<br \/>\n<\/strong>D\u00eda Internacional del Polic\u00eda<\/p>\n<p>[\/vc_column_text][\/vc_column_inner][vc_column_inner width=\u00bb1\/4&#8243;][vc_column_text css=\u00bb.vc_custom_1704293898597{margin-bottom: 0px !important;padding-top: 10px !important;padding-right: 10px !important;padding-bottom: 10px !important;padding-left: 10px !important;background-color: #ffffff !important;}\u00bb]<\/p>\n<p style=\"text-align: center;\"><strong>4 de Enero<br \/>\n<\/strong>D\u00eda Mundial del Braille<\/p>\n<p>[\/vc_column_text][\/vc_column_inner][vc_column_inner width=\u00bb1\/4&#8243;][vc_column_text css=\u00bb.vc_custom_1704293931668{margin-bottom: 0px !important;padding-top: 10px !important;padding-right: 10px !important;padding-bottom: 10px !important;padding-left: 10px !important;background-color: #ffffff !important;}\u00bb]<\/p>\n<p style=\"text-align: center;\"><strong>6 de Enero<br \/>\n<\/strong>D\u00eda de Reyes<\/p>\n<p>[\/vc_column_text][\/vc_column_inner][\/vc_row_inner][vc_row_inner equal_height=\u00bbyes\u00bb][vc_column_inner width=\u00bb1\/4&#8243;][vc_column_text css=\u00bb.vc_custom_1704293968548{margin-bottom: 0px !important;padding-top: 10px !important;padding-right: 10px !important;padding-bottom: 10px !important;padding-left: 10px !important;background-color: #ffffff !important;}\u00bb]<\/p>\n<p style=\"text-align: center;\"><strong>11 de Enero<br \/>\n<\/strong>D\u00eda Internacional del Agradecimiento<\/p>\n<p>[\/vc_column_text][\/vc_column_inner][vc_column_inner width=\u00bb1\/4&#8243;][vc_column_text css=\u00bb.vc_custom_1704294006416{margin-bottom: 0px !important;padding-top: 10px !important;padding-right: 10px !important;padding-bottom: 10px !important;padding-left: 10px !important;background-color: #ffffff !important;}\u00bb]<\/p>\n<p style=\"text-align: center;\"><strong>13 de Enero<br \/>\n<\/strong>D\u00eda Mundial de Lucha contra la Depresi\u00f3n<\/p>\n<p>[\/vc_column_text][\/vc_column_inner][vc_column_inner width=\u00bb1\/4&#8243;][vc_column_text css=\u00bb.vc_custom_1704294521028{margin-bottom: 0px !important;padding-top: 10px !important;padding-right: 10px !important;padding-bottom: 10px !important;padding-left: 10px !important;background-color: #ffffff !important;}\u00bb]<\/p>\n<p style=\"text-align: center;\"><strong>15 de Enero<br \/>\n<\/strong>D\u00eda de Martin Luther King<\/p>\n<p>[\/vc_column_text][\/vc_column_inner][vc_column_inner width=\u00bb1\/4&#8243;][vc_column_text css=\u00bb.vc_custom_1704294554811{padding-top: 10px !important;padding-right: 10px !important;padding-bottom: 10px !important;padding-left: 10px !important;background-color: #ffffff !important;}\u00bb]<\/p>\n<p style=\"text-align: center;\"><strong>18 de Enero<br \/>\n<\/strong>D\u00eda Nacional de Acci\u00f3n para la Concienciaci\u00f3n sobre el Acoso!<\/p>\n<p>[\/vc_column_text][\/vc_column_inner][\/vc_row_inner][vc_row_inner equal_height=\u00bbyes\u00bb][vc_column_inner width=\u00bb1\/4&#8243;][vc_column_text css=\u00bb.vc_custom_1704294113364{margin-bottom: 0px !important;padding-top: 10px !important;padding-right: 10px !important;padding-bottom: 10px !important;padding-left: 10px !important;background-color: #ffffff !important;}\u00bb]<\/p>\n<p style=\"text-align: center;\"><strong>24 de Enero<br \/>\n<\/strong>D\u00eda Mundial de la Cultura Africana y Afrodescendiente<\/p>\n<p>[\/vc_column_text][\/vc_column_inner][vc_column_inner width=\u00bb1\/4&#8243;][vc_column_text css=\u00bb.vc_custom_1704294148820{margin-bottom: 0px !important;padding-top: 10px !important;padding-right: 10px !important;padding-bottom: 10px !important;padding-left: 10px !important;background-color: #ffffff !important;}\u00bb]<\/p>\n<p style=\"text-align: center;\"><strong>25 de Enero<\/strong><\/p>\n<p style=\"text-align: center;\">D\u00eda Internacional de la Mujer en el Multilateralismo<\/p>\n<p>[\/vc_column_text][\/vc_column_inner][vc_column_inner width=\u00bb1\/4&#8243;][vc_column_text css=\u00bb.vc_custom_1704294180349{margin-bottom: 0px !important;padding-top: 10px !important;padding-right: 10px !important;padding-bottom: 10px !important;padding-left: 10px !important;background-color: #ffffff !important;}\u00bb]<\/p>\n<p style=\"text-align: center;\"><strong>26 de Enero<br \/>\n<\/strong><\/p>\n<p style=\"text-align: center;\">D\u00eda Mundial de la Educaci\u00f3n Ambiental<\/p>\n<p>[\/vc_column_text][\/vc_column_inner][vc_column_inner width=\u00bb1\/4&#8243;][vc_column_text css=\u00bb.vc_custom_1704294219594{margin-bottom: 0px !important;padding-top: 10px !important;padding-right: 10px !important;padding-bottom: 10px !important;padding-left: 10px !important;background-color: #ffffff !important;}\u00bb]<\/p>\n<p style=\"text-align: center;\"><strong>27 de Enero<br \/>\n<\/strong>D\u00eda Internacional de Conmemoraci\u00f3n de las V\u00edctimas del Holocausto<\/p>\n<p>[\/vc_column_text][\/vc_column_inner][\/vc_row_inner][vc_row_inner equal_height=\u00bbyes\u00bb][vc_column_inner width=\u00bb1\/4&#8243;][vc_column_text css=\u00bb.vc_custom_1704294284436{margin-bottom: 0px !important;padding-top: 10px !important;padding-right: 10px !important;padding-bottom: 10px !important;padding-left: 10px !important;background-color: #ffffff !important;}\u00bb]<\/p>\n<p style=\"text-align: center;\"><strong>28 de Enero<br \/>\n<\/strong><\/p>\n<p style=\"text-align: center;\">D\u00eda Mundial de la Acci\u00f3n frente al Calentamiento Terrestre<\/p>\n<p>[\/vc_column_text][\/vc_column_inner][vc_column_inner width=\u00bb1\/4&#8243;][vc_column_text css=\u00bb.vc_custom_1704294350579{margin-bottom: 0px !important;padding-top: 10px !important;padding-right: 10px !important;padding-bottom: 10px !important;padding-left: 10px !important;background-color: #ffffff !important;}\u00bb]<\/p>\n<p style=\"text-align: center;\"><strong>30 de Enero<br \/>\n<\/strong><\/p>\n<p style=\"text-align: center;\">D\u00eda Escolar de la Paz y la No Violencia<\/p>\n<p>[\/vc_column_text][\/vc_column_inner][vc_column_inner width=\u00bb1\/4&#8243;][vc_column_text]<\/p>\n<p style=\"text-align: center;\"><strong>\u00a0<\/strong><\/p>\n<p>[\/vc_column_text][\/vc_column_inner][vc_column_inner width=\u00bb1\/4&#8243;][vc_column_text][\/vc_column_text][\/vc_column_inner][\/vc_row_inner][\/vc_column][\/vc_row][vc_row css=\u00bb.vc_custom_1612968056872{margin-top: 32px !important;}\u00bb][vc_column][vc_column_text]<\/p>\n<h2 style=\"text-align: center;\"><strong>Mes Nacional de Concienciaci\u00f3n sobre el Acecho\u00a0<\/strong><\/h2>\n<p>[\/vc_column_text][vc_column_text]\u00a1Enero es <a href=\"https:\/\/www.stalkingawareness.org\/stalking-awareness-month-2024-spanish\/\">el Mes Nacional de la Concientizaci\u00f3n sobre el Acecho<\/a> (NSAM, por sus siglas en ingl\u00e9s) <img loading=\"lazy\" decoding=\"async\" class=\"size-medium wp-image-22004 alignright\" src=\"https:\/\/www.ccasa.org\/wp-content\/uploads\/2024\/01\/stalking-acoso-300x114.png\" alt=\"\" width=\"300\" height=\"114\" srcset=\"https:\/\/ccasa.org\/wp-content\/uploads\/2024\/01\/stalking-acoso-300x114.png 300w, https:\/\/ccasa.org\/wp-content\/uploads\/2024\/01\/stalking-acoso-768x292.png 768w, https:\/\/ccasa.org\/wp-content\/uploads\/2024\/01\/stalking-acoso-640x244.png 640w, https:\/\/ccasa.org\/wp-content\/uploads\/2024\/01\/stalking-acoso-600x228.png 600w, https:\/\/ccasa.org\/wp-content\/uploads\/2024\/01\/stalking-acoso.png 820w\" sizes=\"auto, (max-width: 300px) 100vw, 300px\" \/>! El acecho afecta a casi 1 de cada 3 mujeres y 1 de cada 6 hombres en los Estados Unidos, pero muchas v\u00edctimas, familias, proveedores de servicios, profesionales de la justicia penal y personas \u00a0del p\u00fablico en general subestiman su prevalencia, peligro y urgencia. El acecho debe ser reconocido como una forma propia de la violencia, as\u00ed como un delito que frecuentemente coincide con otras victimizaciones, incluyendo la violencia f\u00edsica y sexual.<\/p>\n<p>El acecho es un patr\u00f3n de comportamiento dirigido a una persona concreta que provoca miedo o angustia emocional. La gran mayor\u00eda de las v\u00edctimas sufren acecho por alguien que conocen. La mayor\u00eda de las personas que acechan utilizan t\u00e1cticas tecnol\u00f3gicas y personales para vigilar, contactar, amenazar, sabotear y\/o atemorizar a sus v\u00edctimas. Entre las t\u00e1cticas de acecho m\u00e1s comunes se encuentran las llamadas telef\u00f3nicas no deseadas, el acercamiento de la persona que acecha o su aparici\u00f3n sin invitaci\u00f3n, los mensajes de texto\/correo electr\u00f3nico\/mensajes no deseados y el seguimiento y la vigilancia.<\/p>\n<p>\u00a1Aprenda c\u00f3mo participar en NSAM y el D\u00eda de Acci\u00f3n el 18 de enero en <a href=\"http:\/\/www.StalkingAwareness.org\/Stalking-Awareness-Month-2024-Spanish\">www.StalkingAwareness.org\/Stalking-Awareness-Month-2024-Spanish<\/a>!<\/p>\n<p>Fuente: SPARC AWARNESS:<\/p>\n<p>https:\/\/www.stalkingawareness.org\/stalking-awareness-month-2024-spanish\/[\/vc_column_text][vc_video link=\u00bbhttps:\/\/www.youtube.com\/watch?v=MS-tU7FJ2hU\u00bb title=\u00bb\u00bfPor qu\u00e9 aprender sobre el acecho? `{`Why Learn About Stalking? ESPA\u00d1OL`}` (Captioned)\u00bb][vc_empty_space height=\u00bb40px\u00bb][\/vc_column][\/vc_row][vc_row][vc_column][vc_column_text]<\/p>\n<h2><strong>Mes Nacional de Concientizaci\u00f3n sobre la Trata de Personas<\/strong><\/h2>\n<p>[\/vc_column_text][vc_column_text]<strong>El president Joseph R. Biden Jr., proclamo el mes de enero de 2024 como el Mes Nacional de la Prevenci\u00f3n de la Trata de Personas.<\/strong><\/p>\n<p>El Mes Nacional de Prevenci\u00f3n de la Esclavitud y la Trata de Seres Humanos, que se celebra en enero, es un momento dedicado a concienciar sobre el<img loading=\"lazy\" decoding=\"async\" class=\"size-medium wp-image-22007 alignright\" src=\"https:\/\/www.ccasa.org\/wp-content\/uploads\/2024\/01\/human-trafficking-300x300.png\" alt=\"\" width=\"300\" height=\"300\" srcset=\"https:\/\/ccasa.org\/wp-content\/uploads\/2024\/01\/human-trafficking-300x300.png 300w, https:\/\/ccasa.org\/wp-content\/uploads\/2024\/01\/human-trafficking-1024x1024.png 1024w, https:\/\/ccasa.org\/wp-content\/uploads\/2024\/01\/human-trafficking-150x150.png 150w, https:\/\/ccasa.org\/wp-content\/uploads\/2024\/01\/human-trafficking-768x768.png 768w, https:\/\/ccasa.org\/wp-content\/uploads\/2024\/01\/human-trafficking-640x640.png 640w, https:\/\/ccasa.org\/wp-content\/uploads\/2024\/01\/human-trafficking-45x45.png 45w, https:\/\/ccasa.org\/wp-content\/uploads\/2024\/01\/human-trafficking-600x600.png 600w, https:\/\/ccasa.org\/wp-content\/uploads\/2024\/01\/human-trafficking-100x100.png 100w, https:\/\/ccasa.org\/wp-content\/uploads\/2024\/01\/human-trafficking.png 1080w\" sizes=\"auto, (max-width: 300px) 100vw, 300px\" \/> problema mundial de la esclavitud moderna y la trata de seres humanos. Este mes sirve para recordar la lucha en curso contra estas graves violaciones de los derechos humanos y subraya la importancia de la prevenci\u00f3n, la intervenci\u00f3n y el apoyo a los supervivientes.<\/p>\n<p>Fuente:<\/p>\n<p><a href=\"https:\/\/www.awarenessdays.com\/awareness-days-calendar\/national-slavery-human-trafficking-prevention-month-2024\/\">https:\/\/www.awarenessdays.com\/awareness-days-calendar\/national-slavery-human-trafficking-prevention-month-2024\/<\/a><\/p>\n<p>A Proclamation on National Human Trafficking Prevention Month, 2024:<\/p>\n<p><a href=\"https:\/\/www.whitehouse.gov\/briefing-room\/presidential-actions\/2023\/12\/29\/a-proclamation-on-national-human-trafficking-prevention-month-2024\/\">https:\/\/www.whitehouse.gov\/briefing-room\/presidential-actions\/2023\/12\/29\/a-proclamation-on-national-human-trafficking-prevention-month-2024\/<\/a>[\/vc_column_text][vc_video link=\u00bb\u00bb][vc_empty_space height=\u00bb40px\u00bb][\/vc_column][\/vc_row][vc_row][vc_column][vc_column_text]<\/p>\n<h2><\/h2>\n<h2 style=\"text-align: center;\"><strong>D\u00eda Mundial del Braille January 4<sup>th<\/sup> 2024<\/strong><\/h2>\n<p>[\/vc_column_text][vc_column_text]Todos los a\u00f1os celebramos el D\u00eda Mundial del Braille el 4 de enero porque es el cumplea\u00f1os de Louis Braille. Es el inventor del braille. Louis naci\u00f3 en 1809 en Francia y se qued\u00f3 ciego tras un accidente en su infancia. Pero no tard\u00f3 en dominar su nueva forma de vida. Cuando s\u00f3lo ten\u00eda 15 a\u00f1os, Louis cre\u00f3 un sistema de lectura y escritura basado en el sistema de escritura nocturna de Charles Barbier. Hoy conocemos el sistema de Louis como braille. Adaptado con el tiempo, el braille es ahora m\u00e1s f\u00e1cil de leer y se utiliza en todo el mundo.<\/p>\n<p>Fuente: <a href=\"https:\/\/brailleworks.com\/what-is-world-braille-day\/\">https:\/\/brailleworks.com\/what-is-world-braille-day\/<\/a>[\/vc_column_text][vc_empty_space height=\u00bb40px\u00bb][\/vc_column][\/vc_row][vc_row][vc_column][vc_column_text]<\/p>\n<div class=\"wpb_text_column wpb_content_element \">\n<div class=\"wpb_wrapper\">\n<h2><strong>ESTAD\u00cdSTICAS DE FRECUENCIA<\/strong><\/h2>\n<\/div>\n<\/div>\n<p>[\/vc_column_text][vc_column_text]<\/p>\n<p style=\"text-align: left;\"><strong>VICTIMIZACI\u00d3N POR ACECHO<\/strong><\/p>\n<ul>\n<li>Se calcula que 13.5 millones de personas sufren acecho en un periodo de un a\u00f1o en Estados Unidos.A<\/li>\n<li>Casi 1 de cada 3 mujeres y 1 de cada 6 hombres han sido v\u00edctimas de acecho en alg\u00fan momento de su vida.B<\/li>\n<li>M\u00e1s de la mitad de las v\u00edctimas de acecho indicaron que sufrieron acecho antes de los 25 a\u00f1os, y casi 1 de cada 4 sufri\u00f3 acecho antes de los 18 a\u00f1os.C<\/li>\n<li>La gran mayor\u00eda de las v\u00edctimas de acecho sufren acecho por una persona que conocen: D\n<ol>\n<li style=\"list-style-type: none;\">\n<ol>\n<li>El 40% por una pareja actual o anterior,<\/li>\n<li>el 42% por una persona conocida.<\/li>\n<\/ol>\n<\/li>\n<\/ol>\n<\/li>\n<li>El 69% de las mujeres y el 80% de los hombres v\u00edctimas de acecho fueron amenazados\/as con da\u00f1os f\u00edsicos.E<\/li>\n<li>Las personas de entre 18 y 24 a\u00f1os sufren la mayor tasa de victimizaci\u00f3n por acecho (entre las personas adultas).F<\/li>\n<li>Las personas que acechan utilizan muchas t\u00e1cticas, entre ellas:G\n<ul>\n<li style=\"list-style-type: none;\">\n<ul>\n<li>Hacer llamadas telef\u00f3nicas no deseadas.<\/li>\n<li>Acercarse a la v\u00edctima o presentarse en lugares que la v\u00edctima no desea.<\/li>\n<li>Seguir y vigilar a la v\u00edctima o Enviar textos, fotos, correos electr\u00f3nicos y mensajes no deseados a trav\u00e9s de las redes sociales.<\/li>\n<li>Enviar regalos no deseados.<\/li>\n<li>Utilizar la tecnolog\u00eda para vigilar, rastrear y\/o espiar a la v\u00edctima.<\/li>\n<\/ul>\n<\/li>\n<\/ul>\n<\/li>\n<li>Casi la mitad de las v\u00edctimas de acecho sufren al menos un contacto no deseado por semana.H<\/li>\n<li>El 11% de las v\u00edctimas de acecho han sufrido acecho durante 5 a\u00f1os o m\u00e1s.I<\/li>\n<li>M\u00e1s del doble de v\u00edctimas sufre acecho con tecnolog\u00eda que sin ella.J<\/li>\n<\/ul>\n<p><strong>Fuente:\u00a0 SPARC Stalking fact Sheet- <\/strong><\/p>\n<p><strong>\u00a0<\/strong><a href=\"https:\/\/www.stalkingawareness.org\/fact-sheets-and-infographics\/\"><strong>https:\/\/www.stalkingawareness.org\/fact-sheets-and-infographics\/<\/strong><\/a>[\/vc_column_text][vc_empty_space][vc_column_text][\/vc_column_text][\/vc_column][\/vc_row][vc_row][vc_column][vc_column_text]<\/p>\n<p>[\/vc_column_text][\/vc_column][\/vc_row]<\/p>\n<\/div>","protected":false},"excerpt":{"rendered":"<p>Agosto, mes   dedicado al cuidado de ti mismo centrado en vacacionar o relajarte. Este mes esta lleno  de d\u00edas festivos, observancias estatales , nacionales y mundiales. Es el mes utilizado para darte un capricho y cuidarse a si mismo! <\/p>\n<p class=\"read-more-container\"><a class=\"button\" href=\"https:\/\/ccasa.org\/es\/sabias-enero-2024\/\">Lee mas<\/a><\/p>\n","protected":false},"author":150,"featured_media":14324,"comment_status":"closed","ping_status":"closed","sticky":false,"template":"","format":"standard","meta":{"_acf_changed":false,"footnotes":""},"categories":[464],"tags":[473,472,474],"class_list":["post-22003","post","type-post","status-publish","format-standard","has-post-thumbnail","hentry","category-sabias","tag-estadisticas","tag-la-salud","tag-recursos","resize-featured-image"],"acf":[],"yoast_head":"<!-- This site is optimized with the Yoast SEO plugin v27.4 - https:\/\/yoast.com\/product\/yoast-seo-wordpress\/ -->\n<title>Sabias Enero 2024 - Colorado Coalition Against Sexual Assault<\/title>\n<meta name=\"description\" content=\"CCASA blogs allow Colorado advocates and survivors to share the stories. We use our voices because staying silent isn\u2019t an option.\" \/>\n<meta name=\"robots\" content=\"index, follow, max-snippet:-1, max-image-preview:large, max-video-preview:-1\" \/>\n<link rel=\"canonical\" href=\"https:\/\/ccasa.org\/es\/sabias-enero-2024\/\" \/>\n<meta property=\"og:locale\" content=\"es_ES\" \/>\n<meta property=\"og:type\" content=\"article\" \/>\n<meta property=\"og:title\" content=\"Sabias Enero 2024 - Colorado Coalition Against Sexual Assault\" \/>\n<meta property=\"og:description\" content=\"CCASA blogs allow Colorado advocates and survivors to share the stories. We use our voices because staying silent isn\u2019t an option.\" \/>\n<meta property=\"og:url\" content=\"https:\/\/ccasa.org\/es\/sabias-enero-2024\/\" \/>\n<meta property=\"og:site_name\" content=\"Colorado Coalition Against Sexual Assault\" \/>\n<meta property=\"article:published_time\" content=\"2024-01-03T16:00:03+00:00\" \/>\n<meta property=\"article:modified_time\" content=\"2024-01-04T18:38:16+00:00\" \/>\n<meta property=\"og:image\" content=\"https:\/\/ccasa.org\/wp-content\/uploads\/2021\/01\/default-blog-image-2.jpg\" \/>\n\t<meta property=\"og:image:width\" content=\"845\" \/>\n\t<meta property=\"og:image:height\" content=\"400\" \/>\n\t<meta property=\"og:image:type\" content=\"image\/jpeg\" \/>\n<meta name=\"author\" content=\"Agueda Morgan\" \/>\n<meta name=\"twitter:card\" content=\"summary_large_image\" \/>\n<meta name=\"twitter:label1\" content=\"Escrito por\" \/>\n\t<meta name=\"twitter:data1\" content=\"Agueda Morgan\" \/>\n\t<meta name=\"twitter:label2\" content=\"Tiempo de lectura\" \/>\n\t<meta name=\"twitter:data2\" content=\"6 minutos\" \/>\n<script type=\"application\/ld+json\" class=\"yoast-schema-graph\">{\"@context\":\"https:\\\/\\\/schema.org\",\"@graph\":[{\"@type\":\"Article\",\"@id\":\"https:\\\/\\\/ccasa.org\\\/es\\\/sabias-enero-2024\\\/#article\",\"isPartOf\":{\"@id\":\"https:\\\/\\\/ccasa.org\\\/es\\\/sabias-enero-2024\\\/\"},\"author\":{\"name\":\"Agueda Morgan\",\"@id\":\"https:\\\/\\\/ccasa.org\\\/#\\\/schema\\\/person\\\/3de91310ab0177292ecee1894894334b\"},\"headline\":\"Sabias Enero 2024\",\"datePublished\":\"2024-01-03T16:00:03+00:00\",\"dateModified\":\"2024-01-04T18:38:16+00:00\",\"mainEntityOfPage\":{\"@id\":\"https:\\\/\\\/ccasa.org\\\/es\\\/sabias-enero-2024\\\/\"},\"wordCount\":1642,\"publisher\":{\"@id\":\"https:\\\/\\\/ccasa.org\\\/#organization\"},\"image\":{\"@id\":\"https:\\\/\\\/ccasa.org\\\/es\\\/sabias-enero-2024\\\/#primaryimage\"},\"thumbnailUrl\":\"https:\\\/\\\/ccasa.org\\\/wp-content\\\/uploads\\\/2021\\\/01\\\/default-blog-image-2.jpg\",\"keywords\":[\"estad\u00edsticas\",\"la salud\",\"recursos\"],\"articleSection\":[\"Sabias\"],\"inLanguage\":\"es\"},{\"@type\":\"WebPage\",\"@id\":\"https:\\\/\\\/ccasa.org\\\/es\\\/sabias-enero-2024\\\/\",\"url\":\"https:\\\/\\\/ccasa.org\\\/es\\\/sabias-enero-2024\\\/\",\"name\":\"Sabias Enero 2024 - Colorado Coalition Against Sexual Assault\",\"isPartOf\":{\"@id\":\"https:\\\/\\\/ccasa.org\\\/#website\"},\"primaryImageOfPage\":{\"@id\":\"https:\\\/\\\/ccasa.org\\\/es\\\/sabias-enero-2024\\\/#primaryimage\"},\"image\":{\"@id\":\"https:\\\/\\\/ccasa.org\\\/es\\\/sabias-enero-2024\\\/#primaryimage\"},\"thumbnailUrl\":\"https:\\\/\\\/ccasa.org\\\/wp-content\\\/uploads\\\/2021\\\/01\\\/default-blog-image-2.jpg\",\"datePublished\":\"2024-01-03T16:00:03+00:00\",\"dateModified\":\"2024-01-04T18:38:16+00:00\",\"description\":\"CCASA blogs allow Colorado advocates and survivors to share the stories. We use our voices because staying silent isn\u2019t an option.\",\"breadcrumb\":{\"@id\":\"https:\\\/\\\/ccasa.org\\\/es\\\/sabias-enero-2024\\\/#breadcrumb\"},\"inLanguage\":\"es\",\"potentialAction\":[{\"@type\":\"ReadAction\",\"target\":[\"https:\\\/\\\/ccasa.org\\\/es\\\/sabias-enero-2024\\\/\"]}]},{\"@type\":\"ImageObject\",\"inLanguage\":\"es\",\"@id\":\"https:\\\/\\\/ccasa.org\\\/es\\\/sabias-enero-2024\\\/#primaryimage\",\"url\":\"https:\\\/\\\/ccasa.org\\\/wp-content\\\/uploads\\\/2021\\\/01\\\/default-blog-image-2.jpg\",\"contentUrl\":\"https:\\\/\\\/ccasa.org\\\/wp-content\\\/uploads\\\/2021\\\/01\\\/default-blog-image-2.jpg\",\"width\":845,\"height\":400,\"caption\":\"CCASA Logo\"},{\"@type\":\"BreadcrumbList\",\"@id\":\"https:\\\/\\\/ccasa.org\\\/es\\\/sabias-enero-2024\\\/#breadcrumb\",\"itemListElement\":[{\"@type\":\"ListItem\",\"position\":1,\"name\":\"Home\",\"item\":\"https:\\\/\\\/ccasa.org\\\/es\\\/\"},{\"@type\":\"ListItem\",\"position\":2,\"name\":\"Sabias Enero 2024\"}]},{\"@type\":\"WebSite\",\"@id\":\"https:\\\/\\\/ccasa.org\\\/#website\",\"url\":\"https:\\\/\\\/ccasa.org\\\/\",\"name\":\"Colorado Coalition Against Sexual Assault\",\"description\":\"\",\"publisher\":{\"@id\":\"https:\\\/\\\/ccasa.org\\\/#organization\"},\"potentialAction\":[{\"@type\":\"SearchAction\",\"target\":{\"@type\":\"EntryPoint\",\"urlTemplate\":\"https:\\\/\\\/ccasa.org\\\/?s={search_term_string}\"},\"query-input\":{\"@type\":\"PropertyValueSpecification\",\"valueRequired\":true,\"valueName\":\"search_term_string\"}}],\"inLanguage\":\"es\"},{\"@type\":\"Organization\",\"@id\":\"https:\\\/\\\/ccasa.org\\\/#organization\",\"name\":\"Colorado Coalition Against Sexual Assault (CCASA)\",\"url\":\"https:\\\/\\\/ccasa.org\\\/\",\"logo\":{\"@type\":\"ImageObject\",\"inLanguage\":\"es\",\"@id\":\"https:\\\/\\\/ccasa.org\\\/#\\\/schema\\\/logo\\\/image\\\/\",\"url\":\"https:\\\/\\\/www.ccasa.org\\\/wp-content\\\/uploads\\\/2018\\\/05\\\/ccasa-logo-large_png.png\",\"contentUrl\":\"https:\\\/\\\/www.ccasa.org\\\/wp-content\\\/uploads\\\/2018\\\/05\\\/ccasa-logo-large_png.png\",\"width\":1920,\"height\":1080,\"caption\":\"Colorado Coalition Against Sexual Assault (CCASA)\"},\"image\":{\"@id\":\"https:\\\/\\\/ccasa.org\\\/#\\\/schema\\\/logo\\\/image\\\/\"}},{\"@type\":\"Person\",\"@id\":\"https:\\\/\\\/ccasa.org\\\/#\\\/schema\\\/person\\\/3de91310ab0177292ecee1894894334b\",\"name\":\"Agueda Morgan\",\"image\":{\"@type\":\"ImageObject\",\"inLanguage\":\"es\",\"@id\":\"https:\\\/\\\/secure.gravatar.com\\\/avatar\\\/2ba86ddc8186355ac63dfbbdc26e9ac96b41c9a0e5ebcdc9392be88eaa816e00?s=96&d=mm&r=g\",\"url\":\"https:\\\/\\\/secure.gravatar.com\\\/avatar\\\/2ba86ddc8186355ac63dfbbdc26e9ac96b41c9a0e5ebcdc9392be88eaa816e00?s=96&d=mm&r=g\",\"contentUrl\":\"https:\\\/\\\/secure.gravatar.com\\\/avatar\\\/2ba86ddc8186355ac63dfbbdc26e9ac96b41c9a0e5ebcdc9392be88eaa816e00?s=96&d=mm&r=g\",\"caption\":\"Agueda Morgan\"},\"url\":\"https:\\\/\\\/ccasa.org\\\/es\\\/author\\\/amorgan\\\/\"}]}<\/script>\n<!-- \/ Yoast SEO plugin. -->","yoast_head_json":{"title":"Sabias Enero 2024 - Colorado Coalition Against Sexual Assault","description":"CCASA blogs allow Colorado advocates and survivors to share the stories. We use our voices because staying silent isn\u2019t an option.","robots":{"index":"index","follow":"follow","max-snippet":"max-snippet:-1","max-image-preview":"max-image-preview:large","max-video-preview":"max-video-preview:-1"},"canonical":"https:\/\/ccasa.org\/es\/sabias-enero-2024\/","og_locale":"es_ES","og_type":"article","og_title":"Sabias Enero 2024 - Colorado Coalition Against Sexual Assault","og_description":"CCASA blogs allow Colorado advocates and survivors to share the stories. We use our voices because staying silent isn\u2019t an option.","og_url":"https:\/\/ccasa.org\/es\/sabias-enero-2024\/","og_site_name":"Colorado Coalition Against Sexual Assault","article_published_time":"2024-01-03T16:00:03+00:00","article_modified_time":"2024-01-04T18:38:16+00:00","og_image":[{"width":845,"height":400,"url":"https:\/\/ccasa.org\/wp-content\/uploads\/2021\/01\/default-blog-image-2.jpg","type":"image\/jpeg"}],"author":"Agueda Morgan","twitter_card":"summary_large_image","twitter_misc":{"Escrito por":"Agueda Morgan","Tiempo de lectura":"6 minutos"},"schema":{"@context":"https:\/\/schema.org","@graph":[{"@type":"Article","@id":"https:\/\/ccasa.org\/es\/sabias-enero-2024\/#article","isPartOf":{"@id":"https:\/\/ccasa.org\/es\/sabias-enero-2024\/"},"author":{"name":"Agueda Morgan","@id":"https:\/\/ccasa.org\/#\/schema\/person\/3de91310ab0177292ecee1894894334b"},"headline":"Sabias Enero 2024","datePublished":"2024-01-03T16:00:03+00:00","dateModified":"2024-01-04T18:38:16+00:00","mainEntityOfPage":{"@id":"https:\/\/ccasa.org\/es\/sabias-enero-2024\/"},"wordCount":1642,"publisher":{"@id":"https:\/\/ccasa.org\/#organization"},"image":{"@id":"https:\/\/ccasa.org\/es\/sabias-enero-2024\/#primaryimage"},"thumbnailUrl":"https:\/\/ccasa.org\/wp-content\/uploads\/2021\/01\/default-blog-image-2.jpg","keywords":["estad\u00edsticas","la salud","recursos"],"articleSection":["Sabias"],"inLanguage":"es"},{"@type":"WebPage","@id":"https:\/\/ccasa.org\/es\/sabias-enero-2024\/","url":"https:\/\/ccasa.org\/es\/sabias-enero-2024\/","name":"Sabias Enero 2024 - Colorado Coalition Against Sexual Assault","isPartOf":{"@id":"https:\/\/ccasa.org\/#website"},"primaryImageOfPage":{"@id":"https:\/\/ccasa.org\/es\/sabias-enero-2024\/#primaryimage"},"image":{"@id":"https:\/\/ccasa.org\/es\/sabias-enero-2024\/#primaryimage"},"thumbnailUrl":"https:\/\/ccasa.org\/wp-content\/uploads\/2021\/01\/default-blog-image-2.jpg","datePublished":"2024-01-03T16:00:03+00:00","dateModified":"2024-01-04T18:38:16+00:00","description":"CCASA blogs allow Colorado advocates and survivors to share the stories. We use our voices because staying silent isn\u2019t an option.","breadcrumb":{"@id":"https:\/\/ccasa.org\/es\/sabias-enero-2024\/#breadcrumb"},"inLanguage":"es","potentialAction":[{"@type":"ReadAction","target":["https:\/\/ccasa.org\/es\/sabias-enero-2024\/"]}]},{"@type":"ImageObject","inLanguage":"es","@id":"https:\/\/ccasa.org\/es\/sabias-enero-2024\/#primaryimage","url":"https:\/\/ccasa.org\/wp-content\/uploads\/2021\/01\/default-blog-image-2.jpg","contentUrl":"https:\/\/ccasa.org\/wp-content\/uploads\/2021\/01\/default-blog-image-2.jpg","width":845,"height":400,"caption":"CCASA Logo"},{"@type":"BreadcrumbList","@id":"https:\/\/ccasa.org\/es\/sabias-enero-2024\/#breadcrumb","itemListElement":[{"@type":"ListItem","position":1,"name":"Home","item":"https:\/\/ccasa.org\/es\/"},{"@type":"ListItem","position":2,"name":"Sabias Enero 2024"}]},{"@type":"WebSite","@id":"https:\/\/ccasa.org\/#website","url":"https:\/\/ccasa.org\/","name":"Colorado Coalition Against Sexual Assault","description":"","publisher":{"@id":"https:\/\/ccasa.org\/#organization"},"potentialAction":[{"@type":"SearchAction","target":{"@type":"EntryPoint","urlTemplate":"https:\/\/ccasa.org\/?s={search_term_string}"},"query-input":{"@type":"PropertyValueSpecification","valueRequired":true,"valueName":"search_term_string"}}],"inLanguage":"es"},{"@type":"Organization","@id":"https:\/\/ccasa.org\/#organization","name":"Colorado Coalition Against Sexual Assault (CCASA)","url":"https:\/\/ccasa.org\/","logo":{"@type":"ImageObject","inLanguage":"es","@id":"https:\/\/ccasa.org\/#\/schema\/logo\/image\/","url":"https:\/\/www.ccasa.org\/wp-content\/uploads\/2018\/05\/ccasa-logo-large_png.png","contentUrl":"https:\/\/www.ccasa.org\/wp-content\/uploads\/2018\/05\/ccasa-logo-large_png.png","width":1920,"height":1080,"caption":"Colorado Coalition Against Sexual Assault (CCASA)"},"image":{"@id":"https:\/\/ccasa.org\/#\/schema\/logo\/image\/"}},{"@type":"Person","@id":"https:\/\/ccasa.org\/#\/schema\/person\/3de91310ab0177292ecee1894894334b","name":"Agueda Morgan","image":{"@type":"ImageObject","inLanguage":"es","@id":"https:\/\/secure.gravatar.com\/avatar\/2ba86ddc8186355ac63dfbbdc26e9ac96b41c9a0e5ebcdc9392be88eaa816e00?s=96&d=mm&r=g","url":"https:\/\/secure.gravatar.com\/avatar\/2ba86ddc8186355ac63dfbbdc26e9ac96b41c9a0e5ebcdc9392be88eaa816e00?s=96&d=mm&r=g","contentUrl":"https:\/\/secure.gravatar.com\/avatar\/2ba86ddc8186355ac63dfbbdc26e9ac96b41c9a0e5ebcdc9392be88eaa816e00?s=96&d=mm&r=g","caption":"Agueda Morgan"},"url":"https:\/\/ccasa.org\/es\/author\/amorgan\/"}]}},"_links":{"self":[{"href":"https:\/\/ccasa.org\/es\/wp-json\/wp\/v2\/posts\/22003","targetHints":{"allow":["GET"]}}],"collection":[{"href":"https:\/\/ccasa.org\/es\/wp-json\/wp\/v2\/posts"}],"about":[{"href":"https:\/\/ccasa.org\/es\/wp-json\/wp\/v2\/types\/post"}],"author":[{"embeddable":true,"href":"https:\/\/ccasa.org\/es\/wp-json\/wp\/v2\/users\/150"}],"replies":[{"embeddable":true,"href":"https:\/\/ccasa.org\/es\/wp-json\/wp\/v2\/comments?post=22003"}],"version-history":[{"count":0,"href":"https:\/\/ccasa.org\/es\/wp-json\/wp\/v2\/posts\/22003\/revisions"}],"wp:featuredmedia":[{"embeddable":true,"href":"https:\/\/ccasa.org\/es\/wp-json\/wp\/v2\/media\/14324"}],"wp:attachment":[{"href":"https:\/\/ccasa.org\/es\/wp-json\/wp\/v2\/media?parent=22003"}],"wp:term":[{"taxonomy":"category","embeddable":true,"href":"https:\/\/ccasa.org\/es\/wp-json\/wp\/v2\/categories?post=22003"},{"taxonomy":"post_tag","embeddable":true,"href":"https:\/\/ccasa.org\/es\/wp-json\/wp\/v2\/tags?post=22003"}],"curies":[{"name":"wp","href":"https:\/\/api.w.org\/{rel}","templated":true}]}}