{"id":21897,"date":"2023-12-01T07:00:49","date_gmt":"2023-12-01T14:00:49","guid":{"rendered":"https:\/\/www.ccasa.org\/?p=21897"},"modified":"2023-11-15T14:33:04","modified_gmt":"2023-11-15T21:33:04","slug":"sabias-diciembre-2023","status":"publish","type":"post","link":"https:\/\/ccasa.org\/es\/sabias-diciembre-2023\/","title":{"rendered":"Sabias Diciembre 2023"},"content":{"rendered":"<div class=\"wpb-content-wrapper\"><p>[vc_row css=\u00bb.vc_custom_1612968358632{margin-top: 70px !important;}\u00bb][vc_column][vc_row_inner][vc_column_inner][vc_column_text]<\/p>\n<h2><strong>Observancias en Diciembre<\/strong><\/h2>\n<p>[\/vc_column_text][\/vc_column_inner][\/vc_row_inner][vc_row_inner equal_height=\u00bbyes\u00bb][vc_column_inner width=\u00bb1\/4&#8243;][vc_column_text css=\u00bb.vc_custom_1699477470758{margin-bottom: 0px !important;padding-top: 10px !important;padding-right: 10px !important;padding-bottom: 10px !important;padding-left: 10px !important;background-color: #ffffff !important;}\u00bb]<\/p>\n<p style=\"text-align: center;\"><strong>1 de Diciembre<\/strong><\/p>\n<p style=\"text-align: center;\">D\u00eda Mundial de la Lucha contra el SIDA<\/p>\n<p>[\/vc_column_text][\/vc_column_inner][vc_column_inner width=\u00bb1\/4&#8243;][vc_column_text css=\u00bb.vc_custom_1699477536599{margin-bottom: 0px !important;padding-top: 10px !important;padding-right: 10px !important;padding-bottom: 10px !important;padding-left: 10px !important;background-color: #ffffff !important;}\u00bb]<\/p>\n<p style=\"text-align: center;\"><strong>2 deDiciembre<br \/>\n<\/strong>D\u00eda Internacional de la Abolici\u00f3n de la Esclavitud<\/p>\n<p>[\/vc_column_text][\/vc_column_inner][vc_column_inner width=\u00bb1\/4&#8243;][vc_column_text css=\u00bb.vc_custom_1699477631940{margin-bottom: 0px !important;padding-top: 10px !important;padding-right: 10px !important;padding-bottom: 10px !important;padding-left: 10px !important;background-color: #ffffff !important;}\u00bb]<\/p>\n<p style=\"text-align: center;\"><strong>3 de Diciembre<br \/>\n<\/strong>D\u00eda Internacional de las Personas con Discapacidad<\/p>\n<p>[\/vc_column_text][\/vc_column_inner][vc_column_inner width=\u00bb1\/4&#8243;][vc_column_text css=\u00bb.vc_custom_1699477669773{margin-bottom: 0px !important;padding-top: 10px !important;padding-right: 10px !important;padding-bottom: 10px !important;padding-left: 10px !important;background-color: #ffffff !important;}\u00bb]<\/p>\n<p style=\"text-align: center;\"><strong>5 de Diciembre<br \/>\n<\/strong>D\u00eda Internacional de los Voluntarios<\/p>\n<p>[\/vc_column_text][\/vc_column_inner][\/vc_row_inner][vc_row_inner equal_height=\u00bbyes\u00bb][vc_column_inner width=\u00bb1\/4&#8243;][vc_column_text css=\u00bb.vc_custom_1699477739535{margin-bottom: 0px !important;padding-top: 10px !important;padding-right: 10px !important;padding-bottom: 10px !important;padding-left: 10px !important;background-color: #ffffff !important;}\u00bb]<\/p>\n<p style=\"text-align: center;\"><strong>7-15 de Diciembre<br \/>\n<\/strong>Januka\/Hanukkah<\/p>\n<p>[\/vc_column_text][\/vc_column_inner][vc_column_inner width=\u00bb1\/4&#8243;][vc_column_text css=\u00bb.vc_custom_1699477777946{margin-bottom: 0px !important;padding-top: 10px !important;padding-right: 10px !important;padding-bottom: 10px !important;padding-left: 10px !important;background-color: #ffffff !important;}\u00bb]<\/p>\n<p style=\"text-align: center;\"><strong>8 de Diciembre<br \/>\n<\/strong>D\u00eda de la Inmaculada Concepci\u00f3n<\/p>\n<p>[\/vc_column_text][\/vc_column_inner][vc_column_inner width=\u00bb1\/4&#8243;][vc_column_text css=\u00bb.vc_custom_1699477819035{margin-bottom: 0px !important;padding-top: 10px !important;padding-right: 10px !important;padding-bottom: 10px !important;padding-left: 10px !important;background-color: #ffffff !important;}\u00bb]<\/p>\n<p style=\"text-align: center;\"><strong>9 de Diciembre<br \/>\n<\/strong>D\u00eda Internacional contra la Corrupci\u00f3n<\/p>\n<p>[\/vc_column_text][\/vc_column_inner][vc_column_inner width=\u00bb1\/4&#8243;][vc_column_text css=\u00bb.vc_custom_1699477894270{padding-top: 10px !important;padding-right: 10px !important;padding-bottom: 10px !important;padding-left: 10px !important;background-color: #ffffff !important;}\u00bb]<\/p>\n<p style=\"text-align: center;\"><strong>10 de Diciembre<br \/>\n<\/strong>D\u00eda de los Derechos Humanos<\/p>\n<p>[\/vc_column_text][\/vc_column_inner][\/vc_row_inner][vc_row_inner equal_height=\u00bbyes\u00bb][vc_column_inner width=\u00bb1\/4&#8243;][vc_column_text css=\u00bb.vc_custom_1699477937840{margin-bottom: 0px !important;padding-top: 10px !important;padding-right: 10px !important;padding-bottom: 10px !important;padding-left: 10px !important;background-color: #ffffff !important;}\u00bb]<\/p>\n<p style=\"text-align: center;\"><strong>16-24 de Diciembre<br \/>\n<\/strong>Las Posadas<\/p>\n<p>[\/vc_column_text][\/vc_column_inner][vc_column_inner width=\u00bb1\/4&#8243;][vc_column_text css=\u00bb.vc_custom_1699477982248{margin-bottom: 0px !important;padding-top: 10px !important;padding-right: 10px !important;padding-bottom: 10px !important;padding-left: 10px !important;background-color: #ffffff !important;}\u00bb]<\/p>\n<p style=\"text-align: center;\"><strong>17 de Diciembre<\/strong><\/p>\n<p style=\"text-align: center;\">D\u00eda Internacional para poner fin a la violencia contra las trabajadoras sexuales<\/p>\n<p>[\/vc_column_text][\/vc_column_inner][vc_column_inner width=\u00bb1\/4&#8243;][vc_column_text css=\u00bb.vc_custom_1699478030580{margin-bottom: 0px !important;padding-top: 10px !important;padding-right: 10px !important;padding-bottom: 10px !important;padding-left: 10px !important;background-color: #ffffff !important;}\u00bb]<\/p>\n<p style=\"text-align: center;\"><strong>18 de Diciembre<br \/>\n<\/strong><\/p>\n<p style=\"text-align: center;\">D\u00eda Internacional del Migrante<\/p>\n<p>[\/vc_column_text][\/vc_column_inner][vc_column_inner width=\u00bb1\/4&#8243;][vc_column_text css=\u00bb.vc_custom_1699478096798{margin-bottom: 0px !important;padding-top: 10px !important;padding-right: 10px !important;padding-bottom: 10px !important;padding-left: 10px !important;background-color: #ffffff !important;}\u00bb]<\/p>\n<p style=\"text-align: center;\"><strong>20 de Diciembre<br \/>\n<\/strong>D\u00eda Internacional de la Solidaridad Humana<\/p>\n<p>[\/vc_column_text][\/vc_column_inner][\/vc_row_inner][vc_row_inner equal_height=\u00bbyes\u00bb][vc_column_inner width=\u00bb1\/4&#8243;][vc_column_text css=\u00bb.vc_custom_1699478130504{margin-bottom: 0px !important;padding-top: 10px !important;padding-right: 10px !important;padding-bottom: 10px !important;padding-left: 10px !important;background-color: #ffffff !important;}\u00bb]<\/p>\n<p style=\"text-align: center;\"><strong>22 de Diciembre<br \/>\n<\/strong><\/p>\n<p style=\"text-align: center;\">Solsticio de Invierno\/Yule<\/p>\n<p>[\/vc_column_text][\/vc_column_inner][vc_column_inner width=\u00bb1\/4&#8243;][vc_column_text css=\u00bb.vc_custom_1699478571471{margin-bottom: 0px !important;padding-top: 10px !important;padding-right: 10px !important;padding-bottom: 10px !important;padding-left: 10px !important;background-color: #ffffff !important;}\u00bb]<\/p>\n<p style=\"text-align: center;\"><strong>25 de Diciembre<br \/>\n<\/strong><\/p>\n<p style=\"text-align: center;\">Navidad<\/p>\n<p>[\/vc_column_text][\/vc_column_inner][vc_column_inner width=\u00bb1\/4&#8243;][vc_column_text]<\/p>\n<p style=\"text-align: center;\"><strong>\u00a026 de Diciembre- 1 de Enero<\/strong><\/p>\n<p style=\"text-align: center;\"><strong>KWANZAA<\/strong><\/p>\n<p>[\/vc_column_text][\/vc_column_inner][vc_column_inner width=\u00bb1\/4&#8243;][vc_column_text]<\/p>\n<p style=\"text-align: center;\"><strong>31 de Diciembre<\/strong><\/p>\n<p style=\"text-align: center;\">Noche Vieja<\/p>\n<p>[\/vc_column_text][\/vc_column_inner][\/vc_row_inner][\/vc_column][\/vc_row][vc_row css=\u00bb.vc_custom_1612968056872{margin-top: 32px !important;}\u00bb][vc_column][vc_column_text]<\/p>\n<h2 style=\"text-align: center;\"><strong>Aniversario del Arresto de Rosa Parks 1955<\/strong><\/h2>\n<p>[\/vc_column_text][vc_column_text]El 1 de diciembre de 1955, en Montgomery (Alabama), Rosa Louise McCauley Parks rechaz\u00f3 la orden del conductor de autob\u00fas James F. Blake de desocupar una fila de cuatro asientos en la secci\u00f3n de \u00abcolor\u00bb en favor de un pasajero blanco, una vez que se llenara la secci\u00f3n de \u00abblancos\u00bb. Rosa Parks no fue la primera persona en resistirse a la segregaci\u00f3n en los autobuses,pero la Asociaci\u00f3n Nacional para el Progreso de las Personas de Color (NAACP, por sus siglas en ingl\u00e9s) crey\u00f3 que era la mejor candidata para salir airosa de un recurso judicial tras su detenci\u00f3n por desobediencia civil al violar las leyes de segregaci\u00f3n de Alabama, y contribuy\u00f3 a inspirar a la comunidad negra para boicotear los autobuses de Montgomery durante m\u00e1s de un a\u00f1o.<\/p>\n<p>Rosa Parks fue una activista estadounidense del movimiento por los derechos civiles, conocida sobre todo por su papel fundamental en el boicot de autobuses de Montgomery. El Congreso de Estados Unidos la ha honrado como \u00abla primera dama de los derechos civiles\u00bb y \u00abla madre del movimiento por la libertad\u00bb. Parks se convirti\u00f3 en activista de la NAACP en 1943 y particip\u00f3 en varias campa\u00f1as de derechos civiles de gran repercusi\u00f3n. \u00a0La detenci\u00f3n por desobediencia civil al violar las leyes de segregaci\u00f3n de Alabama, ayud\u00f3 a inspirar a la comunidad negra a boicotear los autobuses de Montgomery durante m\u00e1s de un a\u00f1o. El caso qued\u00f3 empantanado en los tribunales estatales, pero el pleito federal de los autobuses de Montgomery, Browder contra Gayle, dio lugar a una decisi\u00f3n en noviembre de 1956, seg\u00fan la cual la segregaci\u00f3n en los autobuses es inconstitucional en virtud de la Cl\u00e1usula de Igual Protecci\u00f3n de la 14\u00aa Enmienda de la Constituci\u00f3n de EE.UU.<\/p>\n<p><em>\u00abLa gente siempre dice que no renunci\u00e9 a mi esca\u00f1o porque estaba cansado, pero eso no es cierto. No estaba cansado f\u00edsicamente, o no m\u00e1s cansado de lo que suelo estar al final de una jornada laboral. No era viejo, aunque algunas personas tienen una imagen de m\u00ed como si lo fuera entonces. Ten\u00eda cuarenta y dos a\u00f1os. No, el \u00fanico cansancio que ten\u00eda era el de ceder\u00bb.<\/em><\/p>\n<p>Tras su jubilaci\u00f3n, Parks escribi\u00f3 su autobiograf\u00eda y sigui\u00f3 insistiendo en que a\u00fan quedaba trabajo por hacer en la lucha por la justicia.<\/p>\n<p><strong>Source:<\/strong><\/p>\n<ul>\n<li>\u00abAn Act of Courage, The Arrest Records of Rosa Parks\u00bb. National Archives. August 15, 2015. Archived from the original on December 5, 2020. Retrieved December 1, 2020.<\/li>\n<li>National Women\u2019s History Museum \u201cRosa Parks\u201d by Arlisha Norwood, NWHM Fellow (2017). <a href=\"https:\/\/www.womenshistory.org\/education-resources\/biographies\/rosa-parks\">https:\/\/www.womenshistory.org\/education-resources\/biographies\/rosa-parks<\/a><\/li>\n<li>L.Tooltip Public Law (United States) 106\u201326 (text) (PDF). Retrieved November 13, 2011. The quoted passages can be seen by clicking through to the text or PDF.<\/li>\n<\/ul>\n<p>[\/vc_column_text][vc_video link=\u00bbhttps:\/\/www.youtube.com\/watch?v=6-KrLOM8YtY\u00bb title=\u00bbRosa Parks\u00bb][vc_empty_space height=\u00bb40px\u00bb][\/vc_column][\/vc_row][vc_row][vc_column][vc_column_text]<strong>D\u00eda Internacional de la Solidaridad Humana<\/strong>[\/vc_column_text][vc_column_text]<strong>El D\u00eda Internacional de la Solidaridad Humana es<\/strong>:<\/p>\n<ul>\n<li>Un d\u00eda para celebrar nuestra unidad en la diversidad;<\/li>\n<li>Un d\u00eda para recordar a los gobiernos que deben respetar sus compromisos con los acuerdos internacionales;<\/li>\n<li>Un d\u00eda para sensibilizar al p\u00fablico sobre la importancia de la solidaridad;<\/li>\n<li>Un d\u00eda para fomentar el debate sobre las maneras de promover la solidaridad para el logro de los Objetivos de Desarrollo Sostenible, entre otros, el objetivo de poner fin a la pobreza;<\/li>\n<li>Un d\u00eda para actuar y buscar nuevas iniciativas para la erradicaci\u00f3n de la pobreza.<\/li>\n<\/ul>\n<p>La Asamblea General de las Naciones Unidas, decidi\u00f3 proclamar el 20 de diciembre de cada a\u00f1o como D\u00eda Internacional de la Solidaridad Humana, a trav\u00e9s de su resoluci\u00f3n 60\/209 de fecha 22 de diciembre de 2005.[1] Al mismo tiempo, con el objetivo de erradicar la pobreza y promover el desarrollo humano y social en los pa\u00edses menos industrializados, en particular entre los segmentos m\u00e1s pobres de sus poblaciones, la Asamblea General cre\u00f3 el Fondo Mundial de Solidaridad, en su resoluci\u00f3n 57\/265.<\/p>\n<p>La solidaridad se identifica en la Declaraci\u00f3n del Milenio (PDF) como uno de los valores fundamentales para las relaciones internacionales en el siglo 21 y para que quienes sufren o tienen menos se beneficien de la ayuda de los m\u00e1s acomodados. En consecuencia, en el contexto de la globalizaci\u00f3n y el desaf\u00edo de la creciente desigualdad, el fortalecimiento de la solidaridad internacional es indispensable.<\/p>\n<p>Convencida de que la promoci\u00f3n de la cultura de la solidaridad y el esp\u00edritu de compartir es importante para la lucha contra la pobreza, la Asamblea General proclam\u00f3 el 20 de diciembre como D\u00eda Internacional de la Solidaridad Humana.<\/p>\n<p>A trav\u00e9s de iniciativas como la creaci\u00f3n del Fondo Mundial de Solidaridad para erradicar la pobreza y la proclamaci\u00f3n del D\u00eda Internacional de la Solidaridad Humana, este concepto fue promovido como crucial en la lucha contra la pobreza y en la participaci\u00f3n de todos los interesados pertinentes.<\/p>\n<p>Source:<\/p>\n<ul>\n<li>Naciones Unidas \u201cD\u00eda Internacional de la Solidaridad Humana, 20 de diciembre\u201d. <a href=\"https:\/\/www.un.org\/es\/observances\/human-solidarity-day\">https:\/\/www.un.org\/es\/observances\/human-solidarity-day<\/a><\/li>\n<li>CNDH Mexico \u201c20 diciembre ~ D\u00eda Internacional de la Solidaridad Humana\u201d <a href=\"https:\/\/www.cndh.org.mx\/derechos-humanos\/20-diciembre-dia-internacional-de-la-solidaridad-humana\">https:\/\/www.cndh.org.mx\/derechos-humanos\/20-diciembre-dia-internacional-de-la-solidaridad-humana<\/a><\/li>\n<\/ul>\n<p>[\/vc_column_text][vc_video link=\u00bbhttps:\/\/www.youtube.com\/watch?v=COkZFdQsrQA&amp;t=7s\u00bb title=\u00bbD\u00eda internacional de la solidaridad\u00bb][vc_empty_space height=\u00bb40px\u00bb][\/vc_column][\/vc_row][vc_row][vc_column][vc_column_text]<\/p>\n<h2><\/h2>\n<p style=\"text-align: center;\"><strong>Descubre Diversos d\u00edas festivos que puede celebrar durante el mes de Diciembre<\/strong><\/p>\n<p>[\/vc_column_text][vc_column_text]<\/p>\n<p><strong>\u00abNuestra capacidad para alcanzar la unidad en la diversidad ser\u00e1 la belleza y la prueba a nuestra civilizaci\u00f3n\u00bb. -Mahatma Gandhi<\/strong><\/p>\n<p>Calendario de la Diversidad 2023: en los \u00faltimos a\u00f1os, el mundo ha adquirido un mayor aprecio por la diversidad. Sin embargo, siempre podemos hacerlo mejor. Hemos visto la necesidad de mejorar en diversas \u00e9pocas de la historia, desde el Movimiento por los Derechos Civiles en los a\u00f1os sesenta hasta el Movimiento Black Lives Matter en la d\u00e9cada de 2020. Una sociedad pac\u00edfica y pr\u00f3spera depende de la diversidad y la inclusi\u00f3n.<\/p>\n<p>Por ello, las empresas y otros lugares de trabajo se esfuerzan por crear programas de diversidad, equidad e inclusi\u00f3n para garantizar que se valora a todos los empleados. Una forma de hacerlo es utilizar un calendario de diversidad con actos festivos y culturales.<\/p>\n<p><strong>Nota<\/strong>: a continuaci\u00f3n se ofrece una peque\u00f1a muestra de actos relacionados con la diversidad.<\/p>\n<p>Esperamos que este calendario le haya resultado \u00fatil en su b\u00fasqueda de DEI.<\/p>\n<ul>\n<li>Del 7 al 15 de diciembre &#8211; <strong>Hanukkah<\/strong>: Fiesta jud\u00eda que celebra el levantamiento de los jud\u00edos contra sus opresores greco-sirios en la Revuelta Macabea.<\/li>\n<li>Del 16 al 24 de diciembre &#8211; <strong>Las Posadas<\/strong>: Fiesta religiosa que se celebra en M\u00e9xico y parte de EE.UU. durante la \u00e9poca navide\u00f1a.<\/li>\n<li>22 de diciembre &#8211; <strong>Solsticio de invierno\/Yule<\/strong>: Fiesta celebrada por las religiones pagana y wiccana.<\/li>\n<li>25 de diciembre &#8211; <strong>Navidad<\/strong>: Fiesta cristiana que conmemora el nacimiento de Jesucristo, su Se\u00f1or y Salvador.<\/li>\n<li>Del 26 de diciembre al 1 de enero &#8211; <strong>Kwanzaa<\/strong>: Fiesta de 7 d\u00edas celebrada a menudo por los negros estadounidenses que se inspira en las celebraciones de la cosecha africana.<\/li>\n<\/ul>\n<p><strong>Article source: <\/strong>Diversity Calendar 2023 by Erich Toll.<\/p>\n<p><a href=\"https:\/\/www.diversityresources.com\/diversity-calendar-2023\/\">https:\/\/www.diversityresources.com\/diversity-calendar-2023\/<\/a>[\/vc_column_text][vc_empty_space height=\u00bb40px\u00bb][\/vc_column][\/vc_row][vc_row][vc_column][vc_column_text]<\/p>\n<div class=\"wpb_text_column wpb_content_element \">\n<div class=\"wpb_wrapper\">\n<h2><strong>ESTAD\u00cdSTICAS DE FRECUENCIA<\/strong><\/h2>\n<\/div>\n<\/div>\n<p>[\/vc_column_text][vc_column_text]<\/p>\n<p style=\"text-align: left;\"><strong>Datos sobre Justicia Social<\/strong><\/p>\n<p>Los cinco principios fundamentales de la justicia social son la equidad, los recursos, la diversidad, la participaci\u00f3n y los derechos humanos.<\/p>\n<p>Algunos de los problemas de justicia social m\u00e1s acuciantes son:<\/p>\n<p><strong>Desigualdad econ\u00f3mica<\/strong>: La brecha entre ricos y pobres es cada vez mayor en muchos pa\u00edses. Se trata de un importante problema de justicia social, que conduce a una falta de oportunidades para los pobres y marginados.<\/p>\n<p><strong>Injusticia racial<\/strong>: Las personas de color se ven desproporcionadamente afectadas por la pobreza, la delincuencia y la violencia, y sufren discriminaci\u00f3n en el empleo, la vivienda y la educaci\u00f3n.<\/p>\n<p><strong>Injusticia de g\u00e9nero:<\/strong> A las mujeres y las ni\u00f1as se les han negado hist\u00f3ricamente los mismos derechos y oportunidades que a los hombres, y sufren discriminaci\u00f3n en el trabajo, la educaci\u00f3n y la pol\u00edtica.<\/p>\n<p><strong>Injusticia por discapacidad<\/strong>: A las personas con discapacidad se les niegan a menudo los mismos derechos y oportunidades que a las personas sin discapacidad y sufren discriminaci\u00f3n en el trabajo y en sus comunidades.<\/p>\n<p><strong>Injusticia medioambiental<\/strong>: Las personas de color y las comunidades con bajos ingresos suelen verse desproporcionadamente afectadas por la contaminaci\u00f3n ambiental y los efectos del cambio clim\u00e1tico.<\/p>\n<p><strong>A continuaci\u00f3n figuran algunos datos sobre justicia social y desigualdad<\/strong>.<\/p>\n<ul>\n<li>A escala mundial, las mujeres s\u00f3lo ganan de media el 73% del salario de los hombres.<\/li>\n<li>Estados Unidos es el \u00fanico pa\u00eds desarrollado sin permiso de maternidad remunerado.<\/li>\n<li>Si las mujeres cobraran el mismo salario que los hombres, los \u00edndices de pobreza en todo el mundo se reducir\u00edan a la mitad.<\/li>\n<li>En Estados Unidos, el aumento del n\u00famero de mujeres encarceladas ha crecido m\u00e1s de un 750% desde 1980.<\/li>\n<li>M\u00e1s de 120 millones de ni\u00f1as que viven ahora mismo han sufrido violencia sexual en todo el mundo.<\/li>\n<li>Cada 10 minutos muere una adolescente a causa de la violencia.<\/li>\n<li>Por cada d\u00f3lar estadounidense invertido en la educaci\u00f3n de los ni\u00f1os menores de 3 a\u00f1os, se ganan hasta 9 d\u00f3lares en productividad futura.<\/li>\n<\/ul>\n<p>Juntos, Podemos trabajar para acelerar el acceso a las oportunidades econ\u00f3micas y eliminar las barreras que hist\u00f3ricamente se han interpuesto en el camino de la inclusion para crear comunidades m\u00e1s fuerte y m\u00e1s equitativa.<\/p>\n<p><strong>Sources:<\/strong><\/p>\n<ul>\n<li>Holiday calendar \u201cWorld Day of Social Justice- Facts About Social Justice\u201d (2012-2023). <a href=\"https:\/\/www.holidayscalendar.com\/event\/world-day-of-social-justice\/\">https:\/\/www.holidayscalendar.com\/event\/world-day-of-social-justice\/<\/a><\/li>\n<li>San Diego Foundation \u201cWhat is Social Justice?\u201d by SDF (2022).<\/li>\n<\/ul>\n<p><a href=\"https:\/\/www.sdfoundation.org\/news-events\/sdf-news\/what-is-social-justice\/\">https:\/\/www.sdfoundation.org\/news-events\/sdf-news\/what-is-social-justice\/<\/a>[\/vc_column_text][vc_empty_space][vc_column_text][\/vc_column_text][\/vc_column][\/vc_row][vc_row][vc_column][vc_column_text]<\/p>\n<p>[\/vc_column_text][\/vc_column][\/vc_row]<\/p>\n<\/div>","protected":false},"excerpt":{"rendered":"<p>Agosto, mes   dedicado al cuidado de ti mismo centrado en vacacionar o relajarte. Este mes esta lleno  de d\u00edas festivos, observancias estatales , nacionales y mundiales. Es el mes utilizado para darte un capricho y cuidarse a si mismo! <\/p>\n<p class=\"read-more-container\"><a class=\"button\" href=\"https:\/\/ccasa.org\/es\/sabias-diciembre-2023\/\">Lee mas<\/a><\/p>\n","protected":false},"author":150,"featured_media":14324,"comment_status":"closed","ping_status":"closed","sticky":false,"template":"","format":"standard","meta":{"_acf_changed":false,"footnotes":""},"categories":[464],"tags":[473,472,474],"class_list":["post-21897","post","type-post","status-publish","format-standard","has-post-thumbnail","hentry","category-sabias","tag-estadisticas","tag-la-salud","tag-recursos","resize-featured-image"],"acf":[],"yoast_head":"<!-- This site is optimized with the Yoast SEO plugin v27.4 - https:\/\/yoast.com\/product\/yoast-seo-wordpress\/ -->\n<title>Sabias Diciembre 2023 - Colorado Coalition Against Sexual Assault<\/title>\n<meta name=\"description\" content=\"CCASA blogs allow Colorado advocates and survivors to share the stories. We use our voices because staying silent isn\u2019t an option.\" \/>\n<meta name=\"robots\" content=\"index, follow, max-snippet:-1, max-image-preview:large, max-video-preview:-1\" \/>\n<link rel=\"canonical\" href=\"https:\/\/ccasa.org\/es\/sabias-diciembre-2023\/\" \/>\n<meta property=\"og:locale\" content=\"es_ES\" \/>\n<meta property=\"og:type\" content=\"article\" \/>\n<meta property=\"og:title\" content=\"Sabias Diciembre 2023 - Colorado Coalition Against Sexual Assault\" \/>\n<meta property=\"og:description\" content=\"CCASA blogs allow Colorado advocates and survivors to share the stories. We use our voices because staying silent isn\u2019t an option.\" \/>\n<meta property=\"og:url\" content=\"https:\/\/ccasa.org\/es\/sabias-diciembre-2023\/\" \/>\n<meta property=\"og:site_name\" content=\"Colorado Coalition Against Sexual Assault\" \/>\n<meta property=\"article:published_time\" content=\"2023-12-01T14:00:49+00:00\" \/>\n<meta property=\"og:image\" content=\"https:\/\/ccasa.org\/wp-content\/uploads\/2021\/01\/default-blog-image-2.jpg\" \/>\n\t<meta property=\"og:image:width\" content=\"845\" \/>\n\t<meta property=\"og:image:height\" content=\"400\" \/>\n\t<meta property=\"og:image:type\" content=\"image\/jpeg\" \/>\n<meta name=\"author\" content=\"Agueda Morgan\" \/>\n<meta name=\"twitter:card\" content=\"summary_large_image\" \/>\n<meta name=\"twitter:label1\" content=\"Escrito por\" \/>\n\t<meta name=\"twitter:data1\" content=\"Agueda Morgan\" \/>\n\t<meta name=\"twitter:label2\" content=\"Tiempo de lectura\" \/>\n\t<meta name=\"twitter:data2\" content=\"9 minutos\" \/>\n<script type=\"application\/ld+json\" class=\"yoast-schema-graph\">{\"@context\":\"https:\\\/\\\/schema.org\",\"@graph\":[{\"@type\":\"Article\",\"@id\":\"https:\\\/\\\/ccasa.org\\\/es\\\/sabias-diciembre-2023\\\/#article\",\"isPartOf\":{\"@id\":\"https:\\\/\\\/ccasa.org\\\/es\\\/sabias-diciembre-2023\\\/\"},\"author\":{\"name\":\"Agueda Morgan\",\"@id\":\"https:\\\/\\\/ccasa.org\\\/#\\\/schema\\\/person\\\/3de91310ab0177292ecee1894894334b\"},\"headline\":\"Sabias Diciembre 2023\",\"datePublished\":\"2023-12-01T14:00:49+00:00\",\"mainEntityOfPage\":{\"@id\":\"https:\\\/\\\/ccasa.org\\\/es\\\/sabias-diciembre-2023\\\/\"},\"wordCount\":2445,\"publisher\":{\"@id\":\"https:\\\/\\\/ccasa.org\\\/#organization\"},\"image\":{\"@id\":\"https:\\\/\\\/ccasa.org\\\/es\\\/sabias-diciembre-2023\\\/#primaryimage\"},\"thumbnailUrl\":\"https:\\\/\\\/ccasa.org\\\/wp-content\\\/uploads\\\/2021\\\/01\\\/default-blog-image-2.jpg\",\"keywords\":[\"estad\u00edsticas\",\"la salud\",\"recursos\"],\"articleSection\":[\"Sabias\"],\"inLanguage\":\"es\"},{\"@type\":\"WebPage\",\"@id\":\"https:\\\/\\\/ccasa.org\\\/es\\\/sabias-diciembre-2023\\\/\",\"url\":\"https:\\\/\\\/ccasa.org\\\/es\\\/sabias-diciembre-2023\\\/\",\"name\":\"Sabias Diciembre 2023 - Colorado Coalition Against Sexual Assault\",\"isPartOf\":{\"@id\":\"https:\\\/\\\/ccasa.org\\\/#website\"},\"primaryImageOfPage\":{\"@id\":\"https:\\\/\\\/ccasa.org\\\/es\\\/sabias-diciembre-2023\\\/#primaryimage\"},\"image\":{\"@id\":\"https:\\\/\\\/ccasa.org\\\/es\\\/sabias-diciembre-2023\\\/#primaryimage\"},\"thumbnailUrl\":\"https:\\\/\\\/ccasa.org\\\/wp-content\\\/uploads\\\/2021\\\/01\\\/default-blog-image-2.jpg\",\"datePublished\":\"2023-12-01T14:00:49+00:00\",\"description\":\"CCASA blogs allow Colorado advocates and survivors to share the stories. We use our voices because staying silent isn\u2019t an option.\",\"breadcrumb\":{\"@id\":\"https:\\\/\\\/ccasa.org\\\/es\\\/sabias-diciembre-2023\\\/#breadcrumb\"},\"inLanguage\":\"es\",\"potentialAction\":[{\"@type\":\"ReadAction\",\"target\":[\"https:\\\/\\\/ccasa.org\\\/es\\\/sabias-diciembre-2023\\\/\"]}]},{\"@type\":\"ImageObject\",\"inLanguage\":\"es\",\"@id\":\"https:\\\/\\\/ccasa.org\\\/es\\\/sabias-diciembre-2023\\\/#primaryimage\",\"url\":\"https:\\\/\\\/ccasa.org\\\/wp-content\\\/uploads\\\/2021\\\/01\\\/default-blog-image-2.jpg\",\"contentUrl\":\"https:\\\/\\\/ccasa.org\\\/wp-content\\\/uploads\\\/2021\\\/01\\\/default-blog-image-2.jpg\",\"width\":845,\"height\":400,\"caption\":\"CCASA Logo\"},{\"@type\":\"BreadcrumbList\",\"@id\":\"https:\\\/\\\/ccasa.org\\\/es\\\/sabias-diciembre-2023\\\/#breadcrumb\",\"itemListElement\":[{\"@type\":\"ListItem\",\"position\":1,\"name\":\"Home\",\"item\":\"https:\\\/\\\/ccasa.org\\\/es\\\/\"},{\"@type\":\"ListItem\",\"position\":2,\"name\":\"Sabias Diciembre 2023\"}]},{\"@type\":\"WebSite\",\"@id\":\"https:\\\/\\\/ccasa.org\\\/#website\",\"url\":\"https:\\\/\\\/ccasa.org\\\/\",\"name\":\"Colorado Coalition Against Sexual Assault\",\"description\":\"\",\"publisher\":{\"@id\":\"https:\\\/\\\/ccasa.org\\\/#organization\"},\"potentialAction\":[{\"@type\":\"SearchAction\",\"target\":{\"@type\":\"EntryPoint\",\"urlTemplate\":\"https:\\\/\\\/ccasa.org\\\/?s={search_term_string}\"},\"query-input\":{\"@type\":\"PropertyValueSpecification\",\"valueRequired\":true,\"valueName\":\"search_term_string\"}}],\"inLanguage\":\"es\"},{\"@type\":\"Organization\",\"@id\":\"https:\\\/\\\/ccasa.org\\\/#organization\",\"name\":\"Colorado Coalition Against Sexual Assault (CCASA)\",\"url\":\"https:\\\/\\\/ccasa.org\\\/\",\"logo\":{\"@type\":\"ImageObject\",\"inLanguage\":\"es\",\"@id\":\"https:\\\/\\\/ccasa.org\\\/#\\\/schema\\\/logo\\\/image\\\/\",\"url\":\"https:\\\/\\\/www.ccasa.org\\\/wp-content\\\/uploads\\\/2018\\\/05\\\/ccasa-logo-large_png.png\",\"contentUrl\":\"https:\\\/\\\/www.ccasa.org\\\/wp-content\\\/uploads\\\/2018\\\/05\\\/ccasa-logo-large_png.png\",\"width\":1920,\"height\":1080,\"caption\":\"Colorado Coalition Against Sexual Assault (CCASA)\"},\"image\":{\"@id\":\"https:\\\/\\\/ccasa.org\\\/#\\\/schema\\\/logo\\\/image\\\/\"}},{\"@type\":\"Person\",\"@id\":\"https:\\\/\\\/ccasa.org\\\/#\\\/schema\\\/person\\\/3de91310ab0177292ecee1894894334b\",\"name\":\"Agueda Morgan\",\"image\":{\"@type\":\"ImageObject\",\"inLanguage\":\"es\",\"@id\":\"https:\\\/\\\/secure.gravatar.com\\\/avatar\\\/2ba86ddc8186355ac63dfbbdc26e9ac96b41c9a0e5ebcdc9392be88eaa816e00?s=96&d=mm&r=g\",\"url\":\"https:\\\/\\\/secure.gravatar.com\\\/avatar\\\/2ba86ddc8186355ac63dfbbdc26e9ac96b41c9a0e5ebcdc9392be88eaa816e00?s=96&d=mm&r=g\",\"contentUrl\":\"https:\\\/\\\/secure.gravatar.com\\\/avatar\\\/2ba86ddc8186355ac63dfbbdc26e9ac96b41c9a0e5ebcdc9392be88eaa816e00?s=96&d=mm&r=g\",\"caption\":\"Agueda Morgan\"},\"url\":\"https:\\\/\\\/ccasa.org\\\/es\\\/author\\\/amorgan\\\/\"}]}<\/script>\n<!-- \/ Yoast SEO plugin. -->","yoast_head_json":{"title":"Sabias Diciembre 2023 - Colorado Coalition Against Sexual Assault","description":"CCASA blogs allow Colorado advocates and survivors to share the stories. We use our voices because staying silent isn\u2019t an option.","robots":{"index":"index","follow":"follow","max-snippet":"max-snippet:-1","max-image-preview":"max-image-preview:large","max-video-preview":"max-video-preview:-1"},"canonical":"https:\/\/ccasa.org\/es\/sabias-diciembre-2023\/","og_locale":"es_ES","og_type":"article","og_title":"Sabias Diciembre 2023 - Colorado Coalition Against Sexual Assault","og_description":"CCASA blogs allow Colorado advocates and survivors to share the stories. We use our voices because staying silent isn\u2019t an option.","og_url":"https:\/\/ccasa.org\/es\/sabias-diciembre-2023\/","og_site_name":"Colorado Coalition Against Sexual Assault","article_published_time":"2023-12-01T14:00:49+00:00","og_image":[{"width":845,"height":400,"url":"https:\/\/ccasa.org\/wp-content\/uploads\/2021\/01\/default-blog-image-2.jpg","type":"image\/jpeg"}],"author":"Agueda Morgan","twitter_card":"summary_large_image","twitter_misc":{"Escrito por":"Agueda Morgan","Tiempo de lectura":"9 minutos"},"schema":{"@context":"https:\/\/schema.org","@graph":[{"@type":"Article","@id":"https:\/\/ccasa.org\/es\/sabias-diciembre-2023\/#article","isPartOf":{"@id":"https:\/\/ccasa.org\/es\/sabias-diciembre-2023\/"},"author":{"name":"Agueda Morgan","@id":"https:\/\/ccasa.org\/#\/schema\/person\/3de91310ab0177292ecee1894894334b"},"headline":"Sabias Diciembre 2023","datePublished":"2023-12-01T14:00:49+00:00","mainEntityOfPage":{"@id":"https:\/\/ccasa.org\/es\/sabias-diciembre-2023\/"},"wordCount":2445,"publisher":{"@id":"https:\/\/ccasa.org\/#organization"},"image":{"@id":"https:\/\/ccasa.org\/es\/sabias-diciembre-2023\/#primaryimage"},"thumbnailUrl":"https:\/\/ccasa.org\/wp-content\/uploads\/2021\/01\/default-blog-image-2.jpg","keywords":["estad\u00edsticas","la salud","recursos"],"articleSection":["Sabias"],"inLanguage":"es"},{"@type":"WebPage","@id":"https:\/\/ccasa.org\/es\/sabias-diciembre-2023\/","url":"https:\/\/ccasa.org\/es\/sabias-diciembre-2023\/","name":"Sabias Diciembre 2023 - Colorado Coalition Against Sexual Assault","isPartOf":{"@id":"https:\/\/ccasa.org\/#website"},"primaryImageOfPage":{"@id":"https:\/\/ccasa.org\/es\/sabias-diciembre-2023\/#primaryimage"},"image":{"@id":"https:\/\/ccasa.org\/es\/sabias-diciembre-2023\/#primaryimage"},"thumbnailUrl":"https:\/\/ccasa.org\/wp-content\/uploads\/2021\/01\/default-blog-image-2.jpg","datePublished":"2023-12-01T14:00:49+00:00","description":"CCASA blogs allow Colorado advocates and survivors to share the stories. We use our voices because staying silent isn\u2019t an option.","breadcrumb":{"@id":"https:\/\/ccasa.org\/es\/sabias-diciembre-2023\/#breadcrumb"},"inLanguage":"es","potentialAction":[{"@type":"ReadAction","target":["https:\/\/ccasa.org\/es\/sabias-diciembre-2023\/"]}]},{"@type":"ImageObject","inLanguage":"es","@id":"https:\/\/ccasa.org\/es\/sabias-diciembre-2023\/#primaryimage","url":"https:\/\/ccasa.org\/wp-content\/uploads\/2021\/01\/default-blog-image-2.jpg","contentUrl":"https:\/\/ccasa.org\/wp-content\/uploads\/2021\/01\/default-blog-image-2.jpg","width":845,"height":400,"caption":"CCASA Logo"},{"@type":"BreadcrumbList","@id":"https:\/\/ccasa.org\/es\/sabias-diciembre-2023\/#breadcrumb","itemListElement":[{"@type":"ListItem","position":1,"name":"Home","item":"https:\/\/ccasa.org\/es\/"},{"@type":"ListItem","position":2,"name":"Sabias Diciembre 2023"}]},{"@type":"WebSite","@id":"https:\/\/ccasa.org\/#website","url":"https:\/\/ccasa.org\/","name":"Colorado Coalition Against Sexual Assault","description":"","publisher":{"@id":"https:\/\/ccasa.org\/#organization"},"potentialAction":[{"@type":"SearchAction","target":{"@type":"EntryPoint","urlTemplate":"https:\/\/ccasa.org\/?s={search_term_string}"},"query-input":{"@type":"PropertyValueSpecification","valueRequired":true,"valueName":"search_term_string"}}],"inLanguage":"es"},{"@type":"Organization","@id":"https:\/\/ccasa.org\/#organization","name":"Colorado Coalition Against Sexual Assault (CCASA)","url":"https:\/\/ccasa.org\/","logo":{"@type":"ImageObject","inLanguage":"es","@id":"https:\/\/ccasa.org\/#\/schema\/logo\/image\/","url":"https:\/\/www.ccasa.org\/wp-content\/uploads\/2018\/05\/ccasa-logo-large_png.png","contentUrl":"https:\/\/www.ccasa.org\/wp-content\/uploads\/2018\/05\/ccasa-logo-large_png.png","width":1920,"height":1080,"caption":"Colorado Coalition Against Sexual Assault (CCASA)"},"image":{"@id":"https:\/\/ccasa.org\/#\/schema\/logo\/image\/"}},{"@type":"Person","@id":"https:\/\/ccasa.org\/#\/schema\/person\/3de91310ab0177292ecee1894894334b","name":"Agueda Morgan","image":{"@type":"ImageObject","inLanguage":"es","@id":"https:\/\/secure.gravatar.com\/avatar\/2ba86ddc8186355ac63dfbbdc26e9ac96b41c9a0e5ebcdc9392be88eaa816e00?s=96&d=mm&r=g","url":"https:\/\/secure.gravatar.com\/avatar\/2ba86ddc8186355ac63dfbbdc26e9ac96b41c9a0e5ebcdc9392be88eaa816e00?s=96&d=mm&r=g","contentUrl":"https:\/\/secure.gravatar.com\/avatar\/2ba86ddc8186355ac63dfbbdc26e9ac96b41c9a0e5ebcdc9392be88eaa816e00?s=96&d=mm&r=g","caption":"Agueda Morgan"},"url":"https:\/\/ccasa.org\/es\/author\/amorgan\/"}]}},"_links":{"self":[{"href":"https:\/\/ccasa.org\/es\/wp-json\/wp\/v2\/posts\/21897","targetHints":{"allow":["GET"]}}],"collection":[{"href":"https:\/\/ccasa.org\/es\/wp-json\/wp\/v2\/posts"}],"about":[{"href":"https:\/\/ccasa.org\/es\/wp-json\/wp\/v2\/types\/post"}],"author":[{"embeddable":true,"href":"https:\/\/ccasa.org\/es\/wp-json\/wp\/v2\/users\/150"}],"replies":[{"embeddable":true,"href":"https:\/\/ccasa.org\/es\/wp-json\/wp\/v2\/comments?post=21897"}],"version-history":[{"count":0,"href":"https:\/\/ccasa.org\/es\/wp-json\/wp\/v2\/posts\/21897\/revisions"}],"wp:featuredmedia":[{"embeddable":true,"href":"https:\/\/ccasa.org\/es\/wp-json\/wp\/v2\/media\/14324"}],"wp:attachment":[{"href":"https:\/\/ccasa.org\/es\/wp-json\/wp\/v2\/media?parent=21897"}],"wp:term":[{"taxonomy":"category","embeddable":true,"href":"https:\/\/ccasa.org\/es\/wp-json\/wp\/v2\/categories?post=21897"},{"taxonomy":"post_tag","embeddable":true,"href":"https:\/\/ccasa.org\/es\/wp-json\/wp\/v2\/tags?post=21897"}],"curies":[{"name":"wp","href":"https:\/\/api.w.org\/{rel}","templated":true}]}}