{"id":21805,"date":"2023-11-01T06:00:41","date_gmt":"2023-11-01T12:00:41","guid":{"rendered":"https:\/\/www.ccasa.org\/?p=21805"},"modified":"2023-10-09T10:22:36","modified_gmt":"2023-10-09T16:22:36","slug":"sabias-noviembre-2023","status":"publish","type":"post","link":"https:\/\/ccasa.org\/es\/sabias-noviembre-2023\/","title":{"rendered":"Sabias Noviembre 2023"},"content":{"rendered":"<div class=\"wpb-content-wrapper\"><p>[vc_row css=\u00bb.vc_custom_1612968358632{margin-top: 70px !important;}\u00bb][vc_column][vc_row_inner][vc_column_inner][vc_column_text]<\/p>\n<h2><strong>Observancias en Noviembre<\/strong><\/h2>\n<p>[\/vc_column_text][\/vc_column_inner][\/vc_row_inner][vc_row_inner equal_height=\u00bbyes\u00bb][vc_column_inner width=\u00bb1\/4&#8243;][vc_column_text css=\u00bb.vc_custom_1696864157107{margin-bottom: 0px !important;padding-top: 10px !important;padding-right: 10px !important;padding-bottom: 10px !important;padding-left: 10px !important;background-color: #ffffff !important;}\u00bb]<\/p>\n<p style=\"text-align: center;\"><strong>1 de Noviembre<\/strong><\/p>\n<p style=\"text-align: center;\">D\u00eda de Todos los Santos<\/p>\n<p>[\/vc_column_text][\/vc_column_inner][vc_column_inner width=\u00bb1\/4&#8243;][vc_column_text css=\u00bb.vc_custom_1696864249242{margin-bottom: 0px !important;padding-top: 10px !important;padding-right: 10px !important;padding-bottom: 10px !important;padding-left: 10px !important;background-color: #ffffff !important;}\u00bb]<\/p>\n<p style=\"text-align: center;\"><strong>2 de Noviembre<br \/>\n<\/strong>D\u00eda de los Muertos &amp;<\/p>\n<p style=\"text-align: center;\">D\u00eda Nacional de Concientizaci\u00f3n sobre el Estr\u00e9s (EE. UU.)<\/p>\n<p>[\/vc_column_text][vc_single_image image=\u00bb21826&#8243; img_size=\u00bbfull\u00bb alignment=\u00bbcenter\u00bb css=\u00bb.vc_custom_1696864299180{padding-bottom: 10px !important;background-color: #ffffff !important;}\u00bb][\/vc_column_inner][vc_column_inner width=\u00bb1\/4&#8243;][vc_column_text css=\u00bb.vc_custom_1696864357930{margin-bottom: 0px !important;padding-top: 10px !important;padding-right: 10px !important;padding-bottom: 10px !important;padding-left: 10px !important;background-color: #ffffff !important;}\u00bb]<\/p>\n<p style=\"text-align: center;\"><strong>3 de Noviembre<br \/>\n<\/strong>D\u00eda Internacional contra la Violencia y el Acoso Escolar<\/p>\n<p>[\/vc_column_text][\/vc_column_inner][vc_column_inner width=\u00bb1\/4&#8243;][vc_column_text css=\u00bb.vc_custom_1696864389952{margin-bottom: 0px !important;padding-top: 10px !important;padding-right: 10px !important;padding-bottom: 10px !important;padding-left: 10px !important;background-color: #ffffff !important;}\u00bb]<\/p>\n<p style=\"text-align: center;\"><strong>5 de Noviembre<br \/>\n<\/strong>D\u00eda Internacional de las Personas Cuidadoras<\/p>\n<p>[\/vc_column_text][\/vc_column_inner][\/vc_row_inner][vc_row_inner equal_height=\u00bbyes\u00bb][vc_column_inner width=\u00bb1\/4&#8243;][vc_column_text css=\u00bb.vc_custom_1696867299462{margin-bottom: 0px !important;padding-top: 10px !important;padding-right: 10px !important;padding-bottom: 10px !important;padding-left: 10px !important;background-color: #ffffff !important;}\u00bb]<\/p>\n<p style=\"text-align: center;\"><strong>6 de Noviembre<br \/>\n<\/strong>D\u00eda para prevenir la explotaci\u00f3n del Medio Ambiente en la guerra y los conflictos armados<\/p>\n<p>[\/vc_column_text][\/vc_column_inner][vc_column_inner width=\u00bb1\/4&#8243;][vc_column_text css=\u00bb.vc_custom_1696867339238{margin-bottom: 0px !important;padding-top: 10px !important;padding-right: 10px !important;padding-bottom: 10px !important;padding-left: 10px !important;background-color: #ffffff !important;}\u00bb]<\/p>\n<p style=\"text-align: center;\"><strong>8 de Noviembre<br \/>\n<\/strong>D\u00eda de Solidaridad Intersexual<\/p>\n<p>[\/vc_column_text][\/vc_column_inner][vc_column_inner width=\u00bb1\/4&#8243;][vc_column_text css=\u00bb.vc_custom_1696867594886{margin-bottom: 0px !important;padding-top: 10px !important;padding-right: 10px !important;padding-bottom: 10px !important;padding-left: 10px !important;background-color: #ffffff !important;}\u00bb]<\/p>\n<p style=\"text-align: center;\"><strong>9 de Noviembre<br \/>\n<\/strong>D\u00eda internacional de la lucha contra el Fascismo y el Antisemitismo<\/p>\n<p>[\/vc_column_text][vc_single_image image=\u00bb21828&#8243; img_size=\u00bbfull\u00bb alignment=\u00bbcenter\u00bb css=\u00bb.vc_custom_1696867637507{padding-bottom: 10px !important;background-color: #ffffff !important;}\u00bb][\/vc_column_inner][vc_column_inner width=\u00bb1\/4&#8243;][vc_column_text css=\u00bb.vc_custom_1696867679308{padding-top: 10px !important;padding-right: 10px !important;padding-bottom: 10px !important;padding-left: 10px !important;background-color: #ffffff !important;}\u00bb]<\/p>\n<p style=\"text-align: center;\"><strong>11 de Noviembre<br \/>\n<\/strong>D\u00eda de los Veteranos<\/p>\n<p>[\/vc_column_text][\/vc_column_inner][\/vc_row_inner][vc_row_inner equal_height=\u00bbyes\u00bb][vc_column_inner width=\u00bb1\/4&#8243;][vc_column_text css=\u00bb.vc_custom_1696867733684{margin-bottom: 0px !important;padding-top: 10px !important;padding-right: 10px !important;padding-bottom: 10px !important;padding-left: 10px !important;background-color: #ffffff !important;}\u00bb]<\/p>\n<p style=\"text-align: center;\"><strong>14 de Noviembre<br \/>\n<\/strong>D\u00eda Internacional contra el tr\u00e1fico il\u00edcito de Bienes Culturales<\/p>\n<p style=\"text-align: center;\">\u00a0&amp; D\u00eda Mundial de los Hu\u00e9rfanos<\/p>\n<p>[\/vc_column_text][\/vc_column_inner][vc_column_inner width=\u00bb1\/4&#8243;][vc_column_text css=\u00bb.vc_custom_1696867792261{margin-bottom: 0px !important;padding-top: 10px !important;padding-right: 10px !important;padding-bottom: 10px !important;padding-left: 10px !important;background-color: #ffffff !important;}\u00bb]<\/p>\n<p style=\"text-align: center;\"><strong>16 de Noviembre<\/strong><\/p>\n<p style=\"text-align: center;\">D\u00eda Internacional para la Tolerancia &amp;<\/p>\n<p style=\"text-align: center;\">D\u00eda Internacional del Patrimonio Mundial<\/p>\n<p>[\/vc_column_text][\/vc_column_inner][vc_column_inner width=\u00bb1\/4&#8243;][vc_column_text css=\u00bb.vc_custom_1696867834603{margin-bottom: 0px !important;padding-top: 10px !important;padding-right: 10px !important;padding-bottom: 10px !important;padding-left: 10px !important;background-color: #ffffff !important;}\u00bb]<\/p>\n<p style=\"text-align: center;\"><strong>19 de Noviembre<br \/>\n<\/strong><\/p>\n<p style=\"text-align: center;\">D\u00eda Internacional de la Mujer Emprendedora<\/p>\n<p>[\/vc_column_text][vc_single_image image=\u00bb21830&#8243; img_size=\u00bbfull\u00bb alignment=\u00bbcenter\u00bb][\/vc_column_inner][vc_column_inner width=\u00bb1\/4&#8243;][vc_column_text css=\u00bb.vc_custom_1696867959948{margin-bottom: 0px !important;padding-top: 10px !important;padding-right: 10px !important;padding-bottom: 10px !important;padding-left: 10px !important;background-color: #ffffff !important;}\u00bb]<\/p>\n<p style=\"text-align: center;\"><strong>20 de Noviembre<br \/>\n<\/strong>D\u00eda Universal del Ni\u00f1o &amp;<\/p>\n<p style=\"text-align: center;\">D\u00eda del Recuerdo de las Personas Transg\u00e9nero<\/p>\n<p>[\/vc_column_text][\/vc_column_inner][\/vc_row_inner][vc_row_inner equal_height=\u00bbyes\u00bb][vc_column_inner width=\u00bb1\/4&#8243;][vc_column_text css=\u00bb.vc_custom_1696868009675{margin-bottom: 0px !important;padding-top: 10px !important;padding-right: 10px !important;padding-bottom: 10px !important;padding-left: 10px !important;background-color: #ffffff !important;}\u00bb]<\/p>\n<p style=\"text-align: center;\"><strong>21 de Noviembre<br \/>\n<\/strong><\/p>\n<p style=\"text-align: center;\">D\u00eda Mundial del Hola<\/p>\n<p>[\/vc_column_text][vc_single_image image=\u00bb21832&#8243; img_size=\u00bbfull\u00bb alignment=\u00bbcenter\u00bb][\/vc_column_inner][vc_column_inner width=\u00bb1\/4&#8243;][vc_column_text css=\u00bb.vc_custom_1696868055883{margin-bottom: 0px !important;padding-top: 10px !important;padding-right: 10px !important;padding-bottom: 10px !important;padding-left: 10px !important;background-color: #ffffff !important;}\u00bb]<\/p>\n<p style=\"text-align: center;\"><strong>23 de Noviembre<br \/>\n<\/strong><\/p>\n<p style=\"text-align: center;\">D\u00eda de Acci\u00f3n de Gracias<\/p>\n<p>[\/vc_column_text][\/vc_column_inner][vc_column_inner width=\u00bb1\/4&#8243;][vc_column_text]<\/p>\n<p style=\"text-align: center;\"><strong>\u00a024 de Noviembre<\/strong><\/p>\n<p style=\"text-align: center;\">D\u00eda de la Herencia Nativa Americana<\/p>\n<p>[\/vc_column_text][\/vc_column_inner][vc_column_inner width=\u00bb1\/4&#8243;][vc_column_text]<\/p>\n<p style=\"text-align: center;\"><strong>25 de Noviembre<\/strong><\/p>\n<p style=\"text-align: center;\">D\u00eda Internacional para la Eliminaci\u00f3n de la Violencia contra la Mujer<\/p>\n<p>[\/vc_column_text][\/vc_column_inner][\/vc_row_inner][\/vc_column][\/vc_row][vc_row css=\u00bb.vc_custom_1612968056872{margin-top: 32px !important;}\u00bb][vc_column][vc_column_text]<\/p>\n<h2 style=\"text-align: center;\"><strong>D\u00eda Internacional de Concientizaci\u00f3n sobre el Estr\u00e9s<\/strong><\/h2>\n<p>[\/vc_column_text][vc_column_text]El 2 de noviembre de 2022 es el D\u00eda Internacional de Concientizaci\u00f3n sobre el<img loading=\"lazy\" decoding=\"async\" class=\"size-medium wp-image-21808 alignright\" src=\"https:\/\/www.ccasa.org\/wp-content\/uploads\/2023\/10\/Estres-pic-for-banner--300x300.png\" alt=\"\" width=\"300\" height=\"300\" \/> Estr\u00e9s, declarado por la Asociaci\u00f3n Internacional de Manejo del Estr\u00e9s.<\/p>\n<p>En ocasiones la vida puede ser estresante. Puedes sentirte estresado por tu rendimiento en el trabajo, en la escuela, eventos traum\u00e1ticos (como una pandemia, una cat\u00e1strofe natural o un acto de violencia), o bien, un cambio muy importante en tu vida. Todos nos sentimos estresados de vez en cuando y es una parte natural de nuestras vidas cotidianas.<\/p>\n<p>Pero primero, definamos \u00bfqu\u00e9 es el estr\u00e9s?: Es la respuesta f\u00edsica, mental o emocional a una causa externa y puede provenir de cualquier situaci\u00f3n o pensamiento que lo haga sentir a uno frustrado, furioso o nervioso. El estr\u00e9s es la reacci\u00f3n de su cuerpo a un desaf\u00edo o demanda, que puede ser desencadenado por cualquier asunto que demande m\u00e1s de nuestra atenci\u00f3n, desde trabajar hasta tarde y quedar atascado en el tr\u00e1fico, hasta cambios serios de la vida tales como una muerte, divorcio o enfermedad. En peque\u00f1os episodios el estr\u00e9s puede ser positivo, como cuando te ayuda a evitar el peligro o cumplir con una fecha l\u00edmite. Pero cuando el estr\u00e9s dura mucho tiempo, puede da\u00f1ar tu salud.<\/p>\n<p>Y por ello es importante mencionar estos dos tipos principales de estr\u00e9s:<\/p>\n<p>* <strong>Estr\u00e9s agudo<\/strong>. Este es a corto plazo y desaparece r\u00e1pidamente. Por ejemplo cuando frenas de repente el autom\u00f3vil o cuando tienes una peque\u00f1a pelea con tu pareja. Tambi\u00e9n ocurre cuando haces algo nuevo o emocionante, c\u00f3mo tirarse de un paraca\u00eddas. Todos sentimos estr\u00e9s agudo en alg\u00fan momento u otro.<\/p>\n<p>* <strong>Estr\u00e9s cr\u00f3nico<\/strong>. Este es el estr\u00e9s que dura por un per\u00edodo de tiempo prolongado. Puedes tener estr\u00e9s cr\u00f3nico si tienes problemas de dinero, infelicidad con tu pareja o problemas en el trabajo. Cualquier tipo de estr\u00e9s que contin\u00faa por semanas o meses es estr\u00e9s cr\u00f3nico; y durante un per\u00edodo prolongado de tiempo puede provocar problemas de salud m\u00e1s graves, por lo que es importante reconocerlos y tratarlos adecuadamente.<\/p>\n<p><strong>Las causas del estr\u00e9s<\/strong> son diferentes para cada persona. Una puede tener estr\u00e9s a causa de buenos desaf\u00edos y tambi\u00e9n a causa de los malos. Algunas de las m\u00e1s comunes son:<img loading=\"lazy\" decoding=\"async\" class=\"size-medium wp-image-21806 alignright\" src=\"https:\/\/www.ccasa.org\/wp-content\/uploads\/2023\/10\/El-estres--300x300.png\" alt=\"\" width=\"300\" height=\"300\" \/><\/p>\n<ul>\n<li>Casarse o divorciarse<\/li>\n<li>Empezar un empleo nuevo.<\/li>\n<li>La muerte de un familiar cercano<\/li>\n<li>Despido \/ Jubilaci\u00f3n<\/li>\n<li>Tener un beb\u00e9<\/li>\n<li>Problemas de dinero<\/li>\n<li>Problemas en el trabajo<\/li>\n<li>Problemas en casa<\/li>\n<li>Enfermedad o lesi\u00f3n cr\u00f3nica<\/li>\n<li>Depresi\u00f3n<\/li>\n<li>Ansiedad<\/li>\n<li>Culpa<\/li>\n<li>Cuidar de un familiar anciano o enfermo<\/li>\n<li>Desastre natural<\/li>\n<li>Violencia contra usted o un ser querido<\/li>\n<\/ul>\n<p>El estr\u00e9s puede hacer que las personas se sientan y act\u00faen de manera diferente.\u00a0 Una persona que se siente estresada puede parecer que est\u00e1 enojada, desmotivada o deprimida constantemente.\u00a0 Pueden dormir demasiado o tener problemas para dormir.\u00a0 Tambi\u00e9n suelen ser personas que est\u00e1n constantemente preocupados.<\/p>\n<p>En lo personal, durante muchos a\u00f1os sufr\u00ed de estr\u00e9s cr\u00f3nico, debido a las responsabilidades laborales, siempre me tom\u00e9 de forma muy personal los retos en el trabajo y no descansaba hasta lograrlos. Con el tiempo me di cuenta que esto afectaba mi estado de \u00e1nimo, mi salud mental y hasta la f\u00edsica, porque comenc\u00e9 a desarrollar un cansancio cr\u00f3nico tambi\u00e9n. No siempre se puede evitar el estr\u00e9s en la vida, pero podemos aprender a manejarlo mejor. Entonces recurr\u00ed a seguir algunos pasos que convert\u00ed en mi rutina diaria, para tratar de controlar mi estr\u00e9s. Aqu\u00ed te comparto algunos puntos:<\/p>\n<ul>\n<li>Establecer prioridades. Es importante decidir qu\u00e9 cosas se deben hacer y qu\u00e9 cosas pueden esperar, y tambi\u00e9n a aprender a decir NO a tareas nuevas si es que estamos ya abrumados.<\/li>\n<li>Aumentar la conciencia de que el estr\u00e9s est\u00e1 presente en nuestras vidas. Hay que aceptar que te sientes estresado y est\u00e1 teniendo mayores afectaciones en tu vida; hacer conciencia es primordial.<\/li>\n<li>Crear un plan para hacer frente a esas cosas que nos presionan tanto. La organizaci\u00f3n es vital en este punto. Te recomiendo destinar un per\u00edodo de tiempo para crear un plan, una rutina que ayude a lograr las actividades diarias y objetivos. Puedes hacerte de una agenda o utilizar la de tu celular; la idea es que programes con horarios las actividades que tienes que llevar a cabo durante el d\u00eda.<\/li>\n<li>Mantenerse en contacto con personas que pueden proporcionar apoyo emocional. Rodearse de los buenos amigos, la familia u organizaciones que te ayuden a reducir el estr\u00e9s siempre ser\u00e1n pilares para sobrellevar este sentimiento. Lo importante aqu\u00ed es saber elegir adecuadamente a estas personas.<\/li>\n<li>Evitar pensar obsesivamente en los problemas. Hay que enfocarse en lo que se ha logrado, no en lo que no se ha podido hacer.<\/li>\n<li>Hacer cosas que te hagan feliz y dichoso. Si tienes un equipo de trabajo, te recomiendo que reserves tiempo para hacer una actividad divertida con ellos, que haga re\u00edr a todos, que los integre y pasen un momento muy agradable. De forma individual podr\u00edas realizar alguna actividad que te produzca felicidad, c\u00f3mo hacer yoga, ir al cine o a un concierto.<\/li>\n<\/ul>\n<p>Te invito a practicar los puntos anteriores, y ver\u00e1s que un poco de tiempo y la pr\u00e1ctica lograr\u00e1s controlar ese sentimiento de estr\u00e9s que en ocasiones puede llegar a ser abrumante.<\/p>\n<p>Lo m\u00e1s importante en esta vida es ser feliz, a tu manera y con todo lo que eres. No te preocupes por lo que no puedes cambiar y no te olvides de disfrutar cada minuto del camino.<\/p>\n<p><strong>Article source:<\/strong> \u201cD\u00eda Internacional de Concientizaci\u00f3n sobre el Estr\u00e9s\u201d escrito por Claudia Von Borstel | November 24, 2022.<\/p>\n<p><a href=\"https:\/\/bienestardc.org\/blog\/dia-internacional-de-concientizacion-sobre-el-estres\/\">https:\/\/bienestardc.org\/blog\/dia-internacional-de-concientizacion-sobre-el-estres\/<\/a>[\/vc_column_text][vc_video link=\u00bbhttps:\/\/www.youtube.com\/watch?v=87pMUqmgWGE&amp;t=7s\u00bb title=\u00bbEl estr\u00e9s\u00bb][vc_empty_space height=\u00bb40px\u00bb][\/vc_column][\/vc_row][vc_row][vc_column][vc_column_text]<strong>D\u00eda Internacional contra el Fascismo y el Antisemitismo<\/strong>[\/vc_column_text][vc_column_text]Cada 9 de noviembre se conmemora el D\u00eda Internacional contra el Fascismo y el Antisemitismo, una efem\u00e9ride que pretende dar a conocer que el fascismo y<img loading=\"lazy\" decoding=\"async\" class=\"size-medium wp-image-21811 alignright\" src=\"https:\/\/www.ccasa.org\/wp-content\/uploads\/2023\/10\/Picture1-300x225.jpg\" alt=\"\" width=\"300\" height=\"225\" \/> el antisemitismo en la actualidad contin\u00faan atentando contra las minor\u00edas raciales, \u00e9tnicas y religiosas.<\/p>\n<p>Con la celebraci\u00f3n de este D\u00eda Internacional se ejerce una en\u00e9rgica protesta contra cualquier acci\u00f3n racista y discriminatoria, haciendo un llamamiento al respeto a la diversidad de pensamiento y las minor\u00edas.<\/p>\n<p><strong>El Fascismo y el Antisemitismo en la actualidad<\/strong><\/p>\n<p>En la actualidad se observa el incremento de los movimientos racistas, fascistas y neonazis en toda el mundo. El antisemitismo se actualiza y resurge. Lo vemos en ataques alreadedor del mundo como Inglaterra, Francia, Alemania y Estados Unidos.<\/p>\n<p>Los movimientos antisematistas acechan y agreden a personas de cualquier clase social, g\u00e9nero, religi\u00f3n y nacionalidad restringiendo sus libertades fundamentales: migrantes, roman\u00edes, activistas LGBTQ, musulmanes, jud\u00edos, personas con discapacidades y otras minor\u00edas.<\/p>\n<p><strong>EL articulo publicado por CNN Frida Ghitis nos relata los siguente<\/strong>:<\/p>\n<p><strong>(CNN) &#8212;<\/strong>\u00a0Algo comenz\u00f3 a cambiar en Estados Unidos hace unos a\u00f1os. Casi se pod\u00eda saborear el aire de hostilidad que comenz\u00f3 a flotar en todo el pa\u00eds. Los prejuicios que en el pasado podr\u00edan haberse expresado en privado circulan con frecuencia en las redes sociales. Las teor\u00edas de conspiraci\u00f3n ahora se pueden escuchar en las grandes cadenas. Los promotores del odio ahora\u00a0<a href=\"https:\/\/www.politico.com\/news\/magazine\/2022\/12\/07\/electoral-logic-behind-trumps-antisemitism-00072661\">pueden cenar<\/a>\u00a0con los poderosos. Y la\u00a0<a href=\"https:\/\/www.nytimes.com\/2018\/10\/27\/us\/active-shooter-pittsburgh-synagogue-shooting.html\">violencia<\/a>\u00a0va en aumento.<\/p>\n<ul>\n<li>Un studio publicado este jueves por la Liga Antidifamaci\u00f3n (ADL, por sus siglas en ingl\u00e9s), que muestra niveles r\u00e9cord de incidentes antisemitas, que empeoran a un ritmo acelerado.<\/li>\n<li>Un estudio separado encontr\u00f3 que en una plataforma de redes sociales en particular,\u00a0las publicaciones antisemitas han crecido exponencialmente.<\/li>\n<li>El informe reciente de la ADL encontr\u00f3 que los incidentes antisemitas alcanzaron su nivel m\u00e1s alto en Estados Unidos desde que la organizaci\u00f3n comenz\u00f3 a mantener registros en 1979. El n\u00famero de incidentes contra jud\u00edos, desde insultos verbales hasta agresiones f\u00edsicas, casi se ha triplicado en seis a\u00f1os.<\/li>\n<li>Un\u00a0<a href=\"https:\/\/www.washingtonpost.com\/politics\/2023\/03\/20\/antisemitic-tweets-soared-twitter-after-musk-took-over-study-finds\/\">estudio<\/a>realizado por el Institute for Strategic Dialogue and CASM Technology, una organizaci\u00f3n no partidista que investiga el discurso de odio y la desinformaci\u00f3n en l\u00ednea, utiliz\u00f3 herramientas de aprendizaje autom\u00e1tico (\u00abmachine learning\u00bb) para clasificar las publicaciones de Twitter e identificar aquellas que contienen lenguaje antisemita. Del 1 de junio al 27 de octubre de 2022, el d\u00eda en que Musk compr\u00f3 Twitter, encontr\u00f3 6.200 publicaciones por semana que calificaban como antisemitas. Desde ese d\u00eda hasta febrero, el n\u00famero se duplic\u00f3 con creces a 12.700.<\/li>\n<li>La televisi\u00f3n es otro elemento que aviva las llamas del odio, donde algunas cadenas se han convertido en proveedores de teor\u00edas de conspiraci\u00f3n y otras mentiras. Fox News, la cadena cuyos propietarios\u00a0<a href=\"https:\/\/www.npr.org\/2023\/02\/28\/1159819849\/fox-news-dominion-voting-rupert-murdoch-2020-election-fraud\">admitieron<\/a>que a sabiendas \u00abrespald\u00f3\u00bb mentiras, es otra plataforma donde las<a href=\"https:\/\/www.adl.org\/resources\/blog\/deplatform-tucker-carlson-and-great-replacement-theory\">\u00a0teor\u00edas de conspiraci\u00f3n antisemitas<\/a>\u00a0han encontrado un hogar.<\/li>\n<\/ul>\n<p>El n\u00famero de estadounidenses que\u00a0<a href=\"https:\/\/www.fox26houston.com\/news\/new-adl-survey-shows-number-of-americans-who-believe-in-antisemitic-conspiracy-theories-at-30-year-high\">creen en teor\u00edas de conspiraci\u00f3n antijud\u00edas<\/a>\u00a0est\u00e1 explotando, duplic\u00e1ndose en los \u00faltimos a\u00f1os para alcanzar un m\u00e1ximo de 30 a\u00f1os, seg\u00fan una encuesta de ADL publicada en enero. La responsabilidad de detener esto recae sobre los hombros de todos, desde los funcionarios del gobierno local y nacional hasta los l\u00edderes comunitarios y los individuos. Los estudiantes de todo el mundo deber\u00edan aprender sobre el Holocausto. En la mayor\u00eda de los estados\u00a0<a href=\"https:\/\/www.axios.com\/2023\/01\/07\/holocaust-genocide-education-state-laws\">no es un requisito<\/a>, y hay evidencia de que un n\u00famero sorprendentemente bajo de j\u00f3venes estadounidenses incluso conoce hechos b\u00e1sicos al respecto.<\/p>\n<p><a href=\"https:\/\/cnnespanol.cnn.com\/2023\/01\/26\/que-fue-el-holocausto-que-significo-y-cuantos-muertos-dejo-orix\/\">\u00bfQu\u00e9 fue el Holocausto? \u00bfQu\u00e9 signific\u00f3 y cu\u00e1ntos muertos dej\u00f3?<\/a><\/p>\n<p>Las agencias de seguridad p\u00fablica deben hacer un mejor trabajo para identificar, informar y proteger contra los cr\u00edmenes de odio, incluido el antisemitismo. Para hacer eso, necesitan una definici\u00f3n com\u00fanmente aceptada de antisemitismo. La Alianza Internacional para el Recuerdo del Holocausto (IHRA por sus siglas en ingl\u00e9s), una asociaci\u00f3n intergubernamental a la que pertenece Estados Unidos,\u00a0<a href=\"https:\/\/www.holocaustremembrance.com\/resources\/working-definitions-charters\/working-definition-antisemitism\">tiene una definici\u00f3n concisa:<\/a><\/p>\n<p>\u00abEl antisemitismo es una cierta percepci\u00f3n de los jud\u00edos que puede expresarse como el odio a los jud\u00edos. Las manifestaciones f\u00edsicas y ret\u00f3ricas del antisemitismo se dirigen a las personas jud\u00edas o no jud\u00edas y\/o a sus bienes, a las instituciones de las comunidades jud\u00edas y a sus lugares de culto\u00bb. Es responsabilidad de todos asegurarse de que el odio nunca se sienta seguro. Es responsabilidad de todos ayudar a eliminar ese aire de hostilidad que ha estado envenenando a Estados Unidos y hacer de Estados Unidos un pa\u00eds que rechaza en\u00e9rgicamente los prejuicios.<\/p>\n<p><strong>\u00bfC\u00f3mo se celebra este d\u00eda internacional?<\/strong><\/p>\n<p>En la celebraci\u00f3n del D\u00eda Internacional contra el Fascismo y el Antisemitismo apoya ha activistas de\u00a0 organizan acciones para movilizar a la sociedad civil, a fin de que asuma una posici\u00f3n firme ante el fascismo, el racismo, el sexismo y el odio basados en una creencia religiosa.<\/p>\n<p>Comparte informaci\u00f3n \u00fatil e interesante sobre el D\u00eda Internacional Contra el Fascismo y el Antisemitismo en las redes sociales. Utiliza los hashtags #FightFascism #9November #DayAgainstFascism #DayAgainstAntisemitism<\/p>\n<p><strong>Article source<\/strong><strong>: <\/strong>\u201cOPINI\u00d3N | Estados Unidos se est\u00e1 envenenando a s\u00ed mismo. Este es el ant\u00eddoto\u201d\u00a0 CNN Frida Ghitis (3\/24\/23).<\/p>\n<p><a href=\"https:\/\/cnnespanol.cnn.com\/2023\/03\/24\/opinion-ghitis-estados-unidos-antisemitismo-antidoto-trax\/\">https:\/\/cnnespanol.cnn.com\/2023\/03\/24\/opinion-ghitis-estados-unidos-antisemitismo-antidoto-trax\/<\/a>[\/vc_column_text][vc_empty_space height=\u00bb40px\u00bb][\/vc_column][\/vc_row][vc_row][vc_column][vc_column_text]<\/p>\n<h2><\/h2>\n<p><strong>8 de Noviembre: D\u00eda Internacional de la Solidaridad Intersexual<\/strong>[\/vc_column_text][vc_column_text]Anualmente el 8 de noviembre se celebra el D\u00eda de la Solidaridad Intersexual, impulsado por la Organizaci\u00f3n Internacional de Intersexuales (OII) para<img loading=\"lazy\" decoding=\"async\" class=\"size-medium wp-image-21817 alignright\" src=\"https:\/\/www.ccasa.org\/wp-content\/uploads\/2023\/10\/Picture2-300x300.jpg\" alt=\"\" width=\"300\" height=\"300\" \/> visibilizar la situaci\u00f3n de las personas intersexuales que son objeto de tratos crueles y degradantes que atentan contra su integridad f\u00edsica y emocional.<\/p>\n<p>Asimismo, se trata de sensibilizar y concienciar a la opini\u00f3n p\u00fablica acerca de los derechos humanos de las personas intersexuales, as\u00ed como promover el respeto y la solidaridad con las personas intersexuales. En tal sentido, el 26 de octubre se celebra el D\u00eda de la Conciencia para la Comunidad Intersexual.<\/p>\n<p><strong>\u00bfC\u00f3mo se origin\u00f3 la creaci\u00f3n de este D\u00eda?<\/strong><\/p>\n<p>La creaci\u00f3n de este d\u00eda se origin\u00f3 en conmemoraci\u00f3n del nacimiento del hermafrodita franc\u00e9s Ad\u00e9la\u00efde Herculine Barbin (1838-1868). Al nacer fue definida como mujer, atravesando por muchas dificultades por crecer con un cuerpo diferente. A los 22 a\u00f1os fue legalizada como var\u00f3n, despu\u00e9s de un ex\u00e1men f\u00edsico. Su contextura era masculina, con una vagina peque\u00f1a, un pene de escasas dimensiones y con test\u00edculos en el interior.<\/p>\n<p>Fue reasignada socialmente de sexo, siendo renombrada con el nombre de Abel y obligada a vestir con ropa masculina, as\u00ed como a abandonar su profesi\u00f3n de maestra y su trabajo en un internado. Esto la conllev\u00f3 a suicidarse a la edad de 30 a\u00f1os.<\/p>\n<p>Su caso fue un verdadero esc\u00e1ndalo en aquella \u00e9poca, siendo publicado en los peri\u00f3dicos y fue catalogada por la prensa como un monstruo.<\/p>\n<p><strong>\u00bfQu\u00e9 es la Intersexualidad?<\/strong><\/p>\n<p>La intersexualidad es un t\u00e9rmino que agrupa la condici\u00f3n f\u00edsica de aquellas personas que nacen con caracter\u00edsticas sexuales distintas a las estipuladas en los est\u00e1ndares de corporalidad masculina y femenina, tales como formas genitales, patrones cromos\u00f3micos, conformaci\u00f3n de las g\u00f3nadas (ovarios y test\u00edculos) y niveles hormonales.<\/p>\n<p>Esta condici\u00f3n gen\u00e9tica generalmente es confundida con la orientaci\u00f3n o preferencia sexual. La intersexualidad no es considerada como una patolog\u00eda, debido a que las variaciones cong\u00e9nitas en las caracter\u00edsticas sexuales no constituyen un problema de salud.<\/p>\n<p>Se estima que entre un 0,05% y un 1,7% de las personas pueden nacer con una corporalidad intersexual, siendo evidenciada en el periodo de la pubertad o al iniciar la etapa adulta, debido a que no ocurren los cambios corporales t\u00edpicos esperados para el sexo masculino y femenino durante esta etapa.<\/p>\n<p>Anivel social, se destaca el surgimiento de movimientos como el activismo intersex que luchan por el pleno reconocimiento de las personas intersexuales y la existencia leg\u00edtima de sus cuerpos, as\u00ed como el cese a la aplicaci\u00f3n de protocolos m\u00e9dicos y tratamientos m\u00e9dicos irreversibles, dolorosos y no consentidos para la elecci\u00f3n de un sexo de crianza, mediante procedimientos hormonales y cirug\u00edas genitales a menores de edad.<\/p>\n<p>Este procedimiento a la que son sometidos de manera involuntaria ni\u00f1os, ni\u00f1as y adolescentes intersexuales es denominado \u201cprocedimiento de normalizaci\u00f3n de la apariencia genital y el cuerpo ambiguo\u201d, vulnerando los derechos humanos de estas personas, quienes pueden tener la capacidad de decidir sobre la modificaci\u00f3n de la apariencia de su cuerpo en la etapa adulta.<\/p>\n<p><strong>Antecedentes de la Intersexualidad<\/strong><\/p>\n<p>Durante la Edad Media algunas legislaciones admitieron que una persona hermafrodita ten\u00eda dos sexos, siendo responsabilidad de los padres o padrinos escoger el sexo que pareciera predominante al momento del bautismo. Al contraer matrimonio la persona hermafrodita pod\u00eda decidir si continuaba con el sexo que le fue atribuido, con la condici\u00f3n de no cambiarlo nuevamente. En caso de no cumplir con esta condici\u00f3n, la persona hermafrodita era condenada a la pena de sodom\u00eda (pr\u00e1ctica del sexo anal).<\/p>\n<p>Al respecto, el fil\u00f3sofo franc\u00e9s Michel Foucault concluye en sus escritos que las condenas a los hermafroditas durante la Edad Media y el Renacimiento se sustentaban por su cambio de postura, con respecto a la elecci\u00f3n de su sexo y no por su propia morfolog\u00eda genital.<\/p>\n<p>Hasta inicios del siglo XVIII la ciencia estableci\u00f3 el Modelo de Galeno, mediante el cual pod\u00eda existir un solo cuerpo con dos sexos, interpretando a la vagina como un pene invertido y a la mujer como un ser humano que no tuvo la fuerza necesaria para expulsar su vagina y ovarios con forma de pene y test\u00edculos hacia afuera.<\/p>\n<p>A mitad del siglo XIX en el campo de la medicina, el derecho y la psiquiatr\u00eda surgen los t\u00e9rminos sexualidad, homosexual, heterosexual. En las d\u00e9cadas de 1940 1950 el Dr. John Money implement\u00f3 la palabra \u201cg\u00e9nero\u201d, para reducir la multiplicidad de cuerpos a los sexos masculino y femenino, siendo un concepto que abordaba la tem\u00e1tica de la intersexualidad.<\/p>\n<p>En el siglo XXI contin\u00faa el debate sobre el derecho a la identidad sexual y a la intersexualidad, para permitir la diversidad de cuerpos y considerar el g\u00e9nero como binario.<\/p>\n<p><strong>Filmograf\u00eda sobre la Intersexualidad<\/strong><\/p>\n<p>Mostramos una selecci\u00f3n de documentales y pel\u00edculas interesantes, cuyo tema central est\u00e1 referido a la intersexualidad:<\/p>\n<ul>\n<li>Ni de Eva ni de Ad\u00e1n. Una Historia Intersex (Francia. Directora: Floriane Devigne . A\u00f1o 2018): drama que refleja un acercamiento \u00edntimo y personal, acerca de la construcci\u00f3n de la identidad entre dos personas intersexuales que comparten sus experiencias.<\/li>\n<li>Intersexion: La Ciencia del G\u00e9nero (Nueva Zelanda. Director: Grant Lahood. A\u00f1o 2012): documental que muestra a la primera persona abiertamente intersexual de Nueva Zelanda, quien hace un recorrido por el mundo para conocer la experiencia de otras personas intersexuales.<\/li>\n<li>Bol (EEUU. Director: Shoaib Mansoor. A\u00f1o 2011): el patriarca de una familia que vive en Pakist\u00e1n tiene la esperanza de procrear un hijo var\u00f3n, para que lo ayude a mantener econ\u00f3micamente al grupo familiar compuesto por 7 hijas. Descubre que su octavo hijo es hermafrodita.<\/li>\n<li>Orchids: My Intersex Adventure (Australia. Directora: Phoebe Hart. A\u00f1o 2010): es un documental autobiogr\u00e1fico acerca de una mujer que trata de entender su propia condici\u00f3n intersexual mientras entrevista a otras personas intersexuales.<\/li>\n<li>Sex, Lies &amp; Gender (Reino Unido. Director: David Elisco. A\u00f1o 2009): documental que trata los temas de la intersexualidad y la transexualidad, analizando la determinaci\u00f3n del sexo del feto por los cromosomas a partir de la s\u00e9ptima semana de gestaci\u00f3n.<\/li>\n<li>XXY (Argentina. Directora: Luc\u00eda Puenzo. A\u00f1o 2007): una adolescente de 15 a\u00f1os esconde un secreto. Sus padres la apoyan yendo a vivir a una caba\u00f1a de madera a orillas del mar, para protegerla y aislarla de cualquier prejuicio, hasta que llegue el momento de decidir cu\u00e1l camino debe seguir para ser feliz.<\/li>\n<li>Tintenfischalarm (Austria. Directora: Elizabeth Scharang. A\u00f1o 2006): documental sobre la vida de Alex J\u00fcrgen, una persona intersexual que refleja su propia perspectiva de la vida y los prejuicios acerca de la intersexualidad.<\/li>\n<\/ul>\n<p><strong>\u00bfC\u00f3mo podemos celebrar el D\u00eda de la Solidaridad Intersexual?<\/strong><\/p>\n<p>En la celebraci\u00f3n del D\u00eda de la Solidaridad Intersexual puedes participar en las actividades previstas por organizaciones y fundaciones para apoyar a las personas intersexuales, de manera presencial o virtual. Muestra respeto por las personas intersexuales sin importar su aspecto f\u00edsico.<\/p>\n<p>Distribuye folletos y carteles alusivos a este d\u00eda. Apoya la recaudaci\u00f3n de fondos para organizaciones intersex en tu localidad.<\/p>\n<p>Puedes consultar en internet m\u00e1s informaci\u00f3n \u00fatil e interesante acerca de este tema y compartirla en las redes sociales acerca del D\u00eda de la Solidaridad Intersexual, con los hashtags #diadelasolidaridadintersexual #solidaridadintersexual #ProtectIntersexRights, #IntersexAwarenessDay, #IAD2021 #intersexawarenessday<\/p>\n<p><strong>Article source: Escrito por Gabinete . 09\/11\/2021<\/strong><\/p>\n<p><a href=\"https:\/\/blogsaverroes.juntadeandalucia.es\/educacionenvaloresdelegacionmalaga\/8-de-noviembre-dia-de-la-solidaridad-intersexual\/\"><strong>https:\/\/blogsaverroes.juntadeandalucia.es\/educacionenvaloresdelegacionmalaga\/8-de-noviembre-dia-de-la-solidaridad-intersexual\/<\/strong><\/a>[\/vc_column_text][vc_video link=\u00bbhttps:\/\/www.youtube.com\/watch?v=3kaIpTiRlco\u00bb title=\u00bbCampa\u00f1a D\u00eda de la Visibilidad intersexual\u00bb][vc_empty_space height=\u00bb40px\u00bb][\/vc_column][\/vc_row][vc_row][vc_column][vc_column_text]<\/p>\n<div class=\"wpb_text_column wpb_content_element \">\n<div class=\"wpb_wrapper\">\n<h2><strong>ESTAD\u00cdSTICAS DE FRECUENCIA<\/strong><\/h2>\n<\/div>\n<\/div>\n<p>[\/vc_column_text][vc_column_text]<strong>Informe Anual del Observatorio Web: \u00bfC\u00f3mo fue el Antisemitismo redes sociales durante el 2022? <\/strong><\/p>\n<p>Por quinto a\u00f1o consecutivo, esta semana el Observatorio Web present\u00f3 su Informe anual de Antisemitismo en Internet. El mismo analiza, con la ayuda de programas que trabajan con inteligencia artificial, el nivel de antisemitismo en m\u00e1s de 7 millones y medio de contenidos en redes sociales en espa\u00f1ol, entre ellos tweets, comentarios en Facebook, videos de YouTube, resultados de b\u00fasquedas en Google y comentarios en medios digitales.<\/p>\n<p>\u201cEl antisemitismo en Am\u00e9rica Latina tiene sus particularidades, es diferente del de Europa y otras partes del mundo, y por eso es importante conocer sus formas espec\u00edficas, para desarrollar abordajes acordes y evitar importar conflictos de otras latitudes\u201d, explica Claudio Epelman, director ejecutivo del Congreso Jud\u00edo Latinoamericano, sobre la importancia del informe.<\/p>\n<p>\u00bfY c\u00f3mo se comport\u00f3 entonces el antisemitismo a nivel regional? En la respuesta a esta pregunta radica una de las primeras conclusiones que se desprenden del reporte y gran parte de su valor. En palabras de Epelman, \u201cel nivel de antisemitismo se mantiene parejo en todos los pa\u00edses analizados en el reporte, descontando peque\u00f1as variaciones. Esto nos permite abordar el fen\u00f3meno a nivel regional, promoviendo el trabajo trasnacional en el desarrollo de estrategias para erradicar el antisemitismo y los discursos de odio\u201d.<\/p>\n<p><strong>1-<\/strong>En cuanto a los resultados por plataforma, cabe destacar que en el buscador de Google el resultado es el m\u00e1s favorable de los \u00faltimos ocho a\u00f1os, registr\u00e1ndose <strong>un aumento del contenido positivo relativo a los jud\u00edos acompa\u00f1ado por un leve descenso del contenido negativo.<\/strong><\/p>\n<p><strong><img loading=\"lazy\" decoding=\"async\" class=\"alignnone wp-image-21819\" src=\"https:\/\/www.ccasa.org\/wp-content\/uploads\/2023\/10\/Picture3-300x300.png\" alt=\"\" width=\"330\" height=\"330\" \/><\/strong><\/p>\n<p><strong>2-<\/strong> En contraste, YouTube <strong>registr\u00f3 el primer aumento en la cantidad de contenido antisemita en cinco a\u00f1os<\/strong>, interrumpiendo una marcada tendencia a la baja de per\u00edodos anteriores. Aunque el incremento no representa un salto considerable <strong>(2,71%),<\/strong> en el marco de las fuertes pol\u00edticas de moderaci\u00f3n de contenido de la plataforma cualquier aumento es significativo, pues puede evidenciar que los usuarios encuentran formas de \u201csaltear\u201d ese control. Quiz\u00e1s por eso no llame la atenci\u00f3n que uno de los principales t\u00e9rminos asociados al material antisemita fue \u201csionismo\u201d.<\/p>\n<p><img loading=\"lazy\" decoding=\"async\" class=\"alignnone wp-image-21821\" src=\"https:\/\/www.ccasa.org\/wp-content\/uploads\/2023\/10\/Picture4.png\" alt=\"\" width=\"298\" height=\"298\" \/><\/p>\n<p><strong>3- <\/strong>En el caso de Twitter uno de cada diez tuits vinculados a tem\u00e1ticas judaicas es antisemita, y casi un <strong>50% expresa una posici\u00f3n cr\u00edtica hacia Israel o el mundo jud\u00edo.<\/strong> Su impacto es bajo medido seg\u00fan la cantidad de impresiones, o sea, la cantidad de veces que otros usuarios vieron esos tuits. A diferencia del 2021, donde una parte importante de antisemitismo se concentr\u00f3 en el mes de mayo, durante 2022 se observ\u00f3 que este fue homog\u00e9neo durante el a\u00f1o. Asimismo, tampoco se registraron variaciones relevantes seg\u00fan los pa\u00edses.<\/p>\n<p>&nbsp;<\/p>\n<p><img loading=\"lazy\" decoding=\"async\" class=\"alignnone wp-image-21823\" src=\"https:\/\/www.ccasa.org\/wp-content\/uploads\/2023\/10\/Picture5-300x300.png\" alt=\"\" width=\"331\" height=\"331\" \/><\/p>\n<p><strong>Article Source: escrito y publicado por \u00a0aelatina.org Julio , 2023.<\/strong><\/p>\n<p><a href=\"https:\/\/www.aelatina.org\/informe-anual-del-observatorio-web-como-fue-el-antisemitismo-redes-sociales-durante-el-2022\/\"><strong>https:\/\/www.aelatina.org\/informe-anual-del-observatorio-web-como-fue-el-antisemitismo-redes-sociales-durante-el-2022\/<\/strong><\/a>[\/vc_column_text][vc_empty_space][vc_column_text][\/vc_column_text][\/vc_column][\/vc_row][vc_row][vc_column][vc_column_text]<\/p>\n<p>[\/vc_column_text][\/vc_column][\/vc_row]<\/p>\n<\/div>","protected":false},"excerpt":{"rendered":"<p>Agosto, mes   dedicado al cuidado de ti mismo centrado en vacacionar o relajarte. Este mes esta lleno  de d\u00edas festivos, observancias estatales , nacionales y mundiales. Es el mes utilizado para darte un capricho y cuidarse a si mismo! <\/p>\n<p class=\"read-more-container\"><a class=\"button\" href=\"https:\/\/ccasa.org\/es\/sabias-noviembre-2023\/\">Lee mas<\/a><\/p>\n","protected":false},"author":150,"featured_media":14324,"comment_status":"closed","ping_status":"closed","sticky":false,"template":"","format":"standard","meta":{"_acf_changed":false,"footnotes":""},"categories":[464],"tags":[473,472,474],"class_list":["post-21805","post","type-post","status-publish","format-standard","has-post-thumbnail","hentry","category-sabias","tag-estadisticas","tag-la-salud","tag-recursos","resize-featured-image"],"acf":[],"yoast_head":"<!-- This site is optimized with the Yoast SEO plugin v27.4 - https:\/\/yoast.com\/product\/yoast-seo-wordpress\/ -->\n<title>Sabias Noviembre 2023 - Colorado Coalition Against Sexual Assault<\/title>\n<meta name=\"description\" content=\"CCASA blogs allow Colorado advocates and survivors to share the stories. We use our voices because staying silent isn\u2019t an option.\" \/>\n<meta name=\"robots\" content=\"index, follow, max-snippet:-1, max-image-preview:large, max-video-preview:-1\" \/>\n<link rel=\"canonical\" href=\"https:\/\/ccasa.org\/es\/sabias-noviembre-2023\/\" \/>\n<meta property=\"og:locale\" content=\"es_ES\" \/>\n<meta property=\"og:type\" content=\"article\" \/>\n<meta property=\"og:title\" content=\"Sabias Noviembre 2023 - Colorado Coalition Against Sexual Assault\" \/>\n<meta property=\"og:description\" content=\"CCASA blogs allow Colorado advocates and survivors to share the stories. We use our voices because staying silent isn\u2019t an option.\" \/>\n<meta property=\"og:url\" content=\"https:\/\/ccasa.org\/es\/sabias-noviembre-2023\/\" \/>\n<meta property=\"og:site_name\" content=\"Colorado Coalition Against Sexual Assault\" \/>\n<meta property=\"article:published_time\" content=\"2023-11-01T12:00:41+00:00\" \/>\n<meta property=\"og:image\" content=\"https:\/\/ccasa.org\/wp-content\/uploads\/2021\/01\/default-blog-image-2.jpg\" \/>\n\t<meta property=\"og:image:width\" content=\"845\" \/>\n\t<meta property=\"og:image:height\" content=\"400\" \/>\n\t<meta property=\"og:image:type\" content=\"image\/jpeg\" \/>\n<meta name=\"author\" content=\"Agueda Morgan\" \/>\n<meta name=\"twitter:card\" content=\"summary_large_image\" \/>\n<meta name=\"twitter:label1\" content=\"Escrito por\" \/>\n\t<meta name=\"twitter:data1\" content=\"Agueda Morgan\" \/>\n\t<meta name=\"twitter:label2\" content=\"Tiempo de lectura\" \/>\n\t<meta name=\"twitter:data2\" content=\"19 minutos\" \/>\n<script type=\"application\/ld+json\" class=\"yoast-schema-graph\">{\"@context\":\"https:\\\/\\\/schema.org\",\"@graph\":[{\"@type\":\"Article\",\"@id\":\"https:\\\/\\\/ccasa.org\\\/es\\\/sabias-noviembre-2023\\\/#article\",\"isPartOf\":{\"@id\":\"https:\\\/\\\/ccasa.org\\\/es\\\/sabias-noviembre-2023\\\/\"},\"author\":{\"name\":\"Agueda Morgan\",\"@id\":\"https:\\\/\\\/ccasa.org\\\/#\\\/schema\\\/person\\\/3de91310ab0177292ecee1894894334b\"},\"headline\":\"Sabias Noviembre 2023\",\"datePublished\":\"2023-11-01T12:00:41+00:00\",\"mainEntityOfPage\":{\"@id\":\"https:\\\/\\\/ccasa.org\\\/es\\\/sabias-noviembre-2023\\\/\"},\"wordCount\":4653,\"publisher\":{\"@id\":\"https:\\\/\\\/ccasa.org\\\/#organization\"},\"image\":{\"@id\":\"https:\\\/\\\/ccasa.org\\\/es\\\/sabias-noviembre-2023\\\/#primaryimage\"},\"thumbnailUrl\":\"https:\\\/\\\/ccasa.org\\\/wp-content\\\/uploads\\\/2021\\\/01\\\/default-blog-image-2.jpg\",\"keywords\":[\"estad\u00edsticas\",\"la salud\",\"recursos\"],\"articleSection\":[\"Sabias\"],\"inLanguage\":\"es\"},{\"@type\":\"WebPage\",\"@id\":\"https:\\\/\\\/ccasa.org\\\/es\\\/sabias-noviembre-2023\\\/\",\"url\":\"https:\\\/\\\/ccasa.org\\\/es\\\/sabias-noviembre-2023\\\/\",\"name\":\"Sabias Noviembre 2023 - Colorado Coalition Against Sexual Assault\",\"isPartOf\":{\"@id\":\"https:\\\/\\\/ccasa.org\\\/#website\"},\"primaryImageOfPage\":{\"@id\":\"https:\\\/\\\/ccasa.org\\\/es\\\/sabias-noviembre-2023\\\/#primaryimage\"},\"image\":{\"@id\":\"https:\\\/\\\/ccasa.org\\\/es\\\/sabias-noviembre-2023\\\/#primaryimage\"},\"thumbnailUrl\":\"https:\\\/\\\/ccasa.org\\\/wp-content\\\/uploads\\\/2021\\\/01\\\/default-blog-image-2.jpg\",\"datePublished\":\"2023-11-01T12:00:41+00:00\",\"description\":\"CCASA blogs allow Colorado advocates and survivors to share the stories. We use our voices because staying silent isn\u2019t an option.\",\"breadcrumb\":{\"@id\":\"https:\\\/\\\/ccasa.org\\\/es\\\/sabias-noviembre-2023\\\/#breadcrumb\"},\"inLanguage\":\"es\",\"potentialAction\":[{\"@type\":\"ReadAction\",\"target\":[\"https:\\\/\\\/ccasa.org\\\/es\\\/sabias-noviembre-2023\\\/\"]}]},{\"@type\":\"ImageObject\",\"inLanguage\":\"es\",\"@id\":\"https:\\\/\\\/ccasa.org\\\/es\\\/sabias-noviembre-2023\\\/#primaryimage\",\"url\":\"https:\\\/\\\/ccasa.org\\\/wp-content\\\/uploads\\\/2021\\\/01\\\/default-blog-image-2.jpg\",\"contentUrl\":\"https:\\\/\\\/ccasa.org\\\/wp-content\\\/uploads\\\/2021\\\/01\\\/default-blog-image-2.jpg\",\"width\":845,\"height\":400,\"caption\":\"CCASA Logo\"},{\"@type\":\"BreadcrumbList\",\"@id\":\"https:\\\/\\\/ccasa.org\\\/es\\\/sabias-noviembre-2023\\\/#breadcrumb\",\"itemListElement\":[{\"@type\":\"ListItem\",\"position\":1,\"name\":\"Home\",\"item\":\"https:\\\/\\\/ccasa.org\\\/es\\\/\"},{\"@type\":\"ListItem\",\"position\":2,\"name\":\"Sabias Noviembre 2023\"}]},{\"@type\":\"WebSite\",\"@id\":\"https:\\\/\\\/ccasa.org\\\/#website\",\"url\":\"https:\\\/\\\/ccasa.org\\\/\",\"name\":\"Colorado Coalition Against Sexual Assault\",\"description\":\"\",\"publisher\":{\"@id\":\"https:\\\/\\\/ccasa.org\\\/#organization\"},\"potentialAction\":[{\"@type\":\"SearchAction\",\"target\":{\"@type\":\"EntryPoint\",\"urlTemplate\":\"https:\\\/\\\/ccasa.org\\\/?s={search_term_string}\"},\"query-input\":{\"@type\":\"PropertyValueSpecification\",\"valueRequired\":true,\"valueName\":\"search_term_string\"}}],\"inLanguage\":\"es\"},{\"@type\":\"Organization\",\"@id\":\"https:\\\/\\\/ccasa.org\\\/#organization\",\"name\":\"Colorado Coalition Against Sexual Assault (CCASA)\",\"url\":\"https:\\\/\\\/ccasa.org\\\/\",\"logo\":{\"@type\":\"ImageObject\",\"inLanguage\":\"es\",\"@id\":\"https:\\\/\\\/ccasa.org\\\/#\\\/schema\\\/logo\\\/image\\\/\",\"url\":\"https:\\\/\\\/www.ccasa.org\\\/wp-content\\\/uploads\\\/2018\\\/05\\\/ccasa-logo-large_png.png\",\"contentUrl\":\"https:\\\/\\\/www.ccasa.org\\\/wp-content\\\/uploads\\\/2018\\\/05\\\/ccasa-logo-large_png.png\",\"width\":1920,\"height\":1080,\"caption\":\"Colorado Coalition Against Sexual Assault (CCASA)\"},\"image\":{\"@id\":\"https:\\\/\\\/ccasa.org\\\/#\\\/schema\\\/logo\\\/image\\\/\"}},{\"@type\":\"Person\",\"@id\":\"https:\\\/\\\/ccasa.org\\\/#\\\/schema\\\/person\\\/3de91310ab0177292ecee1894894334b\",\"name\":\"Agueda Morgan\",\"image\":{\"@type\":\"ImageObject\",\"inLanguage\":\"es\",\"@id\":\"https:\\\/\\\/secure.gravatar.com\\\/avatar\\\/2ba86ddc8186355ac63dfbbdc26e9ac96b41c9a0e5ebcdc9392be88eaa816e00?s=96&d=mm&r=g\",\"url\":\"https:\\\/\\\/secure.gravatar.com\\\/avatar\\\/2ba86ddc8186355ac63dfbbdc26e9ac96b41c9a0e5ebcdc9392be88eaa816e00?s=96&d=mm&r=g\",\"contentUrl\":\"https:\\\/\\\/secure.gravatar.com\\\/avatar\\\/2ba86ddc8186355ac63dfbbdc26e9ac96b41c9a0e5ebcdc9392be88eaa816e00?s=96&d=mm&r=g\",\"caption\":\"Agueda Morgan\"},\"url\":\"https:\\\/\\\/ccasa.org\\\/es\\\/author\\\/amorgan\\\/\"}]}<\/script>\n<!-- \/ Yoast SEO plugin. -->","yoast_head_json":{"title":"Sabias Noviembre 2023 - Colorado Coalition Against Sexual Assault","description":"CCASA blogs allow Colorado advocates and survivors to share the stories. We use our voices because staying silent isn\u2019t an option.","robots":{"index":"index","follow":"follow","max-snippet":"max-snippet:-1","max-image-preview":"max-image-preview:large","max-video-preview":"max-video-preview:-1"},"canonical":"https:\/\/ccasa.org\/es\/sabias-noviembre-2023\/","og_locale":"es_ES","og_type":"article","og_title":"Sabias Noviembre 2023 - Colorado Coalition Against Sexual Assault","og_description":"CCASA blogs allow Colorado advocates and survivors to share the stories. We use our voices because staying silent isn\u2019t an option.","og_url":"https:\/\/ccasa.org\/es\/sabias-noviembre-2023\/","og_site_name":"Colorado Coalition Against Sexual Assault","article_published_time":"2023-11-01T12:00:41+00:00","og_image":[{"width":845,"height":400,"url":"https:\/\/ccasa.org\/wp-content\/uploads\/2021\/01\/default-blog-image-2.jpg","type":"image\/jpeg"}],"author":"Agueda Morgan","twitter_card":"summary_large_image","twitter_misc":{"Escrito por":"Agueda Morgan","Tiempo de lectura":"19 minutos"},"schema":{"@context":"https:\/\/schema.org","@graph":[{"@type":"Article","@id":"https:\/\/ccasa.org\/es\/sabias-noviembre-2023\/#article","isPartOf":{"@id":"https:\/\/ccasa.org\/es\/sabias-noviembre-2023\/"},"author":{"name":"Agueda Morgan","@id":"https:\/\/ccasa.org\/#\/schema\/person\/3de91310ab0177292ecee1894894334b"},"headline":"Sabias Noviembre 2023","datePublished":"2023-11-01T12:00:41+00:00","mainEntityOfPage":{"@id":"https:\/\/ccasa.org\/es\/sabias-noviembre-2023\/"},"wordCount":4653,"publisher":{"@id":"https:\/\/ccasa.org\/#organization"},"image":{"@id":"https:\/\/ccasa.org\/es\/sabias-noviembre-2023\/#primaryimage"},"thumbnailUrl":"https:\/\/ccasa.org\/wp-content\/uploads\/2021\/01\/default-blog-image-2.jpg","keywords":["estad\u00edsticas","la salud","recursos"],"articleSection":["Sabias"],"inLanguage":"es"},{"@type":"WebPage","@id":"https:\/\/ccasa.org\/es\/sabias-noviembre-2023\/","url":"https:\/\/ccasa.org\/es\/sabias-noviembre-2023\/","name":"Sabias Noviembre 2023 - Colorado Coalition Against Sexual Assault","isPartOf":{"@id":"https:\/\/ccasa.org\/#website"},"primaryImageOfPage":{"@id":"https:\/\/ccasa.org\/es\/sabias-noviembre-2023\/#primaryimage"},"image":{"@id":"https:\/\/ccasa.org\/es\/sabias-noviembre-2023\/#primaryimage"},"thumbnailUrl":"https:\/\/ccasa.org\/wp-content\/uploads\/2021\/01\/default-blog-image-2.jpg","datePublished":"2023-11-01T12:00:41+00:00","description":"CCASA blogs allow Colorado advocates and survivors to share the stories. We use our voices because staying silent isn\u2019t an option.","breadcrumb":{"@id":"https:\/\/ccasa.org\/es\/sabias-noviembre-2023\/#breadcrumb"},"inLanguage":"es","potentialAction":[{"@type":"ReadAction","target":["https:\/\/ccasa.org\/es\/sabias-noviembre-2023\/"]}]},{"@type":"ImageObject","inLanguage":"es","@id":"https:\/\/ccasa.org\/es\/sabias-noviembre-2023\/#primaryimage","url":"https:\/\/ccasa.org\/wp-content\/uploads\/2021\/01\/default-blog-image-2.jpg","contentUrl":"https:\/\/ccasa.org\/wp-content\/uploads\/2021\/01\/default-blog-image-2.jpg","width":845,"height":400,"caption":"CCASA Logo"},{"@type":"BreadcrumbList","@id":"https:\/\/ccasa.org\/es\/sabias-noviembre-2023\/#breadcrumb","itemListElement":[{"@type":"ListItem","position":1,"name":"Home","item":"https:\/\/ccasa.org\/es\/"},{"@type":"ListItem","position":2,"name":"Sabias Noviembre 2023"}]},{"@type":"WebSite","@id":"https:\/\/ccasa.org\/#website","url":"https:\/\/ccasa.org\/","name":"Colorado Coalition Against Sexual Assault","description":"","publisher":{"@id":"https:\/\/ccasa.org\/#organization"},"potentialAction":[{"@type":"SearchAction","target":{"@type":"EntryPoint","urlTemplate":"https:\/\/ccasa.org\/?s={search_term_string}"},"query-input":{"@type":"PropertyValueSpecification","valueRequired":true,"valueName":"search_term_string"}}],"inLanguage":"es"},{"@type":"Organization","@id":"https:\/\/ccasa.org\/#organization","name":"Colorado Coalition Against Sexual Assault (CCASA)","url":"https:\/\/ccasa.org\/","logo":{"@type":"ImageObject","inLanguage":"es","@id":"https:\/\/ccasa.org\/#\/schema\/logo\/image\/","url":"https:\/\/www.ccasa.org\/wp-content\/uploads\/2018\/05\/ccasa-logo-large_png.png","contentUrl":"https:\/\/www.ccasa.org\/wp-content\/uploads\/2018\/05\/ccasa-logo-large_png.png","width":1920,"height":1080,"caption":"Colorado Coalition Against Sexual Assault (CCASA)"},"image":{"@id":"https:\/\/ccasa.org\/#\/schema\/logo\/image\/"}},{"@type":"Person","@id":"https:\/\/ccasa.org\/#\/schema\/person\/3de91310ab0177292ecee1894894334b","name":"Agueda Morgan","image":{"@type":"ImageObject","inLanguage":"es","@id":"https:\/\/secure.gravatar.com\/avatar\/2ba86ddc8186355ac63dfbbdc26e9ac96b41c9a0e5ebcdc9392be88eaa816e00?s=96&d=mm&r=g","url":"https:\/\/secure.gravatar.com\/avatar\/2ba86ddc8186355ac63dfbbdc26e9ac96b41c9a0e5ebcdc9392be88eaa816e00?s=96&d=mm&r=g","contentUrl":"https:\/\/secure.gravatar.com\/avatar\/2ba86ddc8186355ac63dfbbdc26e9ac96b41c9a0e5ebcdc9392be88eaa816e00?s=96&d=mm&r=g","caption":"Agueda Morgan"},"url":"https:\/\/ccasa.org\/es\/author\/amorgan\/"}]}},"_links":{"self":[{"href":"https:\/\/ccasa.org\/es\/wp-json\/wp\/v2\/posts\/21805","targetHints":{"allow":["GET"]}}],"collection":[{"href":"https:\/\/ccasa.org\/es\/wp-json\/wp\/v2\/posts"}],"about":[{"href":"https:\/\/ccasa.org\/es\/wp-json\/wp\/v2\/types\/post"}],"author":[{"embeddable":true,"href":"https:\/\/ccasa.org\/es\/wp-json\/wp\/v2\/users\/150"}],"replies":[{"embeddable":true,"href":"https:\/\/ccasa.org\/es\/wp-json\/wp\/v2\/comments?post=21805"}],"version-history":[{"count":0,"href":"https:\/\/ccasa.org\/es\/wp-json\/wp\/v2\/posts\/21805\/revisions"}],"wp:featuredmedia":[{"embeddable":true,"href":"https:\/\/ccasa.org\/es\/wp-json\/wp\/v2\/media\/14324"}],"wp:attachment":[{"href":"https:\/\/ccasa.org\/es\/wp-json\/wp\/v2\/media?parent=21805"}],"wp:term":[{"taxonomy":"category","embeddable":true,"href":"https:\/\/ccasa.org\/es\/wp-json\/wp\/v2\/categories?post=21805"},{"taxonomy":"post_tag","embeddable":true,"href":"https:\/\/ccasa.org\/es\/wp-json\/wp\/v2\/tags?post=21805"}],"curies":[{"name":"wp","href":"https:\/\/api.w.org\/{rel}","templated":true}]}}