{"id":21731,"date":"2023-10-01T07:00:48","date_gmt":"2023-10-01T13:00:48","guid":{"rendered":"https:\/\/www.ccasa.org\/?p=21731"},"modified":"2023-09-11T18:23:30","modified_gmt":"2023-09-12T00:23:30","slug":"sabias-octubre-2023","status":"publish","type":"post","link":"https:\/\/ccasa.org\/es\/sabias-octubre-2023\/","title":{"rendered":"Sabias Octubre 2023"},"content":{"rendered":"<div class=\"wpb-content-wrapper\"><p>[vc_row css=\u00bb.vc_custom_1612968358632{margin-top: 70px !important;}\u00bb][vc_column][vc_row_inner][vc_column_inner][vc_column_text]<\/p>\n<h2><strong>Observancias en Octubre<\/strong><\/h2>\n<p>[\/vc_column_text][\/vc_column_inner][\/vc_row_inner][vc_row_inner equal_height=\u00bbyes\u00bb][vc_column_inner width=\u00bb1\/4&#8243;][vc_column_text css=\u00bb.vc_custom_1694471166978{margin-bottom: 0px !important;padding-top: 10px !important;padding-right: 10px !important;padding-bottom: 10px !important;padding-left: 10px !important;background-color: #ffffff !important;}\u00bb]<\/p>\n<p style=\"text-align: center;\"><strong>1 de Octubre<\/strong><\/p>\n<p style=\"text-align: center;\">D\u00eda Internacional de la Observaci\u00f3n de la Luna &amp;<\/p>\n<p style=\"text-align: center;\">D\u00eda internacional del Adulto Mayor<\/p>\n<p>[\/vc_column_text][\/vc_column_inner][vc_column_inner width=\u00bb1\/4&#8243;][vc_column_text css=\u00bb.vc_custom_1694471295964{margin-bottom: 0px !important;padding-top: 10px !important;padding-right: 10px !important;padding-bottom: 10px !important;padding-left: 10px !important;background-color: #ffffff !important;}\u00bb]<\/p>\n<p style=\"text-align: center;\"><strong>2 de Octubre<br \/>\n<\/strong>D\u00eda Internacional de la No Violencia<\/p>\n<p>[\/vc_column_text][vc_single_image image=\u00bb21732&#8243; img_size=\u00bbfull\u00bb alignment=\u00bbcenter\u00bb css=\u00bb.vc_custom_1694471335175{padding-bottom: 10px !important;background-color: #ffffff !important;}\u00bb][\/vc_column_inner][vc_column_inner width=\u00bb1\/4&#8243;][vc_column_text css=\u00bb.vc_custom_1694471382780{margin-bottom: 0px !important;padding-top: 10px !important;padding-right: 10px !important;padding-bottom: 10px !important;padding-left: 10px !important;background-color: #ffffff !important;}\u00bb]<\/p>\n<p style=\"text-align: center;\"><strong>4 de Octubre<br \/>\n<\/strong>D\u00eda Mundial del Bienestar Animal<\/p>\n<p>[\/vc_column_text][\/vc_column_inner][vc_column_inner width=\u00bb1\/4&#8243;][vc_column_text css=\u00bb.vc_custom_1694471427788{margin-bottom: 0px !important;padding-top: 10px !important;padding-right: 10px !important;padding-bottom: 10px !important;padding-left: 10px !important;background-color: #ffffff !important;}\u00bb]<\/p>\n<p style=\"text-align: center;\"><strong>5 de octubre<br \/>\n<\/strong>D\u00eda Mundial de los Docentes<\/p>\n<p>[\/vc_column_text][\/vc_column_inner][\/vc_row_inner][vc_row_inner equal_height=\u00bbyes\u00bb][vc_column_inner width=\u00bb1\/4&#8243;][vc_column_text css=\u00bb.vc_custom_1694471475651{margin-bottom: 0px !important;padding-top: 10px !important;padding-right: 10px !important;padding-bottom: 10px !important;padding-left: 10px !important;background-color: #ffffff !important;}\u00bb]<\/p>\n<p style=\"text-align: center;\"><strong>10 de Octubre<br \/>\n<\/strong>D\u00eda Mundial de la Salud Mental<\/p>\n<p>[\/vc_column_text][\/vc_column_inner][vc_column_inner width=\u00bb1\/4&#8243;][vc_column_text css=\u00bb.vc_custom_1694471513556{margin-bottom: 0px !important;padding-top: 10px !important;padding-right: 10px !important;padding-bottom: 10px !important;padding-left: 10px !important;background-color: #ffffff !important;}\u00bb]<\/p>\n<p style=\"text-align: center;\"><strong>11 de Octubre<br \/>\n<\/strong>D\u00eda para Salir del Armario<\/p>\n<p>[\/vc_column_text][\/vc_column_inner][vc_column_inner width=\u00bb1\/4&#8243;][vc_column_text css=\u00bb.vc_custom_1694471561477{margin-bottom: 0px !important;padding-top: 10px !important;padding-right: 10px !important;padding-bottom: 10px !important;padding-left: 10px !important;background-color: #ffffff !important;}\u00bb]<\/p>\n<p style=\"text-align: center;\"><strong>12 de Octubre<br \/>\n<\/strong>D\u00eda de la Raza o D\u00eda del Respeto a la Diversidad Cultural<\/p>\n<p>[\/vc_column_text][vc_single_image image=\u00bb21734&#8243; img_size=\u00bbfull\u00bb alignment=\u00bbcenter\u00bb css=\u00bb.vc_custom_1694471627044{padding-bottom: 10px !important;background-color: #ffffff !important;}\u00bb][\/vc_column_inner][vc_column_inner width=\u00bb1\/4&#8243;][vc_column_text css=\u00bb.vc_custom_1694471688068{padding-top: 10px !important;padding-right: 10px !important;padding-bottom: 10px !important;padding-left: 10px !important;background-color: #ffffff !important;}\u00bb]<\/p>\n<p style=\"text-align: center;\"><strong>13 de Octubre<br \/>\n<\/strong>D\u00eda Sin Sujetador\u00a0 \u00abNo Bra Day\u00bb<\/p>\n<p>[\/vc_column_text][\/vc_column_inner][\/vc_row_inner][vc_row_inner equal_height=\u00bbyes\u00bb][vc_column_inner width=\u00bb1\/4&#8243;][vc_column_text css=\u00bb.vc_custom_1694471730324{margin-bottom: 0px !important;padding-top: 10px !important;padding-right: 10px !important;padding-bottom: 10px !important;padding-left: 10px !important;background-color: #ffffff !important;}\u00bb]<\/p>\n<p style=\"text-align: center;\"><strong>13 de Octubre<br \/>\n<\/strong>D\u00eda Internacional para la Reducci\u00f3n de los Desastres Naturales<\/p>\n<p>[\/vc_column_text][\/vc_column_inner][vc_column_inner width=\u00bb1\/4&#8243;][vc_column_text css=\u00bb.vc_custom_1694471800530{margin-bottom: 0px !important;padding-top: 10px !important;padding-right: 10px !important;padding-bottom: 10px !important;padding-left: 10px !important;background-color: #ffffff !important;}\u00bb]<\/p>\n<p style=\"text-align: center;\"><strong>15 de Octubre<\/strong><\/p>\n<p style=\"text-align: center;\">D\u00eda Mundial de la Mujer Rural &amp; D\u00eda Nacional Latino de Concientizaci\u00f3n sobre el SIDA<\/p>\n<p>[\/vc_column_text][\/vc_column_inner][vc_column_inner width=\u00bb1\/4&#8243;][vc_column_text css=\u00bb.vc_custom_1694471942530{margin-bottom: 0px !important;padding-top: 10px !important;padding-right: 10px !important;padding-bottom: 10px !important;padding-left: 10px !important;background-color: #ffffff !important;}\u00bb]<\/p>\n<p style=\"text-align: center;\"><strong>15 de Octubre<br \/>\n<\/strong><\/p>\n<p style=\"text-align: center;\">D\u00cdA DE LA SEGURIDAD DEL BAST\u00d3N BLANCO<\/p>\n<p>[\/vc_column_text][vc_single_image image=\u00bb21736&#8243; img_size=\u00bbfull\u00bb alignment=\u00bbcenter\u00bb][\/vc_column_inner][vc_column_inner width=\u00bb1\/4&#8243;][vc_column_text css=\u00bb.vc_custom_1694472022755{margin-bottom: 0px !important;padding-top: 10px !important;padding-right: 10px !important;padding-bottom: 10px !important;padding-left: 10px !important;background-color: #ffffff !important;}\u00bb]<\/p>\n<p style=\"text-align: center;\"><strong>17 de Octubre<br \/>\n<\/strong>D\u00eda Internacional para la Erradicaci\u00f3n de la Pobreza<\/p>\n<p>[\/vc_column_text][\/vc_column_inner][\/vc_row_inner][vc_row_inner equal_height=\u00bbyes\u00bb][vc_column_inner width=\u00bb1\/4&#8243;][vc_column_text css=\u00bb.vc_custom_1694472159040{margin-bottom: 0px !important;padding-top: 10px !important;padding-right: 10px !important;padding-bottom: 10px !important;padding-left: 10px !important;background-color: #ffffff !important;}\u00bb]<\/p>\n<p style=\"text-align: center;\"><strong>26 de Octubre<br \/>\n<\/strong><\/p>\n<p style=\"text-align: center;\"><strong>D<\/strong>\u00eda de la Conciencia para la Comunidad Intersexual<\/p>\n<p>[\/vc_column_text][vc_single_image image=\u00bb21738&#8243; img_size=\u00bbfull\u00bb alignment=\u00bbcenter\u00bb][\/vc_column_inner][vc_column_inner width=\u00bb1\/4&#8243;][vc_column_text css=\u00bb.vc_custom_1694472246819{margin-bottom: 0px !important;padding-top: 10px !important;padding-right: 10px !important;padding-bottom: 10px !important;padding-left: 10px !important;background-color: #ffffff !important;}\u00bb]<\/p>\n<p style=\"text-align: center;\"><strong>27 de Octubre<br \/>\n<\/strong><\/p>\n<p style=\"text-align: center;\">D\u00eda Mundial de la Terapia Ocupacional<\/p>\n<p>[\/vc_column_text][\/vc_column_inner][vc_column_inner width=\u00bb1\/4&#8243;][vc_column_text]<\/p>\n<p style=\"text-align: center;\"><strong>\u00a030 de Octubre<\/strong><\/p>\n<p style=\"text-align: center;\">La Noche del Diablo<\/p>\n<p>[\/vc_column_text][\/vc_column_inner][vc_column_inner width=\u00bb1\/4&#8243;][vc_column_text]<\/p>\n<p style=\"text-align: center;\"><strong>31 de Octubre<\/strong><\/p>\n<p style=\"text-align: center;\">Halloween<\/p>\n<p>[\/vc_column_text][\/vc_column_inner][\/vc_row_inner][\/vc_column][\/vc_row][vc_row css=\u00bb.vc_custom_1612968056872{margin-top: 32px !important;}\u00bb][vc_column][vc_column_text]<\/p>\n<h2 style=\"text-align: center;\"><strong>15 de Octubre D\u00cdA DE LA SEGURIDAD DEL BAST\u00d3N BLANCO<\/strong><\/h2>\n<p>[\/vc_column_text][vc_column_text]El D\u00eda Nacional de la Seguridad del Bast\u00f3n Blanco, el 15 de octubre, celebra anualmente los logros de las personas ciegas o con discapacidad visual. El d\u00eda marca la importancia de reconocer el bast\u00f3n blanco. El bast\u00f3n blanco no es s\u00f3lo una herramienta. Tambi\u00e9n representa la independencia de los ciegos en todo el mundo.<\/p>\n<p>#WhiteCaneSafetyDay <img loading=\"lazy\" decoding=\"async\" class=\"size-medium wp-image-21741 alignright\" src=\"https:\/\/www.ccasa.org\/wp-content\/uploads\/2023\/09\/pic-1-box-1-2-300x263.jpg\" alt=\"\" width=\"300\" height=\"263\" \/><\/p>\n<p>Este d\u00eda se ha reservado para celebrar todos los logros de las personas ciegas o con discapacidad visual, y el principal s\u00edmbolo de la ceguera y herramienta de independencia, el bast\u00f3n blanco.<\/p>\n<p>Aunque los avances tecnol\u00f3gicos siguen mejorando la vida de las personas ciegas y deficientes visuales, el bast\u00f3n blanco sigue siendo una necesidad b\u00e1sica para llevar una vida independiente y productiva. El bast\u00f3n blanco ampl\u00eda los sentidos de una persona permiti\u00e9ndole determinar escalones, pavimentos desnivelados y obst\u00e1culos. Pero tambi\u00e9n proporciona un nivel de seguridad como se\u00f1al para el p\u00fablico que ve. Es importante no interrumpir el camino de una persona con bast\u00f3n blanco ni desviarla en otra direcci\u00f3n. Un usuario h\u00e1bil permite que el bast\u00f3n encuentre el camino m\u00e1s despejado.<\/p>\n<p><strong>C\u00d3MO CELEBRAR EL D\u00cdA DE LA SEGURIDAD DEL BAST\u00d3N BLANCO<\/strong><\/p>\n<p>Mantener los pasillos y las puertas libres de cajas y otros desechos es un buen primer paso. Sin embargo, el d\u00eda se centra principalmente en la independencia y la igualdad de las personas con discapacidad visual. Su visi\u00f3n no deber\u00eda ser un obst\u00e1culo para alcanzar sus metas y sue\u00f1os, y el bast\u00f3n blanco simboliza esos logros. Utiliza #WhiteCaneSafetyDay para publicar en las redes sociales.<\/p>\n<p><strong>HISTORIA DEL D\u00cdA NACIONAL DEL BAST\u00d3N BLANCO<\/strong><\/p>\n<p>Tras una resoluci\u00f3n conjunta aprobada por el Congreso de los Estados Unidos, la H.R. 753 se convirti\u00f3 en ley el 6 de octubre de 1964, autorizando al presidente a proclamar el D\u00eda de la Seguridad del Bast\u00f3n Blanco. El presidente Lyndon B. Johnson firm\u00f3 la primera proclamaci\u00f3n del D\u00eda de la Seguridad del Bast\u00f3n Blanco el 15 de octubre de 1964..<\/p>\n<p>Este d\u00eda tambi\u00e9n fue nombrado D\u00eda de la Igualdad de los Estadounidenses Ciegos en 2011 por el Presidente Barack Obama.<\/p>\n<p>Siempre se puede hacer mucho m\u00e1s para marcar la diferencia. Para m\u00e1s informaci\u00f3n sobre el D\u00eda de la Seguridad del Bast\u00f3n Blanco, visite la Federaci\u00f3n Nacional de Ciegos.<\/p>\n<p><strong>\u00a0Preguntas frecuentes sobre el <\/strong><strong>Bast\u00f3n blanco <\/strong><\/p>\n<ol>\n<li>Adem\u00e1s del bast\u00f3n, \u00bfqu\u00e9 otras herramientas utilizan los ciegos?<\/li>\n<li>Las personas con ceguera tienen acceso a varias herramientas y recursos que mejoran su independencia. Por ejemplo:<\/li>\n<\/ol>\n<ul>\n<li><strong>Perros gu\u00eda<\/strong> \u2013 Estos perros especialmente adiestrados responden a \u00f3rdenes y reconocen obst\u00e1culos para las personas con visi\u00f3n limitada.<\/li>\n<li><strong>Braille<\/strong> \u2013 El alfabeto braille se lee con la punta de los dedos y permite a las personas con visi\u00f3n limitada leer libros, men\u00fas, instrucciones, etc.<\/li>\n<li><strong>Lectores de pantallas<\/strong> \u2013 Estas herramientas de navegaci\u00f3n permiten a los invidentes acceder a p\u00e1ginas web.<\/li>\n<\/ul>\n<p><strong>Article source\u00a0 <\/strong><a href=\"https:\/\/nationaldaycalendar.com\/white-cane-safety-day-october-15\/\"><strong>https:\/\/nationaldaycalendar.com\/white-cane-safety-day-october-15\/<\/strong><\/a><\/p>\n<p>Nota*: este articulo esta escrito y publicado originalmente en Ingles.[\/vc_column_text][vc_video link=\u00bbhttps:\/\/www.youtube.com\/watch?v=rNoim9ZeCCU&amp;t=10s\u00bb title=\u00bb15 de octubre: D\u00eda Mundial del Bast\u00f3n Blanco\u00bb][vc_empty_space height=\u00bb40px\u00bb][\/vc_column][\/vc_row][vc_row][vc_column][vc_column_text]<strong>El 30 de octubre es el \u00abD\u00cdA DEL SERVICIO\u00bb.<\/strong>[\/vc_column_text][vc_column_text]Speak Up For Service Day del 30 de octubre reconoce la importancia de que los j\u00f3venes participen activamente en el servicio a la comunidad. Con demasiada frecuencia, las buenas acciones de los j\u00f3venes pasan desapercibidas para sus comunidades. El D\u00eda Speak Up For Service da reconocimiento a los que pasan desapercibidos. Sirve de recordatorio para hablar a los dem\u00e1s de las contribuciones de los j\u00f3venes a sus comunidades.<\/p>\n<p>#SpeakUpForServiceDay<\/p>\n<p>Cada a\u00f1o, \u00a0el concurso de oratoria \u00abHable en nombre del servicio\u00bb se realiza junto con la Convenci\u00f3n Leon\u00edstica Estatal de Dakota del Norte. Otros clubes de Leones y distritos de Norteam\u00e9rica patrocinan concursos de oratoria similares. Los j\u00f3venes comparten sus puntos de vista sobre temas de actualidad. Adem\u00e1s, hablan sobre las contribuciones de los Leones para hacer del mundo un lugar mejor.<\/p>\n<p><strong>C\u00d3MO CELEBRAR EL D\u00cdA DE \u00abALZAR LA VOZ POR EL SERVICIO<\/strong><\/p>\n<p>Habla de las iniciativas de servicio en tu comunidad. Reconoce a los j\u00f3venes de tu comunidad por los proyectos que apoyan e inician. Cuando reconocemos su esfuerzo, nuestras comunidades prosperan. Muchas organizaciones tambi\u00e9n crean oportunidades para que los j\u00f3venes participen. A medida que los j\u00f3venes de tu entorno se involucren, ver\u00e1s c\u00f3mo aumenta su confianza. Su impacto positivo en la comunidad tambi\u00e9n dejar\u00e1 una impresi\u00f3n duradera. Cuando lo celebres, no dejes de invitar a otros a que se unan a ti.<\/p>\n<p>Utiliza #SpeakUpForServiceDay para publicar en las redes sociales.<\/p>\n<p><strong>HISTORIA DEL D\u00cdA NACIONAL DE LA PALABRA PARA EL SERVICIO<\/strong><\/p>\n<p>El Club de Leones de Mandan fund\u00f3 la asociaci\u00f3n nacional Speak Up For<\/p>\n<p>La historia del Proyecto Alza la Voz por el Servicio comenz\u00f3 en 2003. El Club de Leones de Fargo, ND, inici\u00f3 un concurso de oratoria para estudiantes de secundaria de la zona en honor a Laura Christensen Espejo. Laura dedic\u00f3 su vida a mejorar los servicios sanitarios disponibles para los menos afortunados de la comunidad de Fargo y Per\u00fa, el pa\u00eds de su marido, Lucho. El Le\u00f3n Robert Littlefield coordin\u00f3 el concurso a escala local. Pronto, lo lanz\u00f3 como una iniciativa a nivel estatal mientras se desempe\u00f1aba como Gobernador de Distrito en 2010-2011.<\/p>\n<p>En 2010, el Club de Leones organiz\u00f3 su primer concurso anual de oratoria Los Leones Hablan por el Servicio. Los concursantes hablaron en la Convenci\u00f3n Leon\u00edstica Estatal de Dakota del Norte en Grand Forks. Los estudiantes secundarios que participaron en el concurso hablaron sobre temas relacionados con los j\u00f3venes y el servicio comunitario. Brent Johnson, alumno del \u00faltimo a\u00f1o de la Escuela Secundaria Shanley, gan\u00f3 el primer Concurso de Oratoria para el Servicio. Johnson y los dem\u00e1s concursantes recibieron becas por su participaci\u00f3n en el certamen.<\/p>\n<p><strong>Article source: <\/strong><a href=\"https:\/\/nationaldaycalendar.com\/speak-up-for-service-day-october-30\/\"><strong>https:\/\/nationaldaycalendar.com\/speak-up-for-service-day-october-30\/<\/strong><\/a>[\/vc_column_text][vc_empty_space height=\u00bb40px\u00bb][\/vc_column][\/vc_row][vc_row][vc_column][vc_column_text]<\/p>\n<h2><\/h2>\n<p><strong>D\u00eda Mundial de la Terapia Ocupacional<\/strong>[\/vc_column_text][vc_column_text]El 27 de octubre se celebra el D\u00eda Mundial de la Terapia Ocupacional, una fecha proclamada en el a\u00f1o 2010 por la Federaci\u00f3n Mundial de Terapia Ocupacional (WFOT). <img loading=\"lazy\" decoding=\"async\" class=\"size-medium wp-image-21746 alignright\" src=\"https:\/\/www.ccasa.org\/wp-content\/uploads\/2023\/09\/Dia-de-la-terapia-ocupacional-300x300.webp\" alt=\"\" width=\"300\" height=\"300\" \/><\/p>\n<p><strong>\u00bfPor qu\u00e9 se celebra el D\u00eda Mundial de la Terapia Ocupacional?<\/strong><\/p>\n<p>Este d\u00eda se cre\u00f3 con el objetivo de promover la profesi\u00f3n de la terapia ocupacional a nivel internacional. Se quiere visibilizar el trabajo y desarrollo de esta profesi\u00f3n, y generar y difundir actividades relacionadas con la terapia ocupacional.<\/p>\n<p>Tambi\u00e9n se busca crear conciencia, tanto en los terapeutas ocupacionales como en la sociedad en general, sobre el impacto que tiene esta profesi\u00f3n a nivel global, ya que es totalmente imprescindible para muchas personas.<\/p>\n<p>World Federation of Ocupationals Therapists (WFOT)<\/p>\n<p>Conocida en el mundo hispano como la Federaci\u00f3n Mundial de Terapia Ocupacional, est\u00e1 instituci\u00f3n comenz\u00f3 a funcionar formalmente en junio de 1951, en una reuni\u00f3n llevada a cabo en Inglaterra con representantes de diversos pa\u00edses.<\/p>\n<p>Despu\u00e9s de distintas reuniones y de un intenso trabajo, logr\u00f3 ser admitida en la Organizaci\u00f3n Mundial de la Salud (OMS) en 1959. Cuatro a\u00f1os despu\u00e9s pas\u00f3 a ser reconocida como Organizaci\u00f3n No Gubernamental por la Organizaci\u00f3n de Naciones Unidas (ONU).<\/p>\n<p>En la actualidad, cuentan con una colecci\u00f3n de archivos donde se puede encontrar toda la informaci\u00f3n e historia de la organizaci\u00f3n. La misma fue publicada en septiembre de 2011 por la Biblioteca Wellcome en Londres (Reino Unido). Pueden encontrarse a trav\u00e9s de este link introduciendo \u00abSA \/ WFO\u00bb en el cuadro de b\u00fasqueda de Referencia.<\/p>\n<p><strong>\u00bfQu\u00e9 es la Terapia Ocupacional?<\/strong><\/p>\n<p>T\u00e9cnicamente hablando, la Terapia Ocupacional es una ciencia socio-sanitaria que, a trav\u00e9s de actividades terap\u00e9uticas, busca favorecer a las personas a ser independientes y tener mejor calidad de vida.<\/p>\n<p>Se compone de una serie de t\u00e9cnicas, m\u00e9todos y actividades destinadas a mejorar la vida de personas que han sufrido alg\u00fan da\u00f1o cerebral o que tienen alguna dificultad para hacer cualquier actividad cotidiana.<\/p>\n<p><img loading=\"lazy\" decoding=\"async\" class=\"alignnone size-medium wp-image-21744\" src=\"https:\/\/www.ccasa.org\/wp-content\/uploads\/2023\/09\/box-2-300x199.jpg\" alt=\"\" width=\"300\" height=\"199\" \/><\/p>\n<p>El paciente debe poder elegir la actividad que m\u00e1s le guste<\/p>\n<p><strong>La profesi\u00f3n del Terapeuta Ocupacional<\/strong><\/p>\n<p>Este profesional socio-sanitario dirige su actuaci\u00f3n a beb\u00e9s, ni\u00f1os, adultos y personas mayores que tienen alguna discapacidad f\u00edsica o mental, ayud\u00e1ndolos a obtener mayor autonom\u00eda en sus tareas cotidianas y lograr llevarlos a una vida independiente.<\/p>\n<p>Entre sus pacientes se encuentran personas que han sufrido enfermedades o lesiones, tales como:<\/p>\n<ul>\n<li>Par\u00e1lisis cerebral infantil.<\/li>\n<li>Enfermedades degenerativas del sistema nervioso central.<\/li>\n<li>Insuficiencia renal.<\/li>\n<li>Lesiones de m\u00e9dula espinal.<\/li>\n<li>Lesiones traumatol\u00f3gicas.<\/li>\n<li>Discapacidad intelectual.<\/li>\n<li>Trastornos postquir\u00fargicos.<\/li>\n<li>Trastornos reum\u00e1ticos.<\/li>\n<\/ul>\n<p><strong>C\u00f3mo celebrar el D\u00eda de la Terapia Ocupacional<\/strong><\/p>\n<p>Todos podemos ayudar en la promoci\u00f3n y celebraci\u00f3n de este d\u00eda. En la p\u00e1gina Web de la Federaci\u00f3n tenemos gran variedad de recursos que podemos descargar y utilizar:<\/p>\n<ul>\n<li>Gu\u00eda para planificar y organizar un evento.<\/li>\n<li>Logotipo, carteles e ilustraciones para redes sociales.<\/li>\n<li>Posibilidad de unirse a la Red en l\u00ednea (OTION).<\/li>\n<\/ul>\n<p>&nbsp;<\/p>\n<p><strong>Article source: <\/strong><\/p>\n<p><strong>\u00a0<\/strong><a href=\"https:\/\/www.buenosairesresidencia.com\/dia-mundial-de-la-terapia-ocupacional\/#:~:text=El%2027%20de%20octubre%20se,de%20Terapia%20Ocupacional%20(WFOT)\"><strong>https:\/\/www.buenosairesresidencia.com\/dia-mundial-de-la-terapia-ocupacional\/#:~:text=El%2027%20de%20octubre%20se,de%20Terapia%20Ocupacional%20(WFOT)<\/strong><\/a><strong>.<\/strong>[\/vc_column_text][vc_video link=\u00bbhttps:\/\/www.youtube.com\/watch?v=bknT3sThiEo\u00bb title=\u00bbD\u00eda Mundial de la Terapia Ocupacional\u00bb][vc_empty_space height=\u00bb40px\u00bb][\/vc_column][\/vc_row][vc_row][vc_column][vc_column_text]<\/p>\n<div class=\"wpb_text_column wpb_content_element \">\n<div class=\"wpb_wrapper\">\n<h2><strong>ESTAD\u00cdSTICAS DE FRECUENCIA<\/strong><\/h2>\n<\/div>\n<\/div>\n<p>[\/vc_column_text][vc_column_text]<\/p>\n<h3><strong>C\u00f3mo intervienen los adolescents en Activismo<\/strong><\/h3>\n<p>\u00bfSab\u00edas que&#8230;? El D\u00eda Mundial de la Estad\u00edstica es el 20 de octubre de 2023.<\/p>\n<p><strong>C\u00f3mo intervienen los adolescents en Activismo<\/strong><\/p>\n<p>Cuando se trata de activismo, los adolescentes en 2020 se centran en educar a sus amigos y familiares, un tipo de acci\u00f3n decididamente menos asertiva que en estudios anteriores. En comparaci\u00f3n, en 2018, m\u00e1s de una cuarta parte de los encuestados dijeron que hab\u00edan \u00abasistido a protestas o concentraciones\u00bb o \u00abboicoteado a una empresa\u00bb en el a\u00f1o anterior.<\/p>\n<ul>\n<li>32% Inform\u00f3 recientemente a familiares o amigos sobre una causa<\/li>\n<li>24% Recicla con regularidad o toma otras medidas para vivir de forma m\u00e1s sostenible<\/li>\n<li>20% Dona o dedica tiempo voluntariamente a una causa con regularidad<\/li>\n<li>4% Han boicoteado una empresa<\/li>\n<\/ul>\n<p><strong>Article source: <\/strong><a href=\"https:\/\/www.prnewswire.com\/news-releases\/social-activism-and-teens-new-data-on-why-its-more-important-than-ever-301043564.html\"><strong>https:\/\/www.prnewswire.com\/news-releases\/social-activism-and-teens-new-data-on-why-its-more-important-than-ever-301043564.html<\/strong><\/a>[\/vc_column_text][vc_empty_space][vc_column_text][\/vc_column_text][\/vc_column][\/vc_row][vc_row][vc_column][vc_column_text]<\/p>\n<p>[\/vc_column_text][\/vc_column][\/vc_row]<\/p>\n<\/div>","protected":false},"excerpt":{"rendered":"<p>Agosto, mes   dedicado al cuidado de ti mismo centrado en vacacionar o relajarte. Este mes esta lleno  de d\u00edas festivos, observancias estatales , nacionales y mundiales. Es el mes utilizado para darte un capricho y cuidarse a si mismo! <\/p>\n<p class=\"read-more-container\"><a class=\"button\" href=\"https:\/\/ccasa.org\/es\/sabias-octubre-2023\/\">Lee mas<\/a><\/p>\n","protected":false},"author":150,"featured_media":14324,"comment_status":"closed","ping_status":"closed","sticky":false,"template":"","format":"standard","meta":{"_acf_changed":false,"footnotes":""},"categories":[464],"tags":[473,472,474],"class_list":["post-21731","post","type-post","status-publish","format-standard","has-post-thumbnail","hentry","category-sabias","tag-estadisticas","tag-la-salud","tag-recursos","resize-featured-image"],"acf":[],"yoast_head":"<!-- This site is optimized with the Yoast SEO plugin v27.5 - https:\/\/yoast.com\/product\/yoast-seo-wordpress\/ -->\n<title>Sabias Octubre 2023 - Colorado Coalition Against Sexual Assault<\/title>\n<meta name=\"description\" content=\"CCASA blogs allow Colorado advocates and survivors to share the stories. We use our voices because staying silent isn\u2019t an option.\" \/>\n<meta name=\"robots\" content=\"index, follow, max-snippet:-1, max-image-preview:large, max-video-preview:-1\" \/>\n<link rel=\"canonical\" href=\"https:\/\/ccasa.org\/es\/sabias-octubre-2023\/\" \/>\n<meta property=\"og:locale\" content=\"es_ES\" \/>\n<meta property=\"og:type\" content=\"article\" \/>\n<meta property=\"og:title\" content=\"Sabias Octubre 2023 - Colorado Coalition Against Sexual Assault\" \/>\n<meta property=\"og:description\" content=\"CCASA blogs allow Colorado advocates and survivors to share the stories. We use our voices because staying silent isn\u2019t an option.\" \/>\n<meta property=\"og:url\" content=\"https:\/\/ccasa.org\/es\/sabias-octubre-2023\/\" \/>\n<meta property=\"og:site_name\" content=\"Colorado Coalition Against Sexual Assault\" \/>\n<meta property=\"article:published_time\" content=\"2023-10-01T13:00:48+00:00\" \/>\n<meta property=\"og:image\" content=\"https:\/\/ccasa.org\/wp-content\/uploads\/2021\/01\/default-blog-image-2.jpg\" \/>\n\t<meta property=\"og:image:width\" content=\"845\" \/>\n\t<meta property=\"og:image:height\" content=\"400\" \/>\n\t<meta property=\"og:image:type\" content=\"image\/jpeg\" \/>\n<meta name=\"author\" content=\"Agueda Morgan\" \/>\n<meta name=\"twitter:card\" content=\"summary_large_image\" \/>\n<meta name=\"twitter:label1\" content=\"Escrito por\" \/>\n\t<meta name=\"twitter:data1\" content=\"Agueda Morgan\" \/>\n\t<meta name=\"twitter:label2\" content=\"Tiempo de lectura\" \/>\n\t<meta name=\"twitter:data2\" content=\"10 minutos\" \/>\n<script type=\"application\/ld+json\" class=\"yoast-schema-graph\">{\"@context\":\"https:\\\/\\\/schema.org\",\"@graph\":[{\"@type\":\"Article\",\"@id\":\"https:\\\/\\\/ccasa.org\\\/es\\\/sabias-octubre-2023\\\/#article\",\"isPartOf\":{\"@id\":\"https:\\\/\\\/ccasa.org\\\/es\\\/sabias-octubre-2023\\\/\"},\"author\":{\"name\":\"Agueda Morgan\",\"@id\":\"https:\\\/\\\/ccasa.org\\\/#\\\/schema\\\/person\\\/3de91310ab0177292ecee1894894334b\"},\"headline\":\"Sabias Octubre 2023\",\"datePublished\":\"2023-10-01T13:00:48+00:00\",\"mainEntityOfPage\":{\"@id\":\"https:\\\/\\\/ccasa.org\\\/es\\\/sabias-octubre-2023\\\/\"},\"wordCount\":2653,\"publisher\":{\"@id\":\"https:\\\/\\\/ccasa.org\\\/#organization\"},\"image\":{\"@id\":\"https:\\\/\\\/ccasa.org\\\/es\\\/sabias-octubre-2023\\\/#primaryimage\"},\"thumbnailUrl\":\"https:\\\/\\\/ccasa.org\\\/wp-content\\\/uploads\\\/2021\\\/01\\\/default-blog-image-2.jpg\",\"keywords\":[\"estad\u00edsticas\",\"la salud\",\"recursos\"],\"articleSection\":[\"Sabias\"],\"inLanguage\":\"es\"},{\"@type\":\"WebPage\",\"@id\":\"https:\\\/\\\/ccasa.org\\\/es\\\/sabias-octubre-2023\\\/\",\"url\":\"https:\\\/\\\/ccasa.org\\\/es\\\/sabias-octubre-2023\\\/\",\"name\":\"Sabias Octubre 2023 - Colorado Coalition Against Sexual Assault\",\"isPartOf\":{\"@id\":\"https:\\\/\\\/ccasa.org\\\/#website\"},\"primaryImageOfPage\":{\"@id\":\"https:\\\/\\\/ccasa.org\\\/es\\\/sabias-octubre-2023\\\/#primaryimage\"},\"image\":{\"@id\":\"https:\\\/\\\/ccasa.org\\\/es\\\/sabias-octubre-2023\\\/#primaryimage\"},\"thumbnailUrl\":\"https:\\\/\\\/ccasa.org\\\/wp-content\\\/uploads\\\/2021\\\/01\\\/default-blog-image-2.jpg\",\"datePublished\":\"2023-10-01T13:00:48+00:00\",\"description\":\"CCASA blogs allow Colorado advocates and survivors to share the stories. We use our voices because staying silent isn\u2019t an option.\",\"breadcrumb\":{\"@id\":\"https:\\\/\\\/ccasa.org\\\/es\\\/sabias-octubre-2023\\\/#breadcrumb\"},\"inLanguage\":\"es\",\"potentialAction\":[{\"@type\":\"ReadAction\",\"target\":[\"https:\\\/\\\/ccasa.org\\\/es\\\/sabias-octubre-2023\\\/\"]}]},{\"@type\":\"ImageObject\",\"inLanguage\":\"es\",\"@id\":\"https:\\\/\\\/ccasa.org\\\/es\\\/sabias-octubre-2023\\\/#primaryimage\",\"url\":\"https:\\\/\\\/ccasa.org\\\/wp-content\\\/uploads\\\/2021\\\/01\\\/default-blog-image-2.jpg\",\"contentUrl\":\"https:\\\/\\\/ccasa.org\\\/wp-content\\\/uploads\\\/2021\\\/01\\\/default-blog-image-2.jpg\",\"width\":845,\"height\":400,\"caption\":\"CCASA Logo\"},{\"@type\":\"BreadcrumbList\",\"@id\":\"https:\\\/\\\/ccasa.org\\\/es\\\/sabias-octubre-2023\\\/#breadcrumb\",\"itemListElement\":[{\"@type\":\"ListItem\",\"position\":1,\"name\":\"Home\",\"item\":\"https:\\\/\\\/ccasa.org\\\/es\\\/\"},{\"@type\":\"ListItem\",\"position\":2,\"name\":\"Sabias Octubre 2023\"}]},{\"@type\":\"WebSite\",\"@id\":\"https:\\\/\\\/ccasa.org\\\/#website\",\"url\":\"https:\\\/\\\/ccasa.org\\\/\",\"name\":\"Colorado Coalition Against Sexual Assault\",\"description\":\"\",\"publisher\":{\"@id\":\"https:\\\/\\\/ccasa.org\\\/#organization\"},\"potentialAction\":[{\"@type\":\"SearchAction\",\"target\":{\"@type\":\"EntryPoint\",\"urlTemplate\":\"https:\\\/\\\/ccasa.org\\\/?s={search_term_string}\"},\"query-input\":{\"@type\":\"PropertyValueSpecification\",\"valueRequired\":true,\"valueName\":\"search_term_string\"}}],\"inLanguage\":\"es\"},{\"@type\":\"Organization\",\"@id\":\"https:\\\/\\\/ccasa.org\\\/#organization\",\"name\":\"Colorado Coalition Against Sexual Assault (CCASA)\",\"url\":\"https:\\\/\\\/ccasa.org\\\/\",\"logo\":{\"@type\":\"ImageObject\",\"inLanguage\":\"es\",\"@id\":\"https:\\\/\\\/ccasa.org\\\/#\\\/schema\\\/logo\\\/image\\\/\",\"url\":\"https:\\\/\\\/www.ccasa.org\\\/wp-content\\\/uploads\\\/2018\\\/05\\\/ccasa-logo-large_png.png\",\"contentUrl\":\"https:\\\/\\\/www.ccasa.org\\\/wp-content\\\/uploads\\\/2018\\\/05\\\/ccasa-logo-large_png.png\",\"width\":1920,\"height\":1080,\"caption\":\"Colorado Coalition Against Sexual Assault (CCASA)\"},\"image\":{\"@id\":\"https:\\\/\\\/ccasa.org\\\/#\\\/schema\\\/logo\\\/image\\\/\"}},{\"@type\":\"Person\",\"@id\":\"https:\\\/\\\/ccasa.org\\\/#\\\/schema\\\/person\\\/3de91310ab0177292ecee1894894334b\",\"name\":\"Agueda Morgan\",\"image\":{\"@type\":\"ImageObject\",\"inLanguage\":\"es\",\"@id\":\"https:\\\/\\\/secure.gravatar.com\\\/avatar\\\/2ba86ddc8186355ac63dfbbdc26e9ac96b41c9a0e5ebcdc9392be88eaa816e00?s=96&d=mm&r=g\",\"url\":\"https:\\\/\\\/secure.gravatar.com\\\/avatar\\\/2ba86ddc8186355ac63dfbbdc26e9ac96b41c9a0e5ebcdc9392be88eaa816e00?s=96&d=mm&r=g\",\"contentUrl\":\"https:\\\/\\\/secure.gravatar.com\\\/avatar\\\/2ba86ddc8186355ac63dfbbdc26e9ac96b41c9a0e5ebcdc9392be88eaa816e00?s=96&d=mm&r=g\",\"caption\":\"Agueda Morgan\"},\"url\":\"https:\\\/\\\/ccasa.org\\\/es\\\/author\\\/amorgan\\\/\"}]}<\/script>\n<!-- \/ Yoast SEO plugin. -->","yoast_head_json":{"title":"Sabias Octubre 2023 - Colorado Coalition Against Sexual Assault","description":"CCASA blogs allow Colorado advocates and survivors to share the stories. We use our voices because staying silent isn\u2019t an option.","robots":{"index":"index","follow":"follow","max-snippet":"max-snippet:-1","max-image-preview":"max-image-preview:large","max-video-preview":"max-video-preview:-1"},"canonical":"https:\/\/ccasa.org\/es\/sabias-octubre-2023\/","og_locale":"es_ES","og_type":"article","og_title":"Sabias Octubre 2023 - Colorado Coalition Against Sexual Assault","og_description":"CCASA blogs allow Colorado advocates and survivors to share the stories. We use our voices because staying silent isn\u2019t an option.","og_url":"https:\/\/ccasa.org\/es\/sabias-octubre-2023\/","og_site_name":"Colorado Coalition Against Sexual Assault","article_published_time":"2023-10-01T13:00:48+00:00","og_image":[{"width":845,"height":400,"url":"https:\/\/ccasa.org\/wp-content\/uploads\/2021\/01\/default-blog-image-2.jpg","type":"image\/jpeg"}],"author":"Agueda Morgan","twitter_card":"summary_large_image","twitter_misc":{"Escrito por":"Agueda Morgan","Tiempo de lectura":"10 minutos"},"schema":{"@context":"https:\/\/schema.org","@graph":[{"@type":"Article","@id":"https:\/\/ccasa.org\/es\/sabias-octubre-2023\/#article","isPartOf":{"@id":"https:\/\/ccasa.org\/es\/sabias-octubre-2023\/"},"author":{"name":"Agueda Morgan","@id":"https:\/\/ccasa.org\/#\/schema\/person\/3de91310ab0177292ecee1894894334b"},"headline":"Sabias Octubre 2023","datePublished":"2023-10-01T13:00:48+00:00","mainEntityOfPage":{"@id":"https:\/\/ccasa.org\/es\/sabias-octubre-2023\/"},"wordCount":2653,"publisher":{"@id":"https:\/\/ccasa.org\/#organization"},"image":{"@id":"https:\/\/ccasa.org\/es\/sabias-octubre-2023\/#primaryimage"},"thumbnailUrl":"https:\/\/ccasa.org\/wp-content\/uploads\/2021\/01\/default-blog-image-2.jpg","keywords":["estad\u00edsticas","la salud","recursos"],"articleSection":["Sabias"],"inLanguage":"es"},{"@type":"WebPage","@id":"https:\/\/ccasa.org\/es\/sabias-octubre-2023\/","url":"https:\/\/ccasa.org\/es\/sabias-octubre-2023\/","name":"Sabias Octubre 2023 - Colorado Coalition Against Sexual Assault","isPartOf":{"@id":"https:\/\/ccasa.org\/#website"},"primaryImageOfPage":{"@id":"https:\/\/ccasa.org\/es\/sabias-octubre-2023\/#primaryimage"},"image":{"@id":"https:\/\/ccasa.org\/es\/sabias-octubre-2023\/#primaryimage"},"thumbnailUrl":"https:\/\/ccasa.org\/wp-content\/uploads\/2021\/01\/default-blog-image-2.jpg","datePublished":"2023-10-01T13:00:48+00:00","description":"CCASA blogs allow Colorado advocates and survivors to share the stories. We use our voices because staying silent isn\u2019t an option.","breadcrumb":{"@id":"https:\/\/ccasa.org\/es\/sabias-octubre-2023\/#breadcrumb"},"inLanguage":"es","potentialAction":[{"@type":"ReadAction","target":["https:\/\/ccasa.org\/es\/sabias-octubre-2023\/"]}]},{"@type":"ImageObject","inLanguage":"es","@id":"https:\/\/ccasa.org\/es\/sabias-octubre-2023\/#primaryimage","url":"https:\/\/ccasa.org\/wp-content\/uploads\/2021\/01\/default-blog-image-2.jpg","contentUrl":"https:\/\/ccasa.org\/wp-content\/uploads\/2021\/01\/default-blog-image-2.jpg","width":845,"height":400,"caption":"CCASA Logo"},{"@type":"BreadcrumbList","@id":"https:\/\/ccasa.org\/es\/sabias-octubre-2023\/#breadcrumb","itemListElement":[{"@type":"ListItem","position":1,"name":"Home","item":"https:\/\/ccasa.org\/es\/"},{"@type":"ListItem","position":2,"name":"Sabias Octubre 2023"}]},{"@type":"WebSite","@id":"https:\/\/ccasa.org\/#website","url":"https:\/\/ccasa.org\/","name":"Colorado Coalition Against Sexual Assault","description":"","publisher":{"@id":"https:\/\/ccasa.org\/#organization"},"potentialAction":[{"@type":"SearchAction","target":{"@type":"EntryPoint","urlTemplate":"https:\/\/ccasa.org\/?s={search_term_string}"},"query-input":{"@type":"PropertyValueSpecification","valueRequired":true,"valueName":"search_term_string"}}],"inLanguage":"es"},{"@type":"Organization","@id":"https:\/\/ccasa.org\/#organization","name":"Colorado Coalition Against Sexual Assault (CCASA)","url":"https:\/\/ccasa.org\/","logo":{"@type":"ImageObject","inLanguage":"es","@id":"https:\/\/ccasa.org\/#\/schema\/logo\/image\/","url":"https:\/\/www.ccasa.org\/wp-content\/uploads\/2018\/05\/ccasa-logo-large_png.png","contentUrl":"https:\/\/www.ccasa.org\/wp-content\/uploads\/2018\/05\/ccasa-logo-large_png.png","width":1920,"height":1080,"caption":"Colorado Coalition Against Sexual Assault (CCASA)"},"image":{"@id":"https:\/\/ccasa.org\/#\/schema\/logo\/image\/"}},{"@type":"Person","@id":"https:\/\/ccasa.org\/#\/schema\/person\/3de91310ab0177292ecee1894894334b","name":"Agueda Morgan","image":{"@type":"ImageObject","inLanguage":"es","@id":"https:\/\/secure.gravatar.com\/avatar\/2ba86ddc8186355ac63dfbbdc26e9ac96b41c9a0e5ebcdc9392be88eaa816e00?s=96&d=mm&r=g","url":"https:\/\/secure.gravatar.com\/avatar\/2ba86ddc8186355ac63dfbbdc26e9ac96b41c9a0e5ebcdc9392be88eaa816e00?s=96&d=mm&r=g","contentUrl":"https:\/\/secure.gravatar.com\/avatar\/2ba86ddc8186355ac63dfbbdc26e9ac96b41c9a0e5ebcdc9392be88eaa816e00?s=96&d=mm&r=g","caption":"Agueda Morgan"},"url":"https:\/\/ccasa.org\/es\/author\/amorgan\/"}]}},"_links":{"self":[{"href":"https:\/\/ccasa.org\/es\/wp-json\/wp\/v2\/posts\/21731","targetHints":{"allow":["GET"]}}],"collection":[{"href":"https:\/\/ccasa.org\/es\/wp-json\/wp\/v2\/posts"}],"about":[{"href":"https:\/\/ccasa.org\/es\/wp-json\/wp\/v2\/types\/post"}],"author":[{"embeddable":true,"href":"https:\/\/ccasa.org\/es\/wp-json\/wp\/v2\/users\/150"}],"replies":[{"embeddable":true,"href":"https:\/\/ccasa.org\/es\/wp-json\/wp\/v2\/comments?post=21731"}],"version-history":[{"count":0,"href":"https:\/\/ccasa.org\/es\/wp-json\/wp\/v2\/posts\/21731\/revisions"}],"wp:featuredmedia":[{"embeddable":true,"href":"https:\/\/ccasa.org\/es\/wp-json\/wp\/v2\/media\/14324"}],"wp:attachment":[{"href":"https:\/\/ccasa.org\/es\/wp-json\/wp\/v2\/media?parent=21731"}],"wp:term":[{"taxonomy":"category","embeddable":true,"href":"https:\/\/ccasa.org\/es\/wp-json\/wp\/v2\/categories?post=21731"},{"taxonomy":"post_tag","embeddable":true,"href":"https:\/\/ccasa.org\/es\/wp-json\/wp\/v2\/tags?post=21731"}],"curies":[{"name":"wp","href":"https:\/\/api.w.org\/{rel}","templated":true}]}}