{"id":21627,"date":"2023-09-01T06:00:08","date_gmt":"2023-09-01T12:00:08","guid":{"rendered":"https:\/\/www.ccasa.org\/?p=21627"},"modified":"2023-08-18T15:00:00","modified_gmt":"2023-08-18T21:00:00","slug":"sabias-septiembre-2023","status":"publish","type":"post","link":"https:\/\/ccasa.org\/es\/sabias-septiembre-2023\/","title":{"rendered":"Sabias Septiembre 2023"},"content":{"rendered":"<div class=\"wpb-content-wrapper\"><p>[vc_row css=\u00bb.vc_custom_1612968358632{margin-top: 70px !important;}\u00bb][vc_column][vc_row_inner][vc_column_inner][vc_column_text]<\/p>\n<h2><strong>Observancias en Septiembre<\/strong><\/h2>\n<p>[\/vc_column_text][\/vc_column_inner][\/vc_row_inner][vc_row_inner equal_height=\u00bbyes\u00bb][vc_column_inner width=\u00bb1\/4&#8243;][vc_column_text css=\u00bb.vc_custom_1692388672020{margin-bottom: 0px !important;padding-top: 10px !important;padding-right: 10px !important;padding-bottom: 10px !important;padding-left: 10px !important;background-color: #ffffff !important;}\u00bb]<\/p>\n<p style=\"text-align: center;\"><strong>1 de Septiembre<\/strong><\/p>\n<p style=\"text-align: center;\">D\u00eda Mundial de la Salud Sexual<\/p>\n<p>[\/vc_column_text][\/vc_column_inner][vc_column_inner width=\u00bb1\/4&#8243;][vc_column_text css=\u00bb.vc_custom_1692388971702{margin-bottom: 0px !important;padding-top: 10px !important;padding-right: 10px !important;padding-bottom: 10px !important;padding-left: 10px !important;background-color: #ffffff !important;}\u00bb]<\/p>\n<p style=\"text-align: center;\"><strong>4 de Septiembre<br \/>\n<\/strong>D\u00eda del Trabajo\u00a0 \u00a0&amp;<\/p>\n<p style=\"text-align: center;\">D\u00eda Internacional de la Mujer Ind\u00edgena<\/p>\n<p>[\/vc_column_text][\/vc_column_inner][vc_column_inner width=\u00bb1\/4&#8243;][vc_column_text css=\u00bb.vc_custom_1692389017364{margin-bottom: 0px !important;padding-top: 10px !important;padding-right: 10px !important;padding-bottom: 10px !important;padding-left: 10px !important;background-color: #ffffff !important;}\u00bb]<\/p>\n<p style=\"text-align: center;\"><strong>8 de Septiembre<br \/>\n<\/strong>\u00a0D\u00eda internacional\u00a0de la Alfabetizaci\u00f3n<\/p>\n<p>[\/vc_column_text][\/vc_column_inner][vc_column_inner width=\u00bb1\/4&#8243;][vc_column_text css=\u00bb.vc_custom_1692389068436{margin-bottom: 0px !important;padding-top: 10px !important;padding-right: 10px !important;padding-bottom: 10px !important;padding-left: 10px !important;background-color: #ffffff !important;}\u00bb]<\/p>\n<p style=\"text-align: center;\"><strong>10 de Septiembre<br \/>\n<\/strong>D\u00eda\u00a0Mundial para la Prevenci\u00f3n del Suicidio<\/p>\n<p>[\/vc_column_text][\/vc_column_inner][\/vc_row_inner][vc_single_image image=\u00bb21650&#8243; img_size=\u00bbfull\u00bb alignment=\u00bbcenter\u00bb css=\u00bb.vc_custom_1692388893078{padding-bottom: 10px !important;background-color: #ffffff !important;}\u00bb][vc_row_inner equal_height=\u00bbyes\u00bb][vc_column_inner width=\u00bb1\/4&#8243;][vc_column_text css=\u00bb.vc_custom_1692389210878{margin-bottom: 0px !important;padding-top: 10px !important;padding-right: 10px !important;padding-bottom: 10px !important;padding-left: 10px !important;background-color: #ffffff !important;}\u00bb]<\/p>\n<p style=\"text-align: center;\"><strong>15 de Septiembre<br \/>\n<\/strong>D\u00eda internacional de la Democracia &amp;<\/p>\n<p style=\"text-align: center;\">Comienza el Mes de la Herencia Hispana<\/p>\n<p>[\/vc_column_text][\/vc_column_inner][vc_column_inner width=\u00bb1\/4&#8243;][vc_column_text css=\u00bb.vc_custom_1692389498531{margin-bottom: 0px !important;padding-top: 10px !important;padding-right: 10px !important;padding-bottom: 10px !important;padding-left: 10px !important;background-color: #ffffff !important;}\u00bb]<\/p>\n<p style=\"text-align: center;\"><strong>16 de Septiembre<br \/>\n<\/strong>D\u00eda Internacional\u00a0de la Preservaci\u00f3n de la Capa de Ozono<\/p>\n<p>[\/vc_column_text][\/vc_column_inner][vc_column_inner width=\u00bb1\/4&#8243;][vc_column_text css=\u00bb.vc_custom_1692389552675{margin-bottom: 0px !important;padding-top: 10px !important;padding-right: 10px !important;padding-bottom: 10px !important;padding-left: 10px !important;background-color: #ffffff !important;}\u00bb]<\/p>\n<p style=\"text-align: center;\"><strong>18 de Septiembre<br \/>\n<\/strong>D\u00eda Internacional de la Igualdad Salarial<\/p>\n<p>[\/vc_column_text][vc_single_image image=\u00bb21652&#8243; img_size=\u00bbfull\u00bb alignment=\u00bbcenter\u00bb css=\u00bb.vc_custom_1692389620944{padding-bottom: 10px !important;background-color: #ffffff !important;}\u00bb][\/vc_column_inner][vc_column_inner width=\u00bb1\/4&#8243;][vc_column_text css=\u00bb.vc_custom_1692389667434{padding-top: 10px !important;padding-right: 10px !important;padding-bottom: 10px !important;padding-left: 10px !important;background-color: #ffffff !important;}\u00bb]<\/p>\n<p style=\"text-align: center;\"><strong>20 de Septiembre<br \/>\n<\/strong>D\u00eda Mundial de la Libertad de Expresi\u00f3n de Pensamiento<\/p>\n<p>[\/vc_column_text][\/vc_column_inner][\/vc_row_inner][vc_row_inner equal_height=\u00bbyes\u00bb][vc_column_inner width=\u00bb1\/4&#8243;][vc_column_text css=\u00bb.vc_custom_1692389724293{margin-bottom: 0px !important;padding-top: 10px !important;padding-right: 10px !important;padding-bottom: 10px !important;padding-left: 10px !important;background-color: #ffffff !important;}\u00bb]<\/p>\n<p style=\"text-align: center;\"><strong>21 de Septiembre<br \/>\n<\/strong>D\u00eda internacional\u00a0de la Paz.<\/p>\n<p>[\/vc_column_text][\/vc_column_inner][vc_column_inner width=\u00bb1\/4&#8243;][vc_column_text css=\u00bb.vc_custom_1692389831244{margin-bottom: 0px !important;padding-top: 10px !important;padding-right: 10px !important;padding-bottom: 10px !important;padding-left: 10px !important;background-color: #ffffff !important;}\u00bb]<\/p>\n<p style=\"text-align: center;\"><strong>23 de Septiembre<\/strong><\/p>\n<p style=\"text-align: center;\">D\u00eda Internacional Contra la Explotaci\u00f3n Sexual y la Trata de Personas<\/p>\n<p>[\/vc_column_text][\/vc_column_inner][vc_column_inner width=\u00bb1\/4&#8243;][vc_column_text css=\u00bb.vc_custom_1692389874818{margin-bottom: 0px !important;padding-top: 10px !important;padding-right: 10px !important;padding-bottom: 10px !important;padding-left: 10px !important;background-color: #ffffff !important;}\u00bb]<\/p>\n<p style=\"text-align: center;\"><strong>23 de Septiembre<br \/>\n<\/strong><\/p>\n<p style=\"text-align: center;\">Equinoccio de Oto\u00f1o<\/p>\n<p>[\/vc_column_text][\/vc_column_inner][vc_column_inner width=\u00bb1\/4&#8243;][vc_column_text css=\u00bb.vc_custom_1692389916852{margin-bottom: 0px !important;padding-top: 10px !important;padding-right: 10px !important;padding-bottom: 10px !important;padding-left: 10px !important;background-color: #ffffff !important;}\u00bb]<\/p>\n<p style=\"text-align: center;\"><strong>25 de Septiembre<br \/>\n<\/strong>D\u00eda Internacional de las Personas Sordas<\/p>\n<p>[\/vc_column_text][vc_single_image image=\u00bb21654&#8243; img_size=\u00bbfull\u00bb alignment=\u00bbcenter\u00bb][\/vc_column_inner][\/vc_row_inner][vc_row_inner equal_height=\u00bbyes\u00bb][vc_column_inner width=\u00bb1\/4&#8243;][vc_column_text css=\u00bb.vc_custom_1692390097628{margin-bottom: 0px !important;padding-top: 10px !important;padding-right: 10px !important;padding-bottom: 10px !important;padding-left: 10px !important;background-color: #ffffff !important;}\u00bb]<\/p>\n<p style=\"text-align: center;\"><strong>26 de Septiembre<br \/>\n<\/strong><\/p>\n<p style=\"text-align: center;\">D\u00eda Mundial de la Anticoncepci\u00f3n<\/p>\n<p>[\/vc_column_text][vc_single_image image=\u00bb21656&#8243; img_size=\u00bbfull\u00bb alignment=\u00bbcenter\u00bb][\/vc_column_inner][vc_column_inner width=\u00bb1\/4&#8243;][vc_column_text css=\u00bb.vc_custom_1692390194963{margin-bottom: 0px !important;padding-top: 10px !important;padding-right: 10px !important;padding-bottom: 10px !important;padding-left: 10px !important;background-color: #ffffff !important;}\u00bb]<\/p>\n<p style=\"text-align: center;\"><strong>28 de Septiembre<br \/>\n<\/strong><\/p>\n<p style=\"text-align: center;\">D\u00eda Internacional del Derecho de Acceso Universal a la Informaci\u00f3n<\/p>\n<p>[\/vc_column_text][\/vc_column_inner][vc_column_inner width=\u00bb1\/4&#8243;][vc_column_text]<\/p>\n<p style=\"text-align: center;\"><strong>\u00a030 de Septiembre<\/strong><\/p>\n<p style=\"text-align: center;\">D\u00eda Internacional de la Traducci\u00f3n<\/p>\n<p>[\/vc_column_text][\/vc_column_inner][vc_column_inner width=\u00bb1\/4&#8243;][vc_column_text][\/vc_column_text][\/vc_column_inner][\/vc_row_inner][\/vc_column][\/vc_row][vc_row css=\u00bb.vc_custom_1612968056872{margin-top: 32px !important;}\u00bb][vc_column][vc_column_text]<\/p>\n<h2><strong>D\u00eda Internacional de la Mujer Ind\u00edgena<\/strong><\/h2>\n<p>[\/vc_column_text][vc_column_text]El 5 de septiembre se celebra el D\u00eda Internacional de la Mujer Ind\u00edgena, y tiene como objetivo rendir tributo a todas las mujeres pertenecientes a los pueblos<img loading=\"lazy\" decoding=\"async\" class=\" wp-image-21648 alignright\" src=\"https:\/\/www.ccasa.org\/wp-content\/uploads\/2023\/08\/Picture2-box-1-1-300x141.png\" alt=\"\" width=\"343\" height=\"161\" \/> ind\u00edgenas del mundo.<\/p>\n<p>A continuaci\u00f3n presentamos\u00a0 una re-copilaci\u00f3n de mensajes la ONU Mujeres ha publicado en los ultimos a\u00f1os:<\/p>\n<p>ONU conmemora el D\u00eda Internacional de las Mujeres Ind\u00edgenas enmarcando \u201cllamamos a visibilizar el rol fundamental que las mujeres ind\u00edgenas juegan en la importante tarea de mantener y defender la identidad de sus pueblos, reafirmando su derecho para que sus voces, diversas y muestra de la riqueza cultural que representan, se escuchen de manera fuerte y clara en todos los espacios en los que habitan, no solo en el hogar y la familia, sino tambi\u00e9n en el espacio pol\u00edtico, social, econ\u00f3mico y cultural.\u201d<\/p>\n<p>Las brechas de desigualdad en la regi\u00f3n de Am\u00e9rica Latina y el Caribe atentan gravemente contra la autonom\u00eda de las mujeres, especialmente de las mujeres ind\u00edgenas. Las mujeres son al menos la mitad de la poblaci\u00f3n y las mujeres ind\u00edgenas, en la mayor\u00eda de los pa\u00edses de la regi\u00f3n, representan tambi\u00e9n mayor\u00edas. Adem\u00e1s, las mujeres ind\u00edgenas siguen enfrentando m\u00faltiples tipos de violencias y discriminaci\u00f3n que han enfrentado por siglos.<\/p>\n<p>ONU Mujeres subraya el papel fundamental que desempe\u00f1an las mujeres ind\u00edgenas en la conservaci\u00f3n de su cultura, sus lenguas y sus tradiciones y reconocer\u00e1 el liderazgo y la capacidad de acci\u00f3n de las mujeres ind\u00edgenas en la protecci\u00f3n del medio ambiente y la biodiversidad y en la lucha contra el cambio clim\u00e1tico. Es imprescindible promover una cultura que respete, reconozca y apoye los liderazgos de las mujeres ind\u00edgenas, y prevenir, sancionar y erradicar todas las formas de violencia pol\u00edtica hacia ellas.<\/p>\n<p>Siguiendo el principio del \u201cNada sobre nosotras sin nosotras\u201d, desde ONU Mujeres estamos convencidas que cualquier iniciativa dirigida a mujeres ind\u00edgenas y a sus pueblos debe ser acompa\u00f1ada y promovida por ellas mismas y reflejar sus voces.<\/p>\n<p>ONU Mujeres M\u00e9xico de 2022 compartio:<\/p>\n<p><em>\u201c<strong>Cuando una ni\u00f1a\/o pierde su arraigo e identidad, tambi\u00e9n pierde el pueblo, ya que ellas\/os representan la continuidad de la identidad, de las ra\u00edces, de las pr\u00e1cticas culturales, y la continuidad de ser pueblo ind\u00edgena, y no podemos seguir perdiendo m\u00e1s ni\u00f1as\/os y j\u00f3venes por cosas como el racismo y las expresiones de discriminaci\u00f3n\u201d, Laura Hern\u00e1ndez, Ind\u00edgena del pueblo nahua o n\u00e1huatl de M\u00e9xico<\/strong>.<\/em><\/p>\n<p>\u201cSoy Laura Hern\u00e1ndez, tengo 37 a\u00f1os, y me auto escribo como una mujer ind\u00edgena del pueblo nahua o n\u00e1huatl. Como hija de mam\u00e1 veracruzana y un pap\u00e1 de Puebla, el llegar a la Ciudad de M\u00e9xico me mostr\u00f3 que venir de una familia ind\u00edgena migrante tiene el desaf\u00edo en s\u00ed mismo de ser reconocida como mujer ind\u00edgena, por lo que me dediqu\u00e9 a recuperar mi identidad, la memoria de mis ancestros\/as, y mis ra\u00edces\u201d, coment\u00f3 Laura Hern\u00e1ndez, Ind\u00edgena del pueblo nahua o n\u00e1huatl de M\u00e9xico. Coordinadora regi\u00f3n centro de la Coordinadora Nacional de Mujeres Ind\u00edgenas CONAMI M\u00e9xico, y punto focal de Regi\u00f3n M\u00e9xico del Enlace Continental de Mujeres Ind\u00edgenas de las Am\u00e9ricas, ECMIA.<\/p>\n<p>Para Laura su enfoque de vida y trabajo se centra en el activismo y defensa de los derechos humanos, poniendo especial enfoque en ni\u00f1as\/os y j\u00f3venes ind\u00edgenas, esto debido a que, durante su trabajo como voluntaria con pueblos ind\u00edgenas, se dio cuenta que, por ejemplo, los pueblos otom\u00edes en la ciudad pierden el arraigo o identidad de su cultura.<\/p>\n<p><strong><em>\u201cNo eres del pueblo porque no est\u00e1s directamente viviendo con el pueblo y no te reconocen, pero llegas a la ciudad y se te discrimina o invisibiliza por ser ind\u00edgena. Entonces las familias empiezan a rechazar sus propias ra\u00edces como ind\u00edgenas, para aspirar a otras cosas, que de acuerdo a la sociedad son mejores\u201d<\/em><\/strong>, recalc\u00f3 Laura.<\/p>\n<p>Los avances en materia de derechos de mujeres ind\u00edgenas han sido a partir de la lucha organizada de las propias comunidades y pueblos ind\u00edgenas, todo se ha generado a trav\u00e9s de la exigencia propia de los pueblos ind\u00edgenas. Nosotras estamos con procesos de informaci\u00f3n, formaci\u00f3n con las mujeres ind\u00edgenas para que comprendan la importancia de tener una recomendaci\u00f3n espec\u00edfica, tambi\u00e9n lo hacemos a trav\u00e9s de campa\u00f1as de visibilizaci\u00f3n y difusi\u00f3n sobre este proceso de consulta, y seguimos aportando y dando seguimiento puntual al Comit\u00e9 de Expertas que est\u00e1n elaborando el informe\u201d, concluye Laura.<\/p>\n<p>Construir sociedades m\u00e1s incluyentes es posible si los derechos humanos tienen un enfoque que integre las diferentes expresiones culturales y contribuya al empoderamiento de los pueblos ind\u00edgenas, sobre todo, de las mujeres que los integran.<\/p>\n<p><strong>Article source: <\/strong><\/p>\n<p><strong>ONU MUJERES Am\u00e9rica Latina y el Caribe:<\/strong><\/p>\n<p><a href=\"https:\/\/lac.unwomen.org\/es\/noticias-y-eventos\/en-la-mira\/dia-de-las-mujeres-indigenas\"><strong>https:\/\/lac.unwomen.org\/es\/noticias-y-eventos\/en-la-mira\/dia-de-las-mujeres-indigenas<\/strong><\/a><\/p>\n<p><strong>ONU MUJERES M\u00e9xico: <\/strong><\/p>\n<p><a href=\"https:\/\/mexico.unwomen.org\/es\/stories\/noticia\/2022\/09\/5-de-septiembre-dia-internacional-de-la-mujer-indigena#:~:text=El%205%20de%20septiembre%20se,los%20pueblos%20ind%C3%ADgenas%20del%20mundo\"><strong>https:\/\/mexico.unwomen.org\/es\/stories\/noticia\/2022\/09\/5-de-septiembre-dia-internacional-de-la-mujer-indigena#:~:text=El%205%20de%20septiembre%20se,los%20pueblos%20ind%C3%ADgenas%20del%20mundo<\/strong><\/a><strong>. <\/strong>[\/vc_column_text][vc_video link=\u00bbhttps:\/\/www.youtube.com\/watch?v=sBUr0Tg6dDk\u00bb title=\u00bbMensaje de la Ministra de Cultura en el D\u00eda Internacional de la Mujer Ind\u00edgena | 5 de septiembre\u00bb][vc_empty_space height=\u00bb40px\u00bb][\/vc_column][\/vc_row][vc_row][vc_column][vc_column_text]<\/p>\n<h2><strong>D\u00eda del Trabajo en Estados Unidos<\/strong><\/h2>\n<p>[\/vc_column_text][vc_column_text]El 4 de Septiembre, 2023 se celebra el D\u00eda Internacional del Trabajo en USA.<\/p>\n<p><img loading=\"lazy\" decoding=\"async\" class=\" wp-image-21644 aligncenter\" src=\"https:\/\/www.ccasa.org\/wp-content\/uploads\/2023\/08\/Picture7-labor-day-2.jpg\" alt=\"\" width=\"305\" height=\"161\" \/><\/p>\n<p>El D\u00eda del Trabajo tiene ra\u00edces profundas en los 130 a\u00f1os del movimiento laboral en Estados Unidos.<\/p>\n<p>El D\u00eda del Trabajo conmemora el origen del movimiento obrero de 1886. En 1984 se celebr\u00f3 el IV Congreso de la Federaci\u00f3n Americana del Trabajo (American Federation of Labor) en Chicago, Estados Unidos. El objetivo principal de este congreso fue la petici\u00f3n de reducir la jornada laboral a 8 horas diarias. Al no cumplir cos las demandas la Federaci\u00f3n Estadounidense del Trabajo convoc\u00f3 una huelga general en Chicago el 1 de mayo para exigir una jornada laboral de ocho horas, que culmin\u00f3 en lo que hoy se conoce como la revuelta de Haymarket.<\/p>\n<p>Desde entonces, el primero de mayo se celebra con el fin de promover el respeto hacia los derechos de los empleados en todo el mundo. Sin embargo, en Estados Unidos el D\u00eda del Trabajo o Labor Day no se celebra el 1 de mayo, <strong>sino el primer lunes de Septiembre<\/strong>.<\/p>\n<p><strong>\u00bfQui\u00e9n fund\u00f3 el D\u00eda del Trabajo? ( escrito por Corina Gonz\u00e1lez)<\/strong><\/p>\n<p>Seg\u00fan el Departamento de Trabajo, no est\u00e1 completamente claro qui\u00e9n sugiri\u00f3 por primera vez el feriado del D\u00eda del Trabajo. Algunas fuentes dicen que Matthew Maguire propuso la fiesta en 1882 mientras se desempe\u00f1aba como secretario del Sindicato Central de Trabajadores de Nueva York. Otros argumentan que Peter J. Mcguire, cofundador de la Federaci\u00f3n Estadounidense del Trabajo, sugiri\u00f3 un feriado para las \u201cclases trabajadoras\u201d en 1882.<\/p>\n<p><strong>D\u00eda del Trabajo (Estados Unidos) \u2013 Datos ( escrito por WinCalendar)<\/strong><\/p>\n<p>La huelga celebrada el primero de mayo de 1886 en Estados Unidos reuni\u00f3 a m\u00e1s de 350.000 obreros en ciudades como New York, Chicago y Cincinnati. Estas ciudades eran el centro obrero de los Estados Unidos. Como consecuencia de esta huelga, el presidente Andrew Johnson promulgar\u00eda la ley de Ingersoll, que establec\u00eda la jornada laboral de ocho horas para todos los obreros de ese pa\u00eds.<\/p>\n<p>El D\u00eda del Trabajo fue instituido por La Segunda Internacional (organizaci\u00f3n internacional que agrupaba a los obreros) durante la celebraci\u00f3n del Congreso Obrero Socialista en el a\u00f1o de 1889, en Par\u00eds. Se dispuso que la fecha de celebraci\u00f3n fuera el primero de mayo conmemorando la huelga laboral ocurrida en 1886 en Estados Unidos. Esto le dio el car\u00e1cter de celebraci\u00f3n internacional al D\u00eda del Trabajo.<\/p>\n<p>A cuatro d\u00edas de la primera huelga ocurrida en 1886, se desarroll\u00f3 la Revuelta de Haymarket en Chicago, Estados Unidos. En esta protesta participaron m\u00e1s de 20.000 obreros y la misma termin\u00f3 en tragedia al estallar un artefacto explosivo. Varios obreros fueron encarcelados y condenados a muerte por estos hechos. Esto contribuy\u00f3 a marcar el primero de mayo como un d\u00eda para reforzar el sentido de defensa hacia los derechos de los trabajadores.<\/p>\n<p>Actualmente en pa\u00edses como Estados Unidos y Canad\u00e1 se celebra el D\u00eda del Trabajo en el primer lunes de septiembre de cada a\u00f1o. En Australia la celebraci\u00f3n toma lugar en el primer lunes del mes de octubre. Esto principalmente debido a que a finales del siglo 19, los gobiernos no quer\u00edan reforzar el car\u00e1cter revolucionario de esta celebraci\u00f3n al relacionarlo con los hechos ocurridos el primero de mayo de 1886.<\/p>\n<p>En 1890 se celebr\u00f3 un congreso internacional en Berl\u00edn a partir del cual surgi\u00f3 la necesidad de crear un organismo internacional que velara por los derechos de los trabajadores en todo el mundo. Con ello naci\u00f3 la Oficina Internacional del Trabajo, la cual pasar\u00eda a ser la Organizaci\u00f3n Internacional del Trabajo (OIT). Esta entidad pasar\u00eda a estar bajo el control de las Naciones Unidas. A pesar de esto, son las agremiaciones sindicales las que promueven la celebraci\u00f3n de este d\u00eda.<\/p>\n<p>D\u00eda del Trabajo (Estados Unidos) &#8211; Eventos Importantes y Cosas Para Hacer<\/p>\n<p>En la mayor\u00eda de los pa\u00edses del mundo lo trabajadores de toda \u00edndole salen a protestar a las calles. Estas protestas suelen incluir marchas en las principales ciudades del mundo y son lideradas por agremiaciones sindicales.<\/p>\n<p>Visitar el Museo de los Trabajadores, ubicado en la ciudad de la Plata en la provincia de Buenos Aires, Argentina. Este museo conserva elementos relacionados al nacimiento del movimiento obrero en 1886.<\/p>\n<p>En diferentes lugares del mundo se erigen monumentos a los trabajadores. Algunos conmemoran eventos especiales que han marcado la historia del mundo laboral. Por ejemplo, el monumento a los \u00abTrabajadores Ca\u00eddos del Astillero en 1970\u00bb ubicado en Polonia. En Latinoam\u00e9rica puede visitar algunos de ellos: el Monumento a los Trabajadores en ciudad Ju\u00e1rez, M\u00e9xico; el monumento Canto al Trabajo en Buenos Aires, Argentina; el monumento Homenaje al Hombre y Mujer Trabajadores en Managua, Nicaragua.<\/p>\n<p>Comprar o rentar el documental \u00abInside Job\u00bb (2010) \u2013 \u00abTrabajo interno\u00bb en espa\u00f1ol. Dirigido por Charles Ferguson, este documental narra los hechos de la crisis econ\u00f3mica de 2008 y las consecuencias que esta trajo para los trabajadores de diferentes industrias. Hace un an\u00e1lisis cr\u00edtico sobre las condiciones no adecuadas que la mayor\u00eda de empleados deben soportar en todo el mundo.<\/p>\n<p>Comprar o rentar la pel\u00edcula \u00abTiempos Modernos\u00bb (1936). Dirigida por, Charles Chaplin, esta pel\u00edcula se ambienta en la \u00e9poca de la Gran Depresi\u00f3n de los a\u00f1os 30 en los Estados Unidos. La pel\u00edcula resalta la carencia de condiciones laborales adecuadas de la \u00e9poca, y la proliferaci\u00f3n de protestas lideradas por los obreros en pro del respeto hacia sus derechos.<\/p>\n<p><strong>Article source: <\/strong><\/p>\n<ul>\n<li><strong>Corina Gonz\u00e1lezgo 2022 \u201cD\u00eda del Trabajo en USA: \u00bfpor qu\u00e9 se celebra en septiembre y no el 1 de mayo?\u201d<\/strong><\/li>\n<\/ul>\n<p><a href=\"https:\/\/us.as.com\/actualidad\/dia-del-trabajo-en-usa-por-que-se-celebra-en-septiembre-y-no-el-1-de-mayo-n\/\"><strong>https:\/\/us.as.com\/actualidad\/dia-del-trabajo-en-usa-por-que-se-celebra-en-septiembre-y-no-el-1-de-mayo-n\/<\/strong><\/a><\/p>\n<ul>\n<li><strong>WinCalendar<\/strong><\/li>\n<\/ul>\n<p><a href=\"https:\/\/www.wincalendar.com\/es\/Dia-del-Trabajo-US\">https:\/\/www.wincalendar.com\/es\/Dia-del-Trabajo-US<\/a><\/p>\n<p>[\/vc_column_text][vc_empty_space height=\u00bb40px\u00bb][\/vc_column][\/vc_row][vc_row][vc_column][vc_column_text]<\/p>\n<h2><\/h2>\n<p><strong>D\u00eda Internacional de las Lenguas de Se\u00f1as, 23 de Septiembre<\/strong>[\/vc_column_text][vc_column_text]<strong>\u00a1Las lenguas de signos nos unen!<\/strong><\/p>\n<p><strong><img loading=\"lazy\" decoding=\"async\" class=\"size-medium wp-image-21634 aligncenter\" src=\"https:\/\/www.ccasa.org\/wp-content\/uploads\/2023\/08\/Picture5-box-2-pic-2-300x142.jpg\" alt=\"\" width=\"300\" height=\"142\" \/><\/strong><\/p>\n<p>El D\u00eda Internacional de las Lenguas de Se\u00f1as es una oportunidad \u00fanica para<img loading=\"lazy\" decoding=\"async\" class=\" wp-image-21632 alignright\" src=\"https:\/\/www.ccasa.org\/wp-content\/uploads\/2023\/08\/Picture4-box-2sign-language.jpg\" alt=\"\" width=\"300\" height=\"300\" \/> apoyar y proteger la identidad ling\u00fc\u00edstica y la diversidad cultural de todas las personas sordas y otros usuarios de la lengua de signos.<\/p>\n<p>La celebraci\u00f3n del D\u00eda Internacional de las Lenguas de Se\u00f1as\u00a0 resalta la unidad que generan nuestras lenguas de se\u00f1as y los esfuerzos colectivos de las comunidades sordas, los gobiernos y la sociedad civil para fomentar, promover y reconocer las lenguas de se\u00f1as nacionales como parte de los paisajes ling\u00fc\u00edsticos vibrantes y diversos de sus pa\u00edses.<\/p>\n<p>Seg\u00fan la Federaci\u00f3n Mundial de Sordos, existen aproximadamente 70 millones de personas sordas en todo el mundo. M\u00e1s del 80 por ciento vive en pa\u00edses en desarrollo y como colectivo, utilizan m\u00e1s de 300 diferentes lenguas de se\u00f1as.<\/p>\n<p>Las lenguas de se\u00f1as son idiomas naturales a todos los efectos, estructuralmente distintos de las lenguas habladas. Existe tambi\u00e9n un lenguaje de se\u00f1as internacional que es el que utilizan las personas sordas en reuniones internacionales y, de manera informal, cuando viajan y socializan. Este lenguaje internacional se considera una lengua pidgin, es decir, una lengua mixta creada a partir de una lengua determinada m\u00e1s otros elementos de otra u otras lenguas. En el caso de la lengua de se\u00f1as internacional es menos compleja que la lengua naturales de se\u00f1as y tiene un l\u00e9xico limitado.<\/p>\n<p><strong>Antecedentes<\/strong><\/p>\n<p>La propuesta para celebrar este D\u00eda naci\u00f3 de la Federaci\u00f3n Mundial de Sordos, un ente compuesto por 135 asociaciones nacionales de sordos que representan aproximadamente 70 millones de personas sordas en todo el mundo. La resoluci\u00f3n A\/RES\/72\/161 fue patrocinada por la misi\u00f3n permanente de Antigua y Barbuda ante las Naciones Unidas, copatrocinada por 97 Estados miembros de las Naciones Unidas y aprobada por consenso el 19 de diciembre de 2017.<\/p>\n<p>Se eligi\u00f3 el 23 de septiembre como la fecha conmemorativa porque fue la fecha en que se estableci\u00f3 la Federaci\u00f3n Mundial de Sordos\u00a0 en 1951. Este D\u00eda marca el nacimiento de una organizaci\u00f3n, que tiene como uno de sus principales objetivos, la preservaci\u00f3n de los lenguajes de signos y la cultura sorda como prerrequisitos para la realizaci\u00f3n de los derechos humanos de las personas sordas.<\/p>\n<p>El primer d\u00eda internacional de las lenguas de se\u00f1as se celebrar\u00e1 el 23 de septiembre de 2018 como parte de la Semana Internacional de los Sordos, que se llevar\u00e1 a cabo del 24 al 30 de septiembre.<\/p>\n<p>La Semana Internacional de los Sordos se celebr\u00f3 por primera vez en septiembre de 1958 y desde entonces se ha convertido en un movimiento global que promueve y crea conciencia sobre las cuestiones que las personas sordas enfrentan en su vida cotidiana.<\/p>\n<p><strong>Article source: naciones Unidas <\/strong><\/p>\n<p><a href=\"https:\/\/www.un.org\/es\/observances\/sign-languages-day\">https:\/\/www.un.org\/es\/observances\/sign-languages-day<\/a>[\/vc_column_text][vc_video link=\u00bbhttps:\/\/www.youtube.com\/watch?v=h7rXBXc8Jtg&amp;t=46s\u00bb title=\u00bbRompiendo las reglas: m\u00fasica del rapero sordo finland\u00e9s SIGNMARK\u00bb][vc_empty_space height=\u00bb40px\u00bb][\/vc_column][\/vc_row][vc_row][vc_column][vc_column_text]<\/p>\n<div class=\"wpb_text_column wpb_content_element \">\n<div class=\"wpb_wrapper\">\n<h2><strong>ESTAD\u00cdSTICAS DE FRECUENCIA<\/strong><\/h2>\n<\/div>\n<\/div>\n<p>[\/vc_column_text][vc_column_text]<strong>MES DE LA HERENCIA HISP\u00c1NICA<\/strong><\/p>\n<p>Un 95% de los hispanos residentes en Estados Unidos provienen de pa\u00edses latinoamericanos o caribe\u00f1os, seg\u00fan los datos de 2019 de la oficina demogr\u00e1fica del pa\u00eds norteamericano, el US Census Bureau. Del total de 60,5 millones de habitantes que se definen como hispanos, hispanoamericanos o latinos, unos 37,2 millones (el 61,5%) son de origen mexicano. La segunda proveniencia m\u00e1s com\u00fan de la comunidad hispana en EE.UU. es Puerto Rico, responsable de unos 5,8 millones de residentes, casi el 10% del total.<\/p>\n<p>Si excluimos a M\u00e9xico, el Caribe es la regi\u00f3n de origen m\u00e1s importante. Aproximadamente un 17% de todas las personas censadas, unos 10,3 millones, manifestaron ser de origen puertorrique\u00f1o, cubano o dominicano. Asimismo, uno de cada diez hispano-estadounidenses proviene o es de ascendencia centroamericana, con El Salvador a la cabeza, cuyo origen aducen 2,3 millones de residentes en Estados Unidos.<\/p>\n<p>&nbsp;<\/p>\n<p><strong><img loading=\"lazy\" decoding=\"async\" class=\" wp-image-21640 aligncenter\" src=\"https:\/\/www.ccasa.org\/wp-content\/uploads\/2023\/08\/Picture9-stats-2-245x300.png\" alt=\"\" width=\"297\" height=\"363\" \/><\/strong><\/p>\n<p><strong>Article Source:M\u00f3nica Mena Roa Data Journalist<\/strong><\/p>\n<p><a href=\"https:\/\/es.statista.com\/grafico\/25841\/poblacion-hispanoamericana-en-estados-unidos-por-origen\/\"><strong>https:\/\/es.statista.com\/grafico\/25841\/poblacion-hispanoamericana-en-estados-unidos-por-origen\/<\/strong><\/a>[\/vc_column_text][vc_empty_space][vc_column_text][\/vc_column_text][\/vc_column][\/vc_row][vc_row][vc_column][vc_column_text]<\/p>\n<p>[\/vc_column_text][\/vc_column][\/vc_row]<\/p>\n<\/div>","protected":false},"excerpt":{"rendered":"<p>Agosto, mes   dedicado al cuidado de ti mismo centrado en vacacionar o relajarte. Este mes esta lleno  de d\u00edas festivos, observancias estatales , nacionales y mundiales. Es el mes utilizado para darte un capricho y cuidarse a si mismo! <\/p>\n<p class=\"read-more-container\"><a class=\"button\" href=\"https:\/\/ccasa.org\/es\/sabias-septiembre-2023\/\">Lee mas<\/a><\/p>\n","protected":false},"author":150,"featured_media":14324,"comment_status":"closed","ping_status":"closed","sticky":false,"template":"","format":"standard","meta":{"_acf_changed":false,"footnotes":""},"categories":[464],"tags":[473,472,474],"class_list":["post-21627","post","type-post","status-publish","format-standard","has-post-thumbnail","hentry","category-sabias","tag-estadisticas","tag-la-salud","tag-recursos","resize-featured-image"],"acf":[],"yoast_head":"<!-- This site is optimized with the Yoast SEO plugin v27.5 - https:\/\/yoast.com\/product\/yoast-seo-wordpress\/ -->\n<title>Sabias Septiembre 2023 - Colorado Coalition Against Sexual Assault<\/title>\n<meta name=\"description\" content=\"CCASA blogs allow Colorado advocates and survivors to share the stories. We use our voices because staying silent isn\u2019t an option.\" \/>\n<meta name=\"robots\" content=\"index, follow, max-snippet:-1, max-image-preview:large, max-video-preview:-1\" \/>\n<link rel=\"canonical\" href=\"https:\/\/ccasa.org\/es\/sabias-septiembre-2023\/\" \/>\n<meta property=\"og:locale\" content=\"es_ES\" \/>\n<meta property=\"og:type\" content=\"article\" \/>\n<meta property=\"og:title\" content=\"Sabias Septiembre 2023 - Colorado Coalition Against Sexual Assault\" \/>\n<meta property=\"og:description\" content=\"CCASA blogs allow Colorado advocates and survivors to share the stories. We use our voices because staying silent isn\u2019t an option.\" \/>\n<meta property=\"og:url\" content=\"https:\/\/ccasa.org\/es\/sabias-septiembre-2023\/\" \/>\n<meta property=\"og:site_name\" content=\"Colorado Coalition Against Sexual Assault\" \/>\n<meta property=\"article:published_time\" content=\"2023-09-01T12:00:08+00:00\" \/>\n<meta property=\"og:image\" content=\"https:\/\/ccasa.org\/wp-content\/uploads\/2021\/01\/default-blog-image-2.jpg\" \/>\n\t<meta property=\"og:image:width\" content=\"845\" \/>\n\t<meta property=\"og:image:height\" content=\"400\" \/>\n\t<meta property=\"og:image:type\" content=\"image\/jpeg\" \/>\n<meta name=\"author\" content=\"Agueda Morgan\" \/>\n<meta name=\"twitter:card\" content=\"summary_large_image\" \/>\n<meta name=\"twitter:label1\" content=\"Escrito por\" \/>\n\t<meta name=\"twitter:data1\" content=\"Agueda Morgan\" \/>\n\t<meta name=\"twitter:label2\" content=\"Tiempo de lectura\" \/>\n\t<meta name=\"twitter:data2\" content=\"13 minutos\" \/>\n<script type=\"application\/ld+json\" class=\"yoast-schema-graph\">{\"@context\":\"https:\\\/\\\/schema.org\",\"@graph\":[{\"@type\":\"Article\",\"@id\":\"https:\\\/\\\/ccasa.org\\\/es\\\/sabias-septiembre-2023\\\/#article\",\"isPartOf\":{\"@id\":\"https:\\\/\\\/ccasa.org\\\/es\\\/sabias-septiembre-2023\\\/\"},\"author\":{\"name\":\"Agueda Morgan\",\"@id\":\"https:\\\/\\\/ccasa.org\\\/#\\\/schema\\\/person\\\/3de91310ab0177292ecee1894894334b\"},\"headline\":\"Sabias Septiembre 2023\",\"datePublished\":\"2023-09-01T12:00:08+00:00\",\"mainEntityOfPage\":{\"@id\":\"https:\\\/\\\/ccasa.org\\\/es\\\/sabias-septiembre-2023\\\/\"},\"wordCount\":3487,\"publisher\":{\"@id\":\"https:\\\/\\\/ccasa.org\\\/#organization\"},\"image\":{\"@id\":\"https:\\\/\\\/ccasa.org\\\/es\\\/sabias-septiembre-2023\\\/#primaryimage\"},\"thumbnailUrl\":\"https:\\\/\\\/ccasa.org\\\/wp-content\\\/uploads\\\/2021\\\/01\\\/default-blog-image-2.jpg\",\"keywords\":[\"estad\u00edsticas\",\"la salud\",\"recursos\"],\"articleSection\":[\"Sabias\"],\"inLanguage\":\"es\"},{\"@type\":\"WebPage\",\"@id\":\"https:\\\/\\\/ccasa.org\\\/es\\\/sabias-septiembre-2023\\\/\",\"url\":\"https:\\\/\\\/ccasa.org\\\/es\\\/sabias-septiembre-2023\\\/\",\"name\":\"Sabias Septiembre 2023 - Colorado Coalition Against Sexual Assault\",\"isPartOf\":{\"@id\":\"https:\\\/\\\/ccasa.org\\\/#website\"},\"primaryImageOfPage\":{\"@id\":\"https:\\\/\\\/ccasa.org\\\/es\\\/sabias-septiembre-2023\\\/#primaryimage\"},\"image\":{\"@id\":\"https:\\\/\\\/ccasa.org\\\/es\\\/sabias-septiembre-2023\\\/#primaryimage\"},\"thumbnailUrl\":\"https:\\\/\\\/ccasa.org\\\/wp-content\\\/uploads\\\/2021\\\/01\\\/default-blog-image-2.jpg\",\"datePublished\":\"2023-09-01T12:00:08+00:00\",\"description\":\"CCASA blogs allow Colorado advocates and survivors to share the stories. We use our voices because staying silent isn\u2019t an option.\",\"breadcrumb\":{\"@id\":\"https:\\\/\\\/ccasa.org\\\/es\\\/sabias-septiembre-2023\\\/#breadcrumb\"},\"inLanguage\":\"es\",\"potentialAction\":[{\"@type\":\"ReadAction\",\"target\":[\"https:\\\/\\\/ccasa.org\\\/es\\\/sabias-septiembre-2023\\\/\"]}]},{\"@type\":\"ImageObject\",\"inLanguage\":\"es\",\"@id\":\"https:\\\/\\\/ccasa.org\\\/es\\\/sabias-septiembre-2023\\\/#primaryimage\",\"url\":\"https:\\\/\\\/ccasa.org\\\/wp-content\\\/uploads\\\/2021\\\/01\\\/default-blog-image-2.jpg\",\"contentUrl\":\"https:\\\/\\\/ccasa.org\\\/wp-content\\\/uploads\\\/2021\\\/01\\\/default-blog-image-2.jpg\",\"width\":845,\"height\":400,\"caption\":\"CCASA Logo\"},{\"@type\":\"BreadcrumbList\",\"@id\":\"https:\\\/\\\/ccasa.org\\\/es\\\/sabias-septiembre-2023\\\/#breadcrumb\",\"itemListElement\":[{\"@type\":\"ListItem\",\"position\":1,\"name\":\"Home\",\"item\":\"https:\\\/\\\/ccasa.org\\\/es\\\/\"},{\"@type\":\"ListItem\",\"position\":2,\"name\":\"Sabias Septiembre 2023\"}]},{\"@type\":\"WebSite\",\"@id\":\"https:\\\/\\\/ccasa.org\\\/#website\",\"url\":\"https:\\\/\\\/ccasa.org\\\/\",\"name\":\"Colorado Coalition Against Sexual Assault\",\"description\":\"\",\"publisher\":{\"@id\":\"https:\\\/\\\/ccasa.org\\\/#organization\"},\"potentialAction\":[{\"@type\":\"SearchAction\",\"target\":{\"@type\":\"EntryPoint\",\"urlTemplate\":\"https:\\\/\\\/ccasa.org\\\/?s={search_term_string}\"},\"query-input\":{\"@type\":\"PropertyValueSpecification\",\"valueRequired\":true,\"valueName\":\"search_term_string\"}}],\"inLanguage\":\"es\"},{\"@type\":\"Organization\",\"@id\":\"https:\\\/\\\/ccasa.org\\\/#organization\",\"name\":\"Colorado Coalition Against Sexual Assault (CCASA)\",\"url\":\"https:\\\/\\\/ccasa.org\\\/\",\"logo\":{\"@type\":\"ImageObject\",\"inLanguage\":\"es\",\"@id\":\"https:\\\/\\\/ccasa.org\\\/#\\\/schema\\\/logo\\\/image\\\/\",\"url\":\"https:\\\/\\\/www.ccasa.org\\\/wp-content\\\/uploads\\\/2018\\\/05\\\/ccasa-logo-large_png.png\",\"contentUrl\":\"https:\\\/\\\/www.ccasa.org\\\/wp-content\\\/uploads\\\/2018\\\/05\\\/ccasa-logo-large_png.png\",\"width\":1920,\"height\":1080,\"caption\":\"Colorado Coalition Against Sexual Assault (CCASA)\"},\"image\":{\"@id\":\"https:\\\/\\\/ccasa.org\\\/#\\\/schema\\\/logo\\\/image\\\/\"}},{\"@type\":\"Person\",\"@id\":\"https:\\\/\\\/ccasa.org\\\/#\\\/schema\\\/person\\\/3de91310ab0177292ecee1894894334b\",\"name\":\"Agueda Morgan\",\"image\":{\"@type\":\"ImageObject\",\"inLanguage\":\"es\",\"@id\":\"https:\\\/\\\/secure.gravatar.com\\\/avatar\\\/2ba86ddc8186355ac63dfbbdc26e9ac96b41c9a0e5ebcdc9392be88eaa816e00?s=96&d=mm&r=g\",\"url\":\"https:\\\/\\\/secure.gravatar.com\\\/avatar\\\/2ba86ddc8186355ac63dfbbdc26e9ac96b41c9a0e5ebcdc9392be88eaa816e00?s=96&d=mm&r=g\",\"contentUrl\":\"https:\\\/\\\/secure.gravatar.com\\\/avatar\\\/2ba86ddc8186355ac63dfbbdc26e9ac96b41c9a0e5ebcdc9392be88eaa816e00?s=96&d=mm&r=g\",\"caption\":\"Agueda Morgan\"},\"url\":\"https:\\\/\\\/ccasa.org\\\/es\\\/author\\\/amorgan\\\/\"}]}<\/script>\n<!-- \/ Yoast SEO plugin. -->","yoast_head_json":{"title":"Sabias Septiembre 2023 - Colorado Coalition Against Sexual Assault","description":"CCASA blogs allow Colorado advocates and survivors to share the stories. We use our voices because staying silent isn\u2019t an option.","robots":{"index":"index","follow":"follow","max-snippet":"max-snippet:-1","max-image-preview":"max-image-preview:large","max-video-preview":"max-video-preview:-1"},"canonical":"https:\/\/ccasa.org\/es\/sabias-septiembre-2023\/","og_locale":"es_ES","og_type":"article","og_title":"Sabias Septiembre 2023 - Colorado Coalition Against Sexual Assault","og_description":"CCASA blogs allow Colorado advocates and survivors to share the stories. We use our voices because staying silent isn\u2019t an option.","og_url":"https:\/\/ccasa.org\/es\/sabias-septiembre-2023\/","og_site_name":"Colorado Coalition Against Sexual Assault","article_published_time":"2023-09-01T12:00:08+00:00","og_image":[{"width":845,"height":400,"url":"https:\/\/ccasa.org\/wp-content\/uploads\/2021\/01\/default-blog-image-2.jpg","type":"image\/jpeg"}],"author":"Agueda Morgan","twitter_card":"summary_large_image","twitter_misc":{"Escrito por":"Agueda Morgan","Tiempo de lectura":"13 minutos"},"schema":{"@context":"https:\/\/schema.org","@graph":[{"@type":"Article","@id":"https:\/\/ccasa.org\/es\/sabias-septiembre-2023\/#article","isPartOf":{"@id":"https:\/\/ccasa.org\/es\/sabias-septiembre-2023\/"},"author":{"name":"Agueda Morgan","@id":"https:\/\/ccasa.org\/#\/schema\/person\/3de91310ab0177292ecee1894894334b"},"headline":"Sabias Septiembre 2023","datePublished":"2023-09-01T12:00:08+00:00","mainEntityOfPage":{"@id":"https:\/\/ccasa.org\/es\/sabias-septiembre-2023\/"},"wordCount":3487,"publisher":{"@id":"https:\/\/ccasa.org\/#organization"},"image":{"@id":"https:\/\/ccasa.org\/es\/sabias-septiembre-2023\/#primaryimage"},"thumbnailUrl":"https:\/\/ccasa.org\/wp-content\/uploads\/2021\/01\/default-blog-image-2.jpg","keywords":["estad\u00edsticas","la salud","recursos"],"articleSection":["Sabias"],"inLanguage":"es"},{"@type":"WebPage","@id":"https:\/\/ccasa.org\/es\/sabias-septiembre-2023\/","url":"https:\/\/ccasa.org\/es\/sabias-septiembre-2023\/","name":"Sabias Septiembre 2023 - Colorado Coalition Against Sexual Assault","isPartOf":{"@id":"https:\/\/ccasa.org\/#website"},"primaryImageOfPage":{"@id":"https:\/\/ccasa.org\/es\/sabias-septiembre-2023\/#primaryimage"},"image":{"@id":"https:\/\/ccasa.org\/es\/sabias-septiembre-2023\/#primaryimage"},"thumbnailUrl":"https:\/\/ccasa.org\/wp-content\/uploads\/2021\/01\/default-blog-image-2.jpg","datePublished":"2023-09-01T12:00:08+00:00","description":"CCASA blogs allow Colorado advocates and survivors to share the stories. We use our voices because staying silent isn\u2019t an option.","breadcrumb":{"@id":"https:\/\/ccasa.org\/es\/sabias-septiembre-2023\/#breadcrumb"},"inLanguage":"es","potentialAction":[{"@type":"ReadAction","target":["https:\/\/ccasa.org\/es\/sabias-septiembre-2023\/"]}]},{"@type":"ImageObject","inLanguage":"es","@id":"https:\/\/ccasa.org\/es\/sabias-septiembre-2023\/#primaryimage","url":"https:\/\/ccasa.org\/wp-content\/uploads\/2021\/01\/default-blog-image-2.jpg","contentUrl":"https:\/\/ccasa.org\/wp-content\/uploads\/2021\/01\/default-blog-image-2.jpg","width":845,"height":400,"caption":"CCASA Logo"},{"@type":"BreadcrumbList","@id":"https:\/\/ccasa.org\/es\/sabias-septiembre-2023\/#breadcrumb","itemListElement":[{"@type":"ListItem","position":1,"name":"Home","item":"https:\/\/ccasa.org\/es\/"},{"@type":"ListItem","position":2,"name":"Sabias Septiembre 2023"}]},{"@type":"WebSite","@id":"https:\/\/ccasa.org\/#website","url":"https:\/\/ccasa.org\/","name":"Colorado Coalition Against Sexual Assault","description":"","publisher":{"@id":"https:\/\/ccasa.org\/#organization"},"potentialAction":[{"@type":"SearchAction","target":{"@type":"EntryPoint","urlTemplate":"https:\/\/ccasa.org\/?s={search_term_string}"},"query-input":{"@type":"PropertyValueSpecification","valueRequired":true,"valueName":"search_term_string"}}],"inLanguage":"es"},{"@type":"Organization","@id":"https:\/\/ccasa.org\/#organization","name":"Colorado Coalition Against Sexual Assault (CCASA)","url":"https:\/\/ccasa.org\/","logo":{"@type":"ImageObject","inLanguage":"es","@id":"https:\/\/ccasa.org\/#\/schema\/logo\/image\/","url":"https:\/\/www.ccasa.org\/wp-content\/uploads\/2018\/05\/ccasa-logo-large_png.png","contentUrl":"https:\/\/www.ccasa.org\/wp-content\/uploads\/2018\/05\/ccasa-logo-large_png.png","width":1920,"height":1080,"caption":"Colorado Coalition Against Sexual Assault (CCASA)"},"image":{"@id":"https:\/\/ccasa.org\/#\/schema\/logo\/image\/"}},{"@type":"Person","@id":"https:\/\/ccasa.org\/#\/schema\/person\/3de91310ab0177292ecee1894894334b","name":"Agueda Morgan","image":{"@type":"ImageObject","inLanguage":"es","@id":"https:\/\/secure.gravatar.com\/avatar\/2ba86ddc8186355ac63dfbbdc26e9ac96b41c9a0e5ebcdc9392be88eaa816e00?s=96&d=mm&r=g","url":"https:\/\/secure.gravatar.com\/avatar\/2ba86ddc8186355ac63dfbbdc26e9ac96b41c9a0e5ebcdc9392be88eaa816e00?s=96&d=mm&r=g","contentUrl":"https:\/\/secure.gravatar.com\/avatar\/2ba86ddc8186355ac63dfbbdc26e9ac96b41c9a0e5ebcdc9392be88eaa816e00?s=96&d=mm&r=g","caption":"Agueda Morgan"},"url":"https:\/\/ccasa.org\/es\/author\/amorgan\/"}]}},"_links":{"self":[{"href":"https:\/\/ccasa.org\/es\/wp-json\/wp\/v2\/posts\/21627","targetHints":{"allow":["GET"]}}],"collection":[{"href":"https:\/\/ccasa.org\/es\/wp-json\/wp\/v2\/posts"}],"about":[{"href":"https:\/\/ccasa.org\/es\/wp-json\/wp\/v2\/types\/post"}],"author":[{"embeddable":true,"href":"https:\/\/ccasa.org\/es\/wp-json\/wp\/v2\/users\/150"}],"replies":[{"embeddable":true,"href":"https:\/\/ccasa.org\/es\/wp-json\/wp\/v2\/comments?post=21627"}],"version-history":[{"count":0,"href":"https:\/\/ccasa.org\/es\/wp-json\/wp\/v2\/posts\/21627\/revisions"}],"wp:featuredmedia":[{"embeddable":true,"href":"https:\/\/ccasa.org\/es\/wp-json\/wp\/v2\/media\/14324"}],"wp:attachment":[{"href":"https:\/\/ccasa.org\/es\/wp-json\/wp\/v2\/media?parent=21627"}],"wp:term":[{"taxonomy":"category","embeddable":true,"href":"https:\/\/ccasa.org\/es\/wp-json\/wp\/v2\/categories?post=21627"},{"taxonomy":"post_tag","embeddable":true,"href":"https:\/\/ccasa.org\/es\/wp-json\/wp\/v2\/tags?post=21627"}],"curies":[{"name":"wp","href":"https:\/\/api.w.org\/{rel}","templated":true}]}}