{"id":21545,"date":"2023-08-01T06:00:55","date_gmt":"2023-08-01T12:00:55","guid":{"rendered":"https:\/\/www.ccasa.org\/?p=21545"},"modified":"2023-07-22T08:10:59","modified_gmt":"2023-07-22T14:10:59","slug":"sabias-agosto-2023","status":"publish","type":"post","link":"https:\/\/ccasa.org\/es\/sabias-agosto-2023\/","title":{"rendered":"Sabias Agosto 2023"},"content":{"rendered":"<div class=\"wpb-content-wrapper\"><p>[vc_row css=\u00bb.vc_custom_1612968358632{margin-top: 70px !important;}\u00bb][vc_column][vc_row_inner][vc_column_inner][vc_column_text]<\/p>\n<h2>Observancias en Agosto<\/h2>\n<p>[\/vc_column_text][\/vc_column_inner][\/vc_row_inner][vc_row_inner equal_height=\u00bbyes\u00bb][vc_column_inner width=\u00bb1\/4&#8243;][vc_column_text css=\u00bb.vc_custom_1690031654147{margin-bottom: 0px !important;padding-top: 10px !important;padding-right: 10px !important;padding-bottom: 10px !important;padding-left: 10px !important;background-color: #ffffff !important;}\u00bb]<\/p>\n<p style=\"text-align: center;\"><strong>1 de Agosto<\/strong><\/p>\n<p style=\"text-align: center;\">D\u00eda Internacional de la Alegria &amp; D\u00eda de Colorado<\/p>\n<p>[\/vc_column_text][\/vc_column_inner][vc_column_inner width=\u00bb1\/4&#8243;][vc_column_text css=\u00bb.vc_custom_1690031719401{margin-bottom: 0px !important;padding-top: 10px !important;padding-right: 10px !important;padding-bottom: 10px !important;padding-left: 10px !important;background-color: #ffffff !important;}\u00bb]<\/p>\n<p style=\"text-align: center;\"><strong>6 de Agosto<br \/>\n<\/strong>D\u00eda nacional de mover los dedos de los pies<\/p>\n<p>[\/vc_column_text][\/vc_column_inner][vc_column_inner width=\u00bb1\/4&#8243;][vc_column_text css=\u00bb.vc_custom_1690031805697{margin-bottom: 0px !important;padding-top: 10px !important;padding-right: 10px !important;padding-bottom: 10px !important;padding-left: 10px !important;background-color: #ffffff !important;}\u00bb]<\/p>\n<p style=\"text-align: center;\"><strong>7 de Agosto<br \/>\n<\/strong>\u00a0D\u00eda Nacional del Juego al Aire Libre-afuera<\/p>\n<p>[\/vc_column_text][vc_single_image image=\u00bb21546&#8243; img_size=\u00bbfull\u00bb alignment=\u00bbcenter\u00bb css=\u00bb.vc_custom_1690031962887{padding-bottom: 10px !important;background-color: #ffffff !important;}\u00bb][\/vc_column_inner][vc_column_inner width=\u00bb1\/4&#8243;][vc_column_text css=\u00bb.vc_custom_1690031858431{margin-bottom: 0px !important;padding-top: 10px !important;padding-right: 10px !important;padding-bottom: 10px !important;padding-left: 10px !important;background-color: #ffffff !important;}\u00bb]<\/p>\n<p style=\"text-align: center;\"><strong>8 de Agosto<br \/>\n<\/strong>D\u00eda Nacional de la hacer que la Felicidad Suceda<\/p>\n<p>[\/vc_column_text][\/vc_column_inner][\/vc_row_inner][vc_row_inner equal_height=\u00bbyes\u00bb][vc_column_inner width=\u00bb1\/4&#8243;][vc_column_text css=\u00bb.vc_custom_1690032058033{margin-bottom: 0px !important;padding-top: 10px !important;padding-right: 10px !important;padding-bottom: 10px !important;padding-left: 10px !important;background-color: #ffffff !important;}\u00bb]<\/p>\n<p style=\"text-align: center;\"><strong>9 de Agosto<br \/>\n<\/strong>D\u00eda Internacional de las Poblaciones Ind\u00edgenas<\/p>\n<p>[\/vc_column_text][vc_single_image image=\u00bb21548&#8243; img_size=\u00bbfull\u00bb alignment=\u00bbcenter\u00bb css=\u00bb.vc_custom_1690032131042{padding-bottom: 10px !important;background-color: #ffffff !important;}\u00bb][\/vc_column_inner][vc_column_inner width=\u00bb1\/4&#8243;][vc_column_text css=\u00bb.vc_custom_1690032618318{margin-bottom: 0px !important;padding-top: 10px !important;padding-right: 10px !important;padding-bottom: 10px !important;padding-left: 10px !important;background-color: #ffffff !important;}\u00bb]<\/p>\n<p style=\"text-align: center;\"><strong>15 de Agosto<br \/>\n<\/strong>D\u00eda internacional de la Juventud<\/p>\n<p>[\/vc_column_text][\/vc_column_inner][vc_column_inner width=\u00bb1\/4&#8243;][vc_column_text css=\u00bb.vc_custom_1690032537011{margin-bottom: 0px !important;padding-top: 10px !important;padding-right: 10px !important;padding-bottom: 10px !important;padding-left: 10px !important;background-color: #ffffff !important;}\u00bb]<\/p>\n<p style=\"text-align: center;\"><strong>15 de Agosto<br \/>\n<\/strong>D\u00eda Nacional de Relajaci\u00f3n<\/p>\n<p>[\/vc_column_text][\/vc_column_inner][vc_column_inner width=\u00bb1\/4&#8243;][vc_column_text css=\u00bb.vc_custom_1690032497070{padding-top: 10px !important;padding-right: 10px !important;padding-bottom: 10px !important;padding-left: 10px !important;background-color: #ffffff !important;}\u00bb]<\/p>\n<p style=\"text-align: center;\"><strong>16 de Agosto<br \/>\n<\/strong>D\u00eda nacional de contar chistes<\/p>\n<p>[\/vc_column_text][\/vc_column_inner][\/vc_row_inner][vc_row_inner equal_height=\u00bbyes\u00bb][vc_column_inner width=\u00bb1\/4&#8243;][vc_column_text css=\u00bb.vc_custom_1690032715766{margin-bottom: 0px !important;padding-top: 10px !important;padding-right: 10px !important;padding-bottom: 10px !important;padding-left: 10px !important;background-color: #ffffff !important;}\u00bb]<\/p>\n<p style=\"text-align: center;\"><strong>17 de Agosto<br \/>\n<\/strong>D\u00eda Nacional de las Organizaciones sin Fines de Lucro<\/p>\n<p>[\/vc_column_text][\/vc_column_inner][vc_column_inner width=\u00bb1\/4&#8243;][vc_column_text css=\u00bb.vc_custom_1690032778055{margin-bottom: 0px !important;padding-top: 10px !important;padding-right: 10px !important;padding-bottom: 10px !important;padding-left: 10px !important;background-color: #ffffff !important;}\u00bb]<\/p>\n<p style=\"text-align: center;\"><strong>19 de Agosto<\/strong><\/p>\n<p style=\"text-align: center;\">\u00a0D\u00eda Mundial de la Asistencia Humanitaria<\/p>\n<p>[\/vc_column_text][\/vc_column_inner][vc_column_inner width=\u00bb1\/4&#8243;][vc_column_text css=\u00bb.vc_custom_1690032856206{margin-bottom: 0px !important;padding-top: 10px !important;padding-right: 10px !important;padding-bottom: 10px !important;padding-left: 10px !important;background-color: #ffffff !important;}\u00bb]<\/p>\n<p style=\"text-align: center;\"><strong>21 de Agosto<br \/>\n<\/strong><\/p>\n<p style=\"text-align: center;\">D\u00eda Internacional de Conmemoraci\u00f3n y Homenaje a las V\u00edctimas del Terrorismo<\/p>\n<p>[\/vc_column_text][\/vc_column_inner][vc_column_inner width=\u00bb1\/4&#8243;][vc_column_text css=\u00bb.vc_custom_1690033156005{margin-bottom: 0px !important;padding-top: 10px !important;padding-right: 10px !important;padding-bottom: 10px !important;padding-left: 10px !important;background-color: #ffffff !important;}\u00bb]<\/p>\n<p style=\"text-align: center;\"><strong>22 de Agosto<br \/>\n<\/strong><strong>D<\/strong>\u00eda Mundial del Folclore\u00a0\u00a0\u00a0 \u00a0&amp;<\/p>\n<p style=\"text-align: center;\">D\u00eda Internacional de Conmemoraci\u00f3n de las V\u00edctimas de Actos de Violencia Motivados por la Religi\u00f3n o las Creencias<\/p>\n<p>\u00a0[\/vc_column_text][vc_single_image image=\u00bb21550&#8243; img_size=\u00bbfull\u00bb alignment=\u00bbcenter\u00bb][\/vc_column_inner][\/vc_row_inner][vc_row_inner equal_height=\u00bbyes\u00bb][vc_column_inner width=\u00bb1\/4&#8243;][vc_column_text css=\u00bb.vc_custom_1690033246276{margin-bottom: 0px !important;padding-top: 10px !important;padding-right: 10px !important;padding-bottom: 10px !important;padding-left: 10px !important;background-color: #ffffff !important;}\u00bb]<\/p>\n<p style=\"text-align: center;\"><strong>23 de Agosto<br \/>\n<\/strong><\/p>\n<p style=\"text-align: center;\">D\u00eda internacional del recuerdo de la trata de esclavos y de su abolici\u00f3n<\/p>\n<p>[\/vc_column_text][\/vc_column_inner][vc_column_inner width=\u00bb1\/4&#8243;][vc_column_text css=\u00bb.vc_custom_1690033554426{margin-bottom: 0px !important;padding-top: 10px !important;padding-right: 10px !important;padding-bottom: 10px !important;padding-left: 10px !important;background-color: #ffffff !important;}\u00bb]<\/p>\n<p style=\"text-align: center;\"><strong>30 de Julio<\/strong><\/p>\n<p style=\"text-align: center;\">D\u00eda Nacional de la Reflexi\u00f3n<\/p>\n<p>[\/vc_column_text][vc_single_image image=\u00bb21552&#8243; img_size=\u00bbfull\u00bb alignment=\u00bbcenter\u00bb][\/vc_column_inner][vc_column_inner width=\u00bb1\/4&#8243;][vc_column_text]<\/p>\n<p style=\"text-align: center;\"><strong>\u00a030 de Agosto<\/strong><\/p>\n<p style=\"text-align: center;\">D\u00eda internacional de las v\u00edctimas de desapariciones forzadas<\/p>\n<p>[\/vc_column_text][\/vc_column_inner][vc_column_inner width=\u00bb1\/4&#8243;][vc_column_text]<\/p>\n<p style=\"text-align: center;\"><strong>31 de Agosto<\/strong><\/p>\n<p style=\"text-align: center;\">D\u00eda Internacional de los Afrodescendientes<\/p>\n<p>[\/vc_column_text][\/vc_column_inner][\/vc_row_inner][\/vc_column][\/vc_row][vc_row css=\u00bb.vc_custom_1612968056872{margin-top: 32px !important;}\u00bb][vc_column][vc_column_text]<\/p>\n<h2><strong>D\u00eda Mundial de la Alegr\u00eda<\/strong><\/h2>\n<p>[\/vc_column_text][vc_column_text]El 1 de agosto se celebra el D\u00eda Mundial de la Alegr\u00eda, que fue instaurado en<img loading=\"lazy\" decoding=\"async\" class=\"size-full wp-image-21554 alignright\" src=\"https:\/\/www.ccasa.org\/wp-content\/uploads\/2023\/07\/Picture1.png\" alt=\"\" width=\"256\" height=\"256\" \/> 2010 por iniciativa del colombiano Alfonso Becerra en un Congreso de Gesti\u00f3n Cultural celebrado en Chile.<\/p>\n<p>En un principio, esta fecha fue conmemorada en, al menos, catorce pa\u00edses del mundo, incluidos Chile, Brasil y Argentina, entre otros, aunque hay que decir que hoy en d\u00eda se celebra universalmente.<\/p>\n<p>El D\u00eda Mundial de la Alegr\u00eda sirve para reflexionar sobre la importancia de tener presente ese sentimiento en cada momento de la vida y su poder transformador.<\/p>\n<p><strong>\u00bfQu\u00e9 es la alegr\u00eda?<\/strong><\/p>\n<p>Expertos psic\u00f3logos definen a la alegr\u00eda como una emoci\u00f3n pasajera que se manifiesta por medio de la risa o la sonrisa, aunque tambi\u00e9n es cierto que la alegr\u00eda provoca manifestaciones de todo tipo, desde saltos, aplausos, bailes\u2026 Cada persona la manifiesta de forma diferente.<\/p>\n<p>Realmente, la alegr\u00eda es una emoci\u00f3n subjetiva, y depender\u00e1 mucho de la persona a la que preguntes. Habr\u00e1 personas a las que les provocar\u00e1 alegr\u00eda estar tumbados en una hamaca en una playa del Caribe. Y para otros, la alegr\u00eda es hacer una buena caminata en la monta\u00f1a.<\/p>\n<p>Lo que s\u00ed es cierto es que una persona alegre rinde m\u00e1s, tiende a estar m\u00e1s sano, a superar las dificultades, y a provocar alegr\u00eda a las personas que tiene alrededor, a hacer el bien.<\/p>\n<p>La alegr\u00eda se multiplica exponencialmente, as\u00ed que te animamos a compartir tu alegr\u00eda para que m\u00e1s personas se contagien de este sentimiento, uno de los m\u00e1s hermosos que puede tener el ser humano.<\/p>\n<p><strong>\u00bfQu\u00e9 hace feliz a las personas?<\/strong><\/p>\n<p>Aunque cada persona se siente feliz con cosas muy diferentes, s\u00ed que hay determinadas cosas que suelen provocar alegr\u00eda a cualquier persona del mundo. Seguro que t\u00fa podr\u00edas ampliar la lista:<\/p>\n<ul>\n<li>Una caricia, sonrisa o abrazo de un ser querido.<\/li>\n<li>Una m\u00fasica o una buena pel\u00edcula.<\/li>\n<li>La risa de un ni\u00f1o.<\/li>\n<li>Un \u00e9xito en los estudios o en el trabajo.<\/li>\n<li>Compartir tiempo con amigos o seres queridos.<\/li>\n<li>Superar una enfermedad o un reto.<\/li>\n<li>Una buena comida o un postre riqu\u00edsimo.<\/li>\n<li>Un helado.<\/li>\n<li>Jugar, correr, saltar.<\/li>\n<li>Estar en contacto con la naturaleza.<\/li>\n<li>Ir al cine o al teatro.<\/li>\n<\/ul>\n<p><strong>\u00bfQu\u00e9 hacer para celebrar el D\u00eda Mundial de la Alegr\u00eda?<\/strong><\/p>\n<p>Se nos ocurren muchas cosas para celebrar el D\u00eda Mundial de la Alegr\u00eda. Compartimos algunas para darte ideas, pero t\u00fa, mejor que nadie, sabes qu\u00e9 te produce alegr\u00eda, as\u00ed que te animamos a actuar para conseguir estar alegre el m\u00e1ximo tiempo posible.<\/p>\n<p>Y no olvides compartir tu alegr\u00eda en redes sociales con los hahstag #diamundialdelaalegria #diadelaalegria #alegria #happyday.<\/p>\n<p><strong>Ideas para celebrar el D\u00eda Mundial de la Alegr\u00eda<\/strong><\/p>\n<p>Escuchar una canci\u00f3n o un disco que nos guste.<\/p>\n<p>Realizar alguna actividad divertida, como un paseo al aire libre, ir la playa o a la monta\u00f1a, mejor con amigos.<\/p>\n<ul>\n<li>Tomar un helado o un dulce.<\/li>\n<li>Quedar con tus amigos.<\/li>\n<li>Hacer feliz a un ni\u00f1o, o a cualquiera.<\/li>\n<li>Sonre\u00edr.<\/li>\n<li>Correr, jugar, saltar.<\/li>\n<\/ul>\n<p><strong>Frases de alegr\u00eda<\/strong><\/p>\n<p>Por \u00faltimo, te dejamos algunas frases c\u00e9lebres sobre el sentimiento de la alegr\u00eda, que ha generado mucha literatura a lo largo de la historia de la humanidad:<\/p>\n<ul>\n<li>La alegr\u00eda es la piedra filosofal que todo lo convierte en oro -Benjamin Franklin<\/li>\n<li>Todo les sale bien a las personas de c\u00e1racter dulce y alegre -Voltaire<\/li>\n<li>La mitad de la alegr\u00eda reside en hablar de ella -Proverbio persa<\/li>\n<li>Hazles comprender que no tienen en el mundo otro deber que la alegr\u00eda -Paul Claudel<\/li>\n<li>La alegr\u00eda es el ingrediente principal en el compuesto de la salud -A. Murphy<\/li>\n<li>La alegr\u00eda, cuanto m\u00e1s se gasta m\u00e1s queda -Emerson<\/li>\n<li>Bueno es tener la alegr\u00eda en casa y no haber menester de buscarla fuera -Goethe<\/li>\n<li>El coraz\u00f3n alegre hace tanto bien como el mejor medicamento &#8211; Salom\u00f3n<\/li>\n<li>No existe nada en el mundo tan irresistiblemente contagioso como la risa y el buen humor -Charles Dickens<\/li>\n<\/ul>\n<p><strong>Article Source\/Fuente:<\/strong> <a href=\"https:\/\/www.diainternacionalde.com\/ficha\/dia-mundial-alegria\"><strong>https:\/\/www.diainternacionalde.com\/ficha\/dia-mundial-alegria<\/strong><\/a>[\/vc_column_text][vc_empty_space height=\u00bb40px\u00bb][\/vc_column][\/vc_row][vc_row][vc_column][vc_column_text]<\/p>\n<h2><strong>D\u00eda Internacional de las Poblaciones Ind\u00edgenas<\/strong><\/h2>\n<p>[\/vc_column_text][vc_column_text]<strong>Se celebra: 9 de agosto de 2023\u00a0 Proclama: ONU<\/strong><\/p>\n<p><strong>Desde cuando se celebra: 1994<img loading=\"lazy\" decoding=\"async\" class=\"size-medium wp-image-21558 alignright\" src=\"https:\/\/www.ccasa.org\/wp-content\/uploads\/2023\/07\/box-2-300x152.png\" alt=\"\" width=\"300\" height=\"152\" \/><\/strong><\/p>\n<p>El 9 de agosto se celebra el D\u00eda Internacional de los Pueblos Ind\u00edgenas, proclamado por la Asamblea General de las Naciones Unidas (ONU). En esa fecha se conmemora la primera reuni\u00f3n que celebr\u00f3 el Grupo de Trabajo sobre las m\u00faltiples Poblaciones de pueblos originarios de la Subcomisi\u00f3n de Prevenci\u00f3n de Discriminaciones y Protecci\u00f3n a las Minor\u00edas, en 1982.<\/p>\n<p>Los pueblos ind\u00edgenas en el mundo<\/p>\n<p>Los pueblos ind\u00edgenas conforman m\u00e1s de 5.000 grupos distintos en unos 90 pa\u00edses. Est\u00e1n constituidos por 370 millones de personas aproximadamente, es decir, m\u00e1s del 5% de la poblaci\u00f3n mundial y, sin embargo, se encuentran entre las poblaciones m\u00e1s desfavorecidas y vulnerables representando el 15 por ciento de los m\u00e1s pobres.<\/p>\n<p>Son tan importantes porque practican culturas y formas \u00fanicas y valiosas de relacionarse con su entorno, y retienen rasgos sociales, culturales y pol\u00edticos que son muy diferentes a la sociedad globalizada.<\/p>\n<p>A lo largo de la historia, sus derechos han sido siempre violados. En la actualidad, se encuentran sin duda entre las poblaciones m\u00e1s vulnerables y perjudicadas del mundo. La comunidad internacional reconoce ahora que se necesitan medidas especiales para proteger sus derechos y mantener sus culturas y formas de vida.<\/p>\n<p>El papel de las mujeres ind\u00edgenas en la preservaci\u00f3n y transmisi\u00f3n del conocimiento tradicional<\/p>\n<p><strong>Mujeres ind\u00edgenas<img loading=\"lazy\" decoding=\"async\" class=\"size-medium wp-image-21556 alignright\" src=\"https:\/\/www.ccasa.org\/wp-content\/uploads\/2023\/07\/Box-2-pic-2-300x200.png\" alt=\"\" width=\"300\" height=\"200\" \/><\/strong><\/p>\n<p>Las mujeres juegan un importante papel en la transmisi\u00f3n del conocimiento de los pueblos ind\u00edgenas y las pr\u00e1cticas tradicionales. Con su rol colectivo sobre todos los aspectos de la vida de la comunidad, ellas cuidan los recursos naturales, defienden las tierras y reivindican los derechos de las comunidades ind\u00edgenas en todo en mundo.Han logrado avances peque\u00f1os pero muy importantes en algunas comunidades y son l\u00edderes a nivel local y nacional, defienden su cultura y sus derechos.<\/p>\n<p>A\u00fan as\u00ed hay que actuar para defenderlas porque a pesar del papel de cuidadoras, guardianas del conocimiento y l\u00edderes, las mujeres ind\u00edgenas sufren discriminaci\u00f3n por su situaci\u00f3n socioecon\u00f3mica, por g\u00e9nero o \u00e9tnia. La realidad es que est\u00e1n muy poco representadas.<\/p>\n<p>&nbsp;<\/p>\n<p><strong>Article Source: <\/strong><a href=\"https:\/\/www.diainternacionalde.com\/ficha\/dia-internacional-poblaciones-indigenas\"><strong>https:\/\/www.diainternacionalde.com\/ficha\/dia-internacional-poblaciones-indigenas<\/strong><\/a>[\/vc_column_text][vc_empty_space height=\u00bb40px\u00bb][\/vc_column][\/vc_row][vc_row][vc_column][vc_column_text]<\/p>\n<p style=\"text-align: center;\"><strong>D\u00eda Mundial del Reiki<\/strong><\/p>\n<p>[\/vc_column_text][vc_column_text]15 de agosto de cada a\u00f1o se celebra el D\u00eda Mundial del Reiki. La jornada<img loading=\"lazy\" decoding=\"async\" class=\" wp-image-21560 alignright\" src=\"https:\/\/www.ccasa.org\/wp-content\/uploads\/2023\/07\/box-3.png\" alt=\"\" width=\"188\" height=\"188\" \/> homenajea a Mikao Usui, el fundador moderno de esta pr\u00e1ctica de sanaci\u00f3n, quien naci\u00f3 un d\u00eda como este pero de 1865.<\/p>\n<p><strong>Qu\u00e9 es el Reiki y qui\u00e9n fue Mikao Usui<\/strong><\/p>\n<p>El Reiki es una pr\u00e1ctica que combina la espiritualidad y la medicina, y que es conocida de varias maneras. Hay quienes lo definen como un sistema de armonizaci\u00f3n natural, mientras que otras personas hablan de terapias de energ\u00eda y lo describen como un tipo de medicina alternativa.<\/p>\n<p>La pr\u00e1ctica se basa en la transferencia de la energ\u00eda universal (qi) que se ejerce a trav\u00e9s de las manos de los reikistas. Esto implicar\u00eda la promoci\u00f3n de la curaci\u00f3n de una persona, ya sea que se trate de afecciones f\u00edsicas o emocionales.<\/p>\n<p>Mikao Usui es considerado tanto el fundador como el descubridor moderno. Esto \u00faltimo se debe a que en realidad el Reiki es una pr\u00e1ctica antigua que tuvo lugar en otros territorios por fuera del Jap\u00f3n.<\/p>\n<p><strong>Cu\u00e1les son sus beneficios del Reiki<\/strong><\/p>\n<p>Al ser considerada una pseudoterapia que no cuenta con fundamentos cient\u00edficos, los beneficios del Reiki no justifican que una enfermedad o afecci\u00f3n deba ser abordada \u00fanicamente a trav\u00e9s de esta pr\u00e1ctica. Dicho con otras palabras, se trata de una terapia complementaria que de ninguna manera deber\u00eda reemplazar a la de la medicina tradicional.<\/p>\n<p>El beneficio m\u00e1s destacado de todos radica en el bienestar integral que genera el Reiki, con la sensaci\u00f3n de equilibrio y la reducci\u00f3n del estr\u00e9s como signos principales.<\/p>\n<p>El Reiki armoniza, estabiliza, sana y relaja en un sentido global. Esto quiere decir que sus beneficios se dan en el plano de lo f\u00edsico y lo emocional y tambi\u00e9n en lo mental y espiritual.<\/p>\n<p>Se dice que su pr\u00e1ctica mejorar\u00eda el rendimiento fisiol\u00f3gico de las c\u00e9lulas y los \u00f3rganos del cuerpo humano. Tambi\u00e9n que optimizar\u00eda la capacidad del organismo para sanarse a s\u00ed mismo.<\/p>\n<p>En el plano de lo espiritual y lo psicol\u00f3gico, el Reiki genera efectos positivos en materia de autoestima y actividad mental.<\/p>\n<p>Como si fuese poco, al tratar con energ\u00eda universal los beneficios tambi\u00e9n alcanzan a todos los seres vivos, entre ellos los animales y las plantas.<\/p>\n<p>Por todo esto, el D\u00eda Mundial del Reiki se presenta como la oportunidad ideal para abrirse ante esta pr\u00e1ctica sin prejuicios pero con la certeza de que se trata de una terapia alternativa y complementaria.<\/p>\n<p>&nbsp;<\/p>\n<p><strong>Article Source<\/strong>: LA NACION , 2022.<\/p>\n<p><a href=\"https:\/\/www.lanacion.com.ar\/lifestyle\/dia-mundial-del-reiki-cuales-son-sus-beneficios-y-para-que-sirve-esta-practica-nid15082022\/#:~:text=El%2015%20de%20agosto%20de,como%20este%20pero%20de%201865\">https:\/\/www.lanacion.com.ar\/lifestyle\/dia-mundial-del-reiki-cuales-son-sus-beneficios-y-para-que-sirve-esta-practica-nid15082022\/#:~:text=El%2015%20de%20agosto%20de,como%20este%20pero%20de%201865<\/a>.[\/vc_column_text][vc_video link=\u00bb\u00bb title=\u00bbTendencias Globales de ACNUR: 100 millones de personas desplazadas\u00bb][vc_empty_space height=\u00bb40px\u00bb][\/vc_column][\/vc_row][vc_row][vc_column][vc_column_text]<\/p>\n<div class=\"wpb_text_column wpb_content_element \">\n<div class=\"wpb_wrapper\">\n<h2><strong>ESTAD\u00cdSTICAS DE FRECUENCIA<\/strong><\/h2>\n<\/div>\n<\/div>\n<p>[\/vc_column_text][vc_column_text]<strong>Felicidad: Las Estad\u00edsticas M\u00e1s Importantes <\/strong><\/p>\n<ul>\n<li>M\u00e1s del 80% de los empleados dejar\u00edan sus trabajos por mejores oportunidades de desarrollo.<\/li>\n<li>Las personas tienden a ser felices al final de la adolescencia y principios de los 20, pero esto tiene una tendencia a la baja hasta los 50 a\u00f1os. Parece que las personas tienen una tendencia ascendente despu\u00e9s de los 50 a\u00f1os.<\/li>\n<li>M\u00e1s de la mitad de los estadounidenses (54%) dice que el dinero en realidad ha causado infelicidad.<\/li>\n<\/ul>\n<p><strong>Estad\u00edsticas generales sobre la Felicidad<\/strong><\/p>\n<ul>\n<li>Un estudio que analiz\u00f3 a 47,000 personas encontr\u00f3 que las mujeres de 20 a\u00f1os son m\u00e1s felices que los hombres. Sin embargo, a medida que envejecen y alcanzan los 40 a\u00f1os, los hombres tienden a ser m\u00e1s felices porque est\u00e1n casados y tienen una mejor situaci\u00f3n financiera.<\/li>\n<li>El riesgo de tener presi\u00f3n arterial alta entre las personas felices fue un 9% menor que entre las personas infelices.<\/li>\n<li>Ser feliz tambi\u00e9n se ha relacionado con un riesgo 13%-26% menor de enfermedades cardiovasculares.<\/li>\n<li>Una revisi\u00f3n de treinta estudios tambi\u00e9n revel\u00f3 que la felicidad redujo el riesgo de muerte entre adultos con enfermedades card\u00edacas conocidas en un 11%.<\/li>\n<li>Seg\u00fan el Informe mundial de la felicidad, los pa\u00edses n\u00f3rdicos se encuentran entre los 10 pa\u00edses m\u00e1s felices, con Finlandia en la primera posici\u00f3n y Luxemburgo en la d\u00e9cima. Estados Unidos est\u00e1 en la posici\u00f3n 18 y el Reino Unido en la 13. Los pa\u00edses m\u00e1s infelices son Afganist\u00e1n, Sud\u00e1n del Sur y Zimbabue.<\/li>\n<\/ul>\n<p><strong>Article Source:<\/strong> <strong>GITNUXNEWSLETTER<\/strong><\/p>\n<p><a href=\"https:\/\/blog.gitnux.com\/statistics-about-happiness\/#:~:text=33%25%20of%20Americans%20say%20money,35%25%20of%20those%20reporting%20this\">https:\/\/blog.gitnux.com\/statistics-about-happiness\/#:~:text=33%25%20of%20Americans%20say%20money,35%25%20of%20those%20reporting%20this<\/a><\/p>\n<p>[\/vc_column_text][vc_empty_space][vc_column_text][\/vc_column_text][\/vc_column][\/vc_row][vc_row][vc_column][vc_column_text]<\/p>\n<p>[\/vc_column_text][\/vc_column][\/vc_row]<\/p>\n<\/div>","protected":false},"excerpt":{"rendered":"<p>Agosto, mes   dedicado al cuidado de ti mismo centrado en vacacionar o relajarte. Este mes esta lleno  de d\u00edas festivos, observancias estatales , nacionales y mundiales. Es el mes utilizado para darte un capricho y cuidarse a si mismo! <\/p>\n<p class=\"read-more-container\"><a class=\"button\" href=\"https:\/\/ccasa.org\/es\/sabias-agosto-2023\/\">Lee mas<\/a><\/p>\n","protected":false},"author":150,"featured_media":14324,"comment_status":"closed","ping_status":"closed","sticky":false,"template":"","format":"standard","meta":{"_acf_changed":false,"footnotes":""},"categories":[464],"tags":[473,472,474],"class_list":["post-21545","post","type-post","status-publish","format-standard","has-post-thumbnail","hentry","category-sabias","tag-estadisticas","tag-la-salud","tag-recursos","resize-featured-image"],"acf":[],"yoast_head":"<!-- This site is optimized with the Yoast SEO plugin v27.5 - https:\/\/yoast.com\/product\/yoast-seo-wordpress\/ -->\n<title>Sabias Agosto 2023 - Colorado Coalition Against Sexual Assault<\/title>\n<meta name=\"description\" content=\"CCASA blogs allow Colorado advocates and survivors to share the stories. We use our voices because staying silent isn\u2019t an option.\" \/>\n<meta name=\"robots\" content=\"index, follow, max-snippet:-1, max-image-preview:large, max-video-preview:-1\" \/>\n<link rel=\"canonical\" href=\"https:\/\/ccasa.org\/es\/sabias-agosto-2023\/\" \/>\n<meta property=\"og:locale\" content=\"es_ES\" \/>\n<meta property=\"og:type\" content=\"article\" \/>\n<meta property=\"og:title\" content=\"Sabias Agosto 2023 - Colorado Coalition Against Sexual Assault\" \/>\n<meta property=\"og:description\" content=\"CCASA blogs allow Colorado advocates and survivors to share the stories. We use our voices because staying silent isn\u2019t an option.\" \/>\n<meta property=\"og:url\" content=\"https:\/\/ccasa.org\/es\/sabias-agosto-2023\/\" \/>\n<meta property=\"og:site_name\" content=\"Colorado Coalition Against Sexual Assault\" \/>\n<meta property=\"article:published_time\" content=\"2023-08-01T12:00:55+00:00\" \/>\n<meta property=\"og:image\" content=\"https:\/\/ccasa.org\/wp-content\/uploads\/2021\/01\/default-blog-image-2.jpg\" \/>\n\t<meta property=\"og:image:width\" content=\"845\" \/>\n\t<meta property=\"og:image:height\" content=\"400\" \/>\n\t<meta property=\"og:image:type\" content=\"image\/jpeg\" \/>\n<meta name=\"author\" content=\"Agueda Morgan\" \/>\n<meta name=\"twitter:card\" content=\"summary_large_image\" \/>\n<meta name=\"twitter:label1\" content=\"Escrito por\" \/>\n\t<meta name=\"twitter:data1\" content=\"Agueda Morgan\" \/>\n\t<meta name=\"twitter:label2\" content=\"Tiempo de lectura\" \/>\n\t<meta name=\"twitter:data2\" content=\"11 minutos\" \/>\n<script type=\"application\/ld+json\" class=\"yoast-schema-graph\">{\"@context\":\"https:\\\/\\\/schema.org\",\"@graph\":[{\"@type\":\"Article\",\"@id\":\"https:\\\/\\\/ccasa.org\\\/es\\\/sabias-agosto-2023\\\/#article\",\"isPartOf\":{\"@id\":\"https:\\\/\\\/ccasa.org\\\/es\\\/sabias-agosto-2023\\\/\"},\"author\":{\"name\":\"Agueda Morgan\",\"@id\":\"https:\\\/\\\/ccasa.org\\\/#\\\/schema\\\/person\\\/3de91310ab0177292ecee1894894334b\"},\"headline\":\"Sabias Agosto 2023\",\"datePublished\":\"2023-08-01T12:00:55+00:00\",\"mainEntityOfPage\":{\"@id\":\"https:\\\/\\\/ccasa.org\\\/es\\\/sabias-agosto-2023\\\/\"},\"wordCount\":2802,\"publisher\":{\"@id\":\"https:\\\/\\\/ccasa.org\\\/#organization\"},\"image\":{\"@id\":\"https:\\\/\\\/ccasa.org\\\/es\\\/sabias-agosto-2023\\\/#primaryimage\"},\"thumbnailUrl\":\"https:\\\/\\\/ccasa.org\\\/wp-content\\\/uploads\\\/2021\\\/01\\\/default-blog-image-2.jpg\",\"keywords\":[\"estad\u00edsticas\",\"la salud\",\"recursos\"],\"articleSection\":[\"Sabias\"],\"inLanguage\":\"es\"},{\"@type\":\"WebPage\",\"@id\":\"https:\\\/\\\/ccasa.org\\\/es\\\/sabias-agosto-2023\\\/\",\"url\":\"https:\\\/\\\/ccasa.org\\\/es\\\/sabias-agosto-2023\\\/\",\"name\":\"Sabias Agosto 2023 - Colorado Coalition Against Sexual Assault\",\"isPartOf\":{\"@id\":\"https:\\\/\\\/ccasa.org\\\/#website\"},\"primaryImageOfPage\":{\"@id\":\"https:\\\/\\\/ccasa.org\\\/es\\\/sabias-agosto-2023\\\/#primaryimage\"},\"image\":{\"@id\":\"https:\\\/\\\/ccasa.org\\\/es\\\/sabias-agosto-2023\\\/#primaryimage\"},\"thumbnailUrl\":\"https:\\\/\\\/ccasa.org\\\/wp-content\\\/uploads\\\/2021\\\/01\\\/default-blog-image-2.jpg\",\"datePublished\":\"2023-08-01T12:00:55+00:00\",\"description\":\"CCASA blogs allow Colorado advocates and survivors to share the stories. We use our voices because staying silent isn\u2019t an option.\",\"breadcrumb\":{\"@id\":\"https:\\\/\\\/ccasa.org\\\/es\\\/sabias-agosto-2023\\\/#breadcrumb\"},\"inLanguage\":\"es\",\"potentialAction\":[{\"@type\":\"ReadAction\",\"target\":[\"https:\\\/\\\/ccasa.org\\\/es\\\/sabias-agosto-2023\\\/\"]}]},{\"@type\":\"ImageObject\",\"inLanguage\":\"es\",\"@id\":\"https:\\\/\\\/ccasa.org\\\/es\\\/sabias-agosto-2023\\\/#primaryimage\",\"url\":\"https:\\\/\\\/ccasa.org\\\/wp-content\\\/uploads\\\/2021\\\/01\\\/default-blog-image-2.jpg\",\"contentUrl\":\"https:\\\/\\\/ccasa.org\\\/wp-content\\\/uploads\\\/2021\\\/01\\\/default-blog-image-2.jpg\",\"width\":845,\"height\":400,\"caption\":\"CCASA Logo\"},{\"@type\":\"BreadcrumbList\",\"@id\":\"https:\\\/\\\/ccasa.org\\\/es\\\/sabias-agosto-2023\\\/#breadcrumb\",\"itemListElement\":[{\"@type\":\"ListItem\",\"position\":1,\"name\":\"Home\",\"item\":\"https:\\\/\\\/ccasa.org\\\/es\\\/\"},{\"@type\":\"ListItem\",\"position\":2,\"name\":\"Sabias Agosto 2023\"}]},{\"@type\":\"WebSite\",\"@id\":\"https:\\\/\\\/ccasa.org\\\/#website\",\"url\":\"https:\\\/\\\/ccasa.org\\\/\",\"name\":\"Colorado Coalition Against Sexual Assault\",\"description\":\"\",\"publisher\":{\"@id\":\"https:\\\/\\\/ccasa.org\\\/#organization\"},\"potentialAction\":[{\"@type\":\"SearchAction\",\"target\":{\"@type\":\"EntryPoint\",\"urlTemplate\":\"https:\\\/\\\/ccasa.org\\\/?s={search_term_string}\"},\"query-input\":{\"@type\":\"PropertyValueSpecification\",\"valueRequired\":true,\"valueName\":\"search_term_string\"}}],\"inLanguage\":\"es\"},{\"@type\":\"Organization\",\"@id\":\"https:\\\/\\\/ccasa.org\\\/#organization\",\"name\":\"Colorado Coalition Against Sexual Assault (CCASA)\",\"url\":\"https:\\\/\\\/ccasa.org\\\/\",\"logo\":{\"@type\":\"ImageObject\",\"inLanguage\":\"es\",\"@id\":\"https:\\\/\\\/ccasa.org\\\/#\\\/schema\\\/logo\\\/image\\\/\",\"url\":\"https:\\\/\\\/www.ccasa.org\\\/wp-content\\\/uploads\\\/2018\\\/05\\\/ccasa-logo-large_png.png\",\"contentUrl\":\"https:\\\/\\\/www.ccasa.org\\\/wp-content\\\/uploads\\\/2018\\\/05\\\/ccasa-logo-large_png.png\",\"width\":1920,\"height\":1080,\"caption\":\"Colorado Coalition Against Sexual Assault (CCASA)\"},\"image\":{\"@id\":\"https:\\\/\\\/ccasa.org\\\/#\\\/schema\\\/logo\\\/image\\\/\"}},{\"@type\":\"Person\",\"@id\":\"https:\\\/\\\/ccasa.org\\\/#\\\/schema\\\/person\\\/3de91310ab0177292ecee1894894334b\",\"name\":\"Agueda Morgan\",\"image\":{\"@type\":\"ImageObject\",\"inLanguage\":\"es\",\"@id\":\"https:\\\/\\\/secure.gravatar.com\\\/avatar\\\/2ba86ddc8186355ac63dfbbdc26e9ac96b41c9a0e5ebcdc9392be88eaa816e00?s=96&d=mm&r=g\",\"url\":\"https:\\\/\\\/secure.gravatar.com\\\/avatar\\\/2ba86ddc8186355ac63dfbbdc26e9ac96b41c9a0e5ebcdc9392be88eaa816e00?s=96&d=mm&r=g\",\"contentUrl\":\"https:\\\/\\\/secure.gravatar.com\\\/avatar\\\/2ba86ddc8186355ac63dfbbdc26e9ac96b41c9a0e5ebcdc9392be88eaa816e00?s=96&d=mm&r=g\",\"caption\":\"Agueda Morgan\"},\"url\":\"https:\\\/\\\/ccasa.org\\\/es\\\/author\\\/amorgan\\\/\"}]}<\/script>\n<!-- \/ Yoast SEO plugin. -->","yoast_head_json":{"title":"Sabias Agosto 2023 - Colorado Coalition Against Sexual Assault","description":"CCASA blogs allow Colorado advocates and survivors to share the stories. We use our voices because staying silent isn\u2019t an option.","robots":{"index":"index","follow":"follow","max-snippet":"max-snippet:-1","max-image-preview":"max-image-preview:large","max-video-preview":"max-video-preview:-1"},"canonical":"https:\/\/ccasa.org\/es\/sabias-agosto-2023\/","og_locale":"es_ES","og_type":"article","og_title":"Sabias Agosto 2023 - Colorado Coalition Against Sexual Assault","og_description":"CCASA blogs allow Colorado advocates and survivors to share the stories. We use our voices because staying silent isn\u2019t an option.","og_url":"https:\/\/ccasa.org\/es\/sabias-agosto-2023\/","og_site_name":"Colorado Coalition Against Sexual Assault","article_published_time":"2023-08-01T12:00:55+00:00","og_image":[{"width":845,"height":400,"url":"https:\/\/ccasa.org\/wp-content\/uploads\/2021\/01\/default-blog-image-2.jpg","type":"image\/jpeg"}],"author":"Agueda Morgan","twitter_card":"summary_large_image","twitter_misc":{"Escrito por":"Agueda Morgan","Tiempo de lectura":"11 minutos"},"schema":{"@context":"https:\/\/schema.org","@graph":[{"@type":"Article","@id":"https:\/\/ccasa.org\/es\/sabias-agosto-2023\/#article","isPartOf":{"@id":"https:\/\/ccasa.org\/es\/sabias-agosto-2023\/"},"author":{"name":"Agueda Morgan","@id":"https:\/\/ccasa.org\/#\/schema\/person\/3de91310ab0177292ecee1894894334b"},"headline":"Sabias Agosto 2023","datePublished":"2023-08-01T12:00:55+00:00","mainEntityOfPage":{"@id":"https:\/\/ccasa.org\/es\/sabias-agosto-2023\/"},"wordCount":2802,"publisher":{"@id":"https:\/\/ccasa.org\/#organization"},"image":{"@id":"https:\/\/ccasa.org\/es\/sabias-agosto-2023\/#primaryimage"},"thumbnailUrl":"https:\/\/ccasa.org\/wp-content\/uploads\/2021\/01\/default-blog-image-2.jpg","keywords":["estad\u00edsticas","la salud","recursos"],"articleSection":["Sabias"],"inLanguage":"es"},{"@type":"WebPage","@id":"https:\/\/ccasa.org\/es\/sabias-agosto-2023\/","url":"https:\/\/ccasa.org\/es\/sabias-agosto-2023\/","name":"Sabias Agosto 2023 - Colorado Coalition Against Sexual Assault","isPartOf":{"@id":"https:\/\/ccasa.org\/#website"},"primaryImageOfPage":{"@id":"https:\/\/ccasa.org\/es\/sabias-agosto-2023\/#primaryimage"},"image":{"@id":"https:\/\/ccasa.org\/es\/sabias-agosto-2023\/#primaryimage"},"thumbnailUrl":"https:\/\/ccasa.org\/wp-content\/uploads\/2021\/01\/default-blog-image-2.jpg","datePublished":"2023-08-01T12:00:55+00:00","description":"CCASA blogs allow Colorado advocates and survivors to share the stories. We use our voices because staying silent isn\u2019t an option.","breadcrumb":{"@id":"https:\/\/ccasa.org\/es\/sabias-agosto-2023\/#breadcrumb"},"inLanguage":"es","potentialAction":[{"@type":"ReadAction","target":["https:\/\/ccasa.org\/es\/sabias-agosto-2023\/"]}]},{"@type":"ImageObject","inLanguage":"es","@id":"https:\/\/ccasa.org\/es\/sabias-agosto-2023\/#primaryimage","url":"https:\/\/ccasa.org\/wp-content\/uploads\/2021\/01\/default-blog-image-2.jpg","contentUrl":"https:\/\/ccasa.org\/wp-content\/uploads\/2021\/01\/default-blog-image-2.jpg","width":845,"height":400,"caption":"CCASA Logo"},{"@type":"BreadcrumbList","@id":"https:\/\/ccasa.org\/es\/sabias-agosto-2023\/#breadcrumb","itemListElement":[{"@type":"ListItem","position":1,"name":"Home","item":"https:\/\/ccasa.org\/es\/"},{"@type":"ListItem","position":2,"name":"Sabias Agosto 2023"}]},{"@type":"WebSite","@id":"https:\/\/ccasa.org\/#website","url":"https:\/\/ccasa.org\/","name":"Colorado Coalition Against Sexual Assault","description":"","publisher":{"@id":"https:\/\/ccasa.org\/#organization"},"potentialAction":[{"@type":"SearchAction","target":{"@type":"EntryPoint","urlTemplate":"https:\/\/ccasa.org\/?s={search_term_string}"},"query-input":{"@type":"PropertyValueSpecification","valueRequired":true,"valueName":"search_term_string"}}],"inLanguage":"es"},{"@type":"Organization","@id":"https:\/\/ccasa.org\/#organization","name":"Colorado Coalition Against Sexual Assault (CCASA)","url":"https:\/\/ccasa.org\/","logo":{"@type":"ImageObject","inLanguage":"es","@id":"https:\/\/ccasa.org\/#\/schema\/logo\/image\/","url":"https:\/\/www.ccasa.org\/wp-content\/uploads\/2018\/05\/ccasa-logo-large_png.png","contentUrl":"https:\/\/www.ccasa.org\/wp-content\/uploads\/2018\/05\/ccasa-logo-large_png.png","width":1920,"height":1080,"caption":"Colorado Coalition Against Sexual Assault (CCASA)"},"image":{"@id":"https:\/\/ccasa.org\/#\/schema\/logo\/image\/"}},{"@type":"Person","@id":"https:\/\/ccasa.org\/#\/schema\/person\/3de91310ab0177292ecee1894894334b","name":"Agueda Morgan","image":{"@type":"ImageObject","inLanguage":"es","@id":"https:\/\/secure.gravatar.com\/avatar\/2ba86ddc8186355ac63dfbbdc26e9ac96b41c9a0e5ebcdc9392be88eaa816e00?s=96&d=mm&r=g","url":"https:\/\/secure.gravatar.com\/avatar\/2ba86ddc8186355ac63dfbbdc26e9ac96b41c9a0e5ebcdc9392be88eaa816e00?s=96&d=mm&r=g","contentUrl":"https:\/\/secure.gravatar.com\/avatar\/2ba86ddc8186355ac63dfbbdc26e9ac96b41c9a0e5ebcdc9392be88eaa816e00?s=96&d=mm&r=g","caption":"Agueda Morgan"},"url":"https:\/\/ccasa.org\/es\/author\/amorgan\/"}]}},"_links":{"self":[{"href":"https:\/\/ccasa.org\/es\/wp-json\/wp\/v2\/posts\/21545","targetHints":{"allow":["GET"]}}],"collection":[{"href":"https:\/\/ccasa.org\/es\/wp-json\/wp\/v2\/posts"}],"about":[{"href":"https:\/\/ccasa.org\/es\/wp-json\/wp\/v2\/types\/post"}],"author":[{"embeddable":true,"href":"https:\/\/ccasa.org\/es\/wp-json\/wp\/v2\/users\/150"}],"replies":[{"embeddable":true,"href":"https:\/\/ccasa.org\/es\/wp-json\/wp\/v2\/comments?post=21545"}],"version-history":[{"count":0,"href":"https:\/\/ccasa.org\/es\/wp-json\/wp\/v2\/posts\/21545\/revisions"}],"wp:featuredmedia":[{"embeddable":true,"href":"https:\/\/ccasa.org\/es\/wp-json\/wp\/v2\/media\/14324"}],"wp:attachment":[{"href":"https:\/\/ccasa.org\/es\/wp-json\/wp\/v2\/media?parent=21545"}],"wp:term":[{"taxonomy":"category","embeddable":true,"href":"https:\/\/ccasa.org\/es\/wp-json\/wp\/v2\/categories?post=21545"},{"taxonomy":"post_tag","embeddable":true,"href":"https:\/\/ccasa.org\/es\/wp-json\/wp\/v2\/tags?post=21545"}],"curies":[{"name":"wp","href":"https:\/\/api.w.org\/{rel}","templated":true}]}}