{"id":21429,"date":"2023-07-01T06:00:26","date_gmt":"2023-07-01T12:00:26","guid":{"rendered":"https:\/\/www.ccasa.org\/?p=21429"},"modified":"2023-06-09T08:54:15","modified_gmt":"2023-06-09T14:54:15","slug":"sabias-julio-2023","status":"publish","type":"post","link":"https:\/\/ccasa.org\/es\/sabias-julio-2023\/","title":{"rendered":"Sabias Julio 2023"},"content":{"rendered":"<div class=\"wpb-content-wrapper\"><p>[vc_row css=\u00bb.vc_custom_1612968358632{margin-top: 70px !important;}\u00bb][vc_column][vc_row_inner][vc_column_inner][vc_column_text]<\/p>\n<h2>Observancias en Julio<\/h2>\n<p>[\/vc_column_text][\/vc_column_inner][\/vc_row_inner][vc_row_inner equal_height=\u00bbyes\u00bb][vc_column_inner width=\u00bb1\/4&#8243;][vc_column_text css=\u00bb.vc_custom_1686319391318{margin-bottom: 0px !important;padding-top: 10px !important;padding-right: 10px !important;padding-bottom: 10px !important;padding-left: 10px !important;background-color: #ffffff !important;}\u00bb]<\/p>\n<p style=\"text-align: center;\"><strong>1 de Julio<\/strong><\/p>\n<p style=\"text-align: center;\">D\u00eda Internacional del Reggae;del Chiste y de la Fruta.<\/p>\n<p>[\/vc_column_text][\/vc_column_inner][vc_column_inner width=\u00bb1\/4&#8243;][vc_column_text css=\u00bb.vc_custom_1686319385566{margin-bottom: 0px !important;padding-top: 10px !important;padding-right: 10px !important;padding-bottom: 10px !important;padding-left: 10px !important;background-color: #ffffff !important;}\u00bb]<\/p>\n<p style=\"text-align: center;\"><strong>4 de Julio<br \/>\n<\/strong>D\u00eda de la Independencia de los Estados Unidos<\/p>\n<p>[\/vc_column_text][\/vc_column_inner][vc_column_inner width=\u00bb1\/4&#8243;][vc_column_text css=\u00bb.vc_custom_1686319497551{margin-bottom: 0px !important;padding-top: 10px !important;padding-right: 10px !important;padding-bottom: 10px !important;padding-left: 10px !important;background-color: #ffffff !important;}\u00bb]<\/p>\n<p style=\"text-align: center;\"><strong>6 de Julio<br \/>\n<\/strong>\u00a0D\u00eda internacional de las cooperativas<\/p>\n<p>[\/vc_column_text][vc_single_image image=\u00bb21430&#8243; img_size=\u00bbfull\u00bb alignment=\u00bbcenter\u00bb css=\u00bb.vc_custom_1686319534936{padding-bottom: 10px !important;background-color: #ffffff !important;}\u00bb][\/vc_column_inner][vc_column_inner width=\u00bb1\/4&#8243;][vc_column_text css=\u00bb.vc_custom_1686319589631{margin-bottom: 0px !important;padding-top: 10px !important;padding-right: 10px !important;padding-bottom: 10px !important;padding-left: 10px !important;background-color: #ffffff !important;}\u00bb]<\/p>\n<p style=\"text-align: center;\"><strong>11 de Julio<br \/>\n<\/strong>D\u00eda mundial de la poblaci\u00f3n<\/p>\n<p>[\/vc_column_text][\/vc_column_inner][\/vc_row_inner][vc_row_inner equal_height=\u00bbyes\u00bb][vc_column_inner width=\u00bb1\/4&#8243;][vc_column_text css=\u00bb.vc_custom_1686319639046{margin-bottom: 0px !important;padding-top: 10px !important;padding-right: 10px !important;padding-bottom: 10px !important;padding-left: 10px !important;background-color: #ffffff !important;}\u00bb]<\/p>\n<p style=\"text-align: center;\"><strong>12 de Julio<br \/>\n<\/strong>D\u00eda \u00a0de Malala<\/p>\n<p>[\/vc_column_text][\/vc_column_inner][vc_column_inner width=\u00bb1\/4&#8243;][vc_column_text css=\u00bb.vc_custom_1686319802414{margin-bottom: 0px !important;padding-top: 10px !important;padding-right: 10px !important;padding-bottom: 10px !important;padding-left: 10px !important;background-color: #ffffff !important;}\u00bb]<\/p>\n<p style=\"text-align: center;\"><strong>14 de Julio<br \/>\n<\/strong>Cuaresma Budista\/Buddhist Lent<\/p>\n<p>[\/vc_column_text][\/vc_column_inner][vc_column_inner width=\u00bb1\/4&#8243;][vc_column_text css=\u00bb.vc_custom_1686319879536{margin-bottom: 0px !important;padding-top: 10px !important;padding-right: 10px !important;padding-bottom: 10px !important;padding-left: 10px !important;background-color: #ffffff !important;}\u00bb]<\/p>\n<p style=\"text-align: center;\"><strong>15 de Julio<br \/>\n<\/strong>D\u00eda mundial de las habilidades de la juventud<\/p>\n<p>[\/vc_column_text][vc_single_image image=\u00bb21432&#8243; img_size=\u00bbfull\u00bb alignment=\u00bbcenter\u00bb css=\u00bb.vc_custom_1686319954470{padding-bottom: 10px !important;background-color: #ffffff !important;}\u00bb][\/vc_column_inner][vc_column_inner width=\u00bb1\/4&#8243;][vc_column_text css=\u00bb.vc_custom_1686320010654{padding-top: 10px !important;padding-right: 10px !important;padding-bottom: 10px !important;padding-left: 10px !important;background-color: #ffffff !important;}\u00bb]<\/p>\n<p style=\"text-align: center;\"><strong>17 de Julio<br \/>\n<\/strong>D\u00eda Mundial de la Justicia Internacional<\/p>\n<p>[\/vc_column_text][\/vc_column_inner][\/vc_row_inner][vc_row_inner equal_height=\u00bbyes\u00bb][vc_column_inner width=\u00bb1\/4&#8243;][vc_column_text css=\u00bb.vc_custom_1686322174613{margin-bottom: 0px !important;padding-top: 10px !important;padding-right: 10px !important;padding-bottom: 10px !important;padding-left: 10px !important;background-color: #ffffff !important;}\u00bb]<\/p>\n<p style=\"text-align: center;\"><strong>18 de Julio<br \/>\n<\/strong>D\u00eda Internacional de Nelson Mandela\u00a0 \u00a0 &amp;<\/p>\n<p style=\"text-align: center;\">D\u00eda Mundial de la Escucha<\/p>\n<p>[\/vc_column_text][\/vc_column_inner][vc_column_inner width=\u00bb1\/4&#8243;][vc_column_text css=\u00bb.vc_custom_1686320199014{margin-bottom: 0px !important;padding-top: 10px !important;padding-right: 10px !important;padding-bottom: 10px !important;padding-left: 10px !important;background-color: #ffffff !important;}\u00bb]<\/p>\n<p style=\"text-align: center;\"><strong>20 de Julio<\/strong><\/p>\n<p style=\"text-align: center;\">\u00a0D\u00eda Internacional de la Luna<\/p>\n<p>[\/vc_column_text][\/vc_column_inner][vc_column_inner width=\u00bb1\/4&#8243;][vc_column_text css=\u00bb.vc_custom_1686320267655{margin-bottom: 0px !important;padding-top: 10px !important;padding-right: 10px !important;padding-bottom: 10px !important;padding-left: 10px !important;background-color: #ffffff !important;}\u00bb]<\/p>\n<p style=\"text-align: center;\"><strong>22 de Julio<br \/>\n<\/strong><\/p>\n<p style=\"text-align: center;\">D\u00eda Internacional del Trabajo Dom\u00e9stico<\/p>\n<p>[\/vc_column_text][\/vc_column_inner][vc_column_inner width=\u00bb1\/4&#8243;][vc_column_text css=\u00bb.vc_custom_1686320318006{margin-bottom: 0px !important;padding-top: 10px !important;padding-right: 10px !important;padding-bottom: 10px !important;padding-left: 10px !important;background-color: #ffffff !important;}\u00bb]<\/p>\n<p style=\"text-align: center;\"><strong>26 de Julio<br \/>\n<\/strong>D\u00eda Nacional de la Independencia de la Discapacidad<\/p>\n<p>[\/vc_column_text][vc_single_image image=\u00bb21434&#8243; img_size=\u00bbfull\u00bb alignment=\u00bbcenter\u00bb][\/vc_column_inner][\/vc_row_inner][vc_row_inner equal_height=\u00bbyes\u00bb][vc_column_inner width=\u00bb1\/4&#8243;][vc_column_text css=\u00bb.vc_custom_1686320473238{margin-bottom: 0px !important;padding-top: 10px !important;padding-right: 10px !important;padding-bottom: 10px !important;padding-left: 10px !important;background-color: #ffffff !important;}\u00bb]<\/p>\n<p style=\"text-align: center;\"><strong>30 de Julio<br \/>\n<\/strong><\/p>\n<p style=\"text-align: center;\">D\u00eda mundial contra la trata<\/p>\n<p>[\/vc_column_text][\/vc_column_inner][vc_column_inner width=\u00bb1\/4&#8243;][vc_column_text css=\u00bb.vc_custom_1686320522094{margin-bottom: 0px !important;padding-top: 10px !important;padding-right: 10px !important;padding-bottom: 10px !important;padding-left: 10px !important;background-color: #ffffff !important;}\u00bb]<\/p>\n<p style=\"text-align: center;\"><strong>30 de Julio<\/strong><\/p>\n<p style=\"text-align: center;\">D\u00eda internacional de la amistad<\/p>\n<p>[\/vc_column_text][vc_single_image image=\u00bb21436&#8243; img_size=\u00bbfull\u00bb alignment=\u00bbcenter\u00bb][\/vc_column_inner][vc_column_inner width=\u00bb1\/4&#8243;][vc_column_text]<\/p>\n<p style=\"text-align: center;\"><strong>\u00a028 de Junio<\/strong><\/p>\n<p style=\"text-align: center;\">D\u00cdA Internacional del Orgullo LGBTQIA+<\/p>\n<p>[\/vc_column_text][\/vc_column_inner][vc_column_inner width=\u00bb1\/4&#8243;][vc_column_text]<\/p>\n<p style=\"text-align: center;\"><strong>30 de Junio<\/strong><\/p>\n<p style=\"text-align: center;\">D\u00cdA DE MEDIOS SOCIALES<\/p>\n<p>[\/vc_column_text][\/vc_column_inner][\/vc_row_inner][\/vc_column][\/vc_row][vc_row css=\u00bb.vc_custom_1612968056872{margin-top: 32px !important;}\u00bb][vc_column][vc_column_text]<\/p>\n<h2><strong>Efem\u00e9rides mes de Julio <\/strong><\/h2>\n<p>[\/vc_column_text][vc_column_text]El verano ha llegado, y con \u00e9l, el mes de julio se prepara para las cosechas, pues gran parte de aquello que fue sembrado en los primeros meses del a\u00f1o estar\u00e1 listo para este mes.<img loading=\"lazy\" decoding=\"async\" class=\" wp-image-21438 alignright\" src=\"https:\/\/www.ccasa.org\/wp-content\/uploads\/2023\/06\/Picture-blog-1.png\" alt=\"\" width=\"203\" height=\"203\" \/><\/p>\n<p>Algunos de los productos que se pueden cosechar en este mes son: el trigo, el pepino, las fresas, los tomates y las berenjenas, pues han completado su proceso de desarrollo.<\/p>\n<p>Aunque es un tiempo muy propicio para este menester agr\u00edcola, tambi\u00e9n implica un gran esfuerzo pues el mes de julio suele ser asociado con el calor del verano, lo cual, hace de las faenas del campo, a\u00fan m\u00e1s demandantes y agotadoras.<\/p>\n<p>El arduo trabajo de los agricultores en el mes de julio se ve intensificado debido a las grandes cargas de trabajo y sobre todo a las peculiaridades del tiempo, pues tambi\u00e9n es sabido que al estar en temporada de lluvias debe tenerse mucho cuidado para que los cultivos que est\u00e1n listos para cosecharse no se estropeen con la intensidad o frecuencia de las lluvias.<\/p>\n<p><strong>\u00bfSab\u00edas qu\u00e9\u2026?<\/strong><\/p>\n<p>En el calendario romano el mes de Julio se denominaba Quintilis, correspondiendo al quinto mes con 36 d\u00edas de duraci\u00f3n. El rey R\u00f3mulo lo redujo a 30, y luego el rey Numa de Roma lo llev\u00f3 a 30 d\u00edas.<\/p>\n<p>Finalmente, el rey Julio C\u00e9sar lo estableci\u00f3 en 31 d\u00edas. Por cierto, en honor a su nombre y a su nacimiento un d\u00eda 13 de julio, se renombr\u00f3 el mes como \u201cJulius\u201d. Lo que conocemos hoy en d\u00eda como Julio.<\/p>\n<p>El mes de julio tiene d\u00edas de celebraci\u00f3n bastante raros y curiosos, entre ellos, el d\u00eda mundial del bikini (5 de julio), el d\u00eda mundial de ir desnudo (14 de julio), d\u00eda mundial de sacar la lengua (19 de julio), y hasta d\u00eda mundial de la comida r\u00e1pida (21 de julio). Aunque parezca raro, al parecer no todas las efem\u00e9rides y d\u00edas de celebraci\u00f3n deben tener un toque solemne y serio, sino que tambi\u00e9n pueden ser divertidos y bastante extra\u00f1os.<\/p>\n<p><strong>\u00bfSab\u00edas que? Algunos datos curiosos e interesantes<\/strong><\/p>\n<p>Mostramos algunos datos curiosos e interesantes del mes de Julio:<\/p>\n<ul>\n<li>En el hemisferio norte las vacaciones escolares y de verano comienzan en el mes de julio, mientras que en el hemisferio sur corresponde a las vacaciones de invierno.<\/li>\n<li>Julio es conocido en Inglaterra como \u00abmes de la cerca\u00bb, debido a la temporada cerrada de ciervos.<\/li>\n<li>La flor de julio o Delphinium es una planta utilizada con fines medicinales, como repelente natural de insectos.<\/li>\n<li>La piedra preciosa del mes de julio es el Rub\u00ed. Como piedra natal simboliza la esencia de la vida, representando luz y energ\u00eda.<\/li>\n<li>Las personas nacidas en el mes de julio suelen ser extremadamente sociables y amigables. Su signo del zod\u00edaco es C\u00e1ncer (nacidos entre el 22 de junio al 22 de julio) y Leo (nacidos entre el 23 de julio al 23 de agosto).<\/li>\n<li>El nombre Julio se deriva del lat\u00edn lulius. Se caracterizan por ser personas muy ordenadas, responsables y serias. Son muy trabajadores y aman la paz y la tranquilidad . Las variantes de este nombre son Juli\u00e1n, Juliano o Xulio en gallego. Y en femenino Julia, Juliana, Julieta.<\/li>\n<li>En gran parte del hemisferio norte el mes de julio es considerado el m\u00e1s caluroso del a\u00f1o, con mayor incidencia de radiaci\u00f3n ultravioleta.<\/li>\n<\/ul>\n<p><strong>Algunas Celebraciones internacionales incluyen:<\/strong><\/p>\n<ul>\n<li>1 de julio &#8211; D\u00eda Internacional del Reggae;del Chiste y de la Fruta.<img loading=\"lazy\" decoding=\"async\" class=\" wp-image-21440 alignright\" src=\"https:\/\/www.ccasa.org\/wp-content\/uploads\/2023\/06\/2-Picture-blog-1.png\" alt=\"\" width=\"180\" height=\"119\" \/><\/li>\n<li>4 de julio &#8211; D\u00eda Mundial de los Delfines en Cautiverio; de la Conservaci\u00f3n del Suelo Y D\u00eda Internacional del C\u00f3ndor.<\/li>\n<li>6 de Julio Nacimiento &amp; 13 de Julio Muerte de Frida Kahlo.<\/li>\n<li>14 de julio &#8211; D\u00eda Internacional del Auxiliar de Enfermer\u00eda.<\/li>\n<li>21 de julio &#8211; D\u00eda Mundial del Perro<\/li>\n<li>24 de julio &#8211; <strong>D\u00eda Internacional del Autocuidado<\/strong><\/li>\n<li>25 de julio &#8211; <strong>D\u00eda Internacional de la Mujer Afrodescendiente<\/strong><\/li>\n<\/ul>\n<p><strong>D\u00edas mundiales raros, o divertidos en Julio<\/strong><\/p>\n<ul>\n<li>5 de julio &#8211; D\u00eda Mundial del Bikini<\/li>\n<li>17 de julio &#8211; D\u00eda Mundial del Emoji &#8211; World Emoji Day<\/li>\n<li>17 de julio &#8211; D\u00eda Internacional del Tatuaje<\/li>\n<li>19 de julio &#8211; D\u00eda Mundial de Sacar la Lengua<\/li>\n<li>20 de julio &#8211; D\u00eda Mundial de las Piruletas<\/li>\n<li>22 de julio &#8211; D\u00eda de la Hamaca<\/li>\n<li>27 de julio &#8211; D\u00eda Mundial de Andar con Zancos<\/li>\n<li>30 de julio &#8211; D\u00eda Mundial del Bordado<\/li>\n<li>Entre otras cosas en julio puede ocurrir la <strong>&#8216;Luna del Ciervo&#8217;.<\/strong><\/li>\n<\/ul>\n<p><strong>Para terminar los dejamos con frases populares del mes de julio<\/strong><\/p>\n<ul>\n<li>\u00abJulio caliente quema al m\u00e1s valiente\u00bb.<\/li>\n<li>\u00abEn julio normal, seco todo el manantial\u00bb.<\/li>\n<li>\u00abAunque raras, muy violentas son por julio las tormentas\u00bb.<\/li>\n<li>\u00abEn julio, agua viene y toalla va, y el verano ya pasar\u00e1\u00bb.<\/li>\n<li>\u00abPor mucho que quiera ser, en Julio poco ha de llover\u00bb.<\/li>\n<li>\u00abSi en julio vienen solanos se va el fruto de las manos\u00bb.<\/li>\n<li>\u00abQue te bendiga julio si mayo no pudo\u00bb.<\/li>\n<li>\u00abJulio calorero llena bodega y granero\u00bb.<\/li>\n<li>\u00abEl verano en la monta\u00f1a empieza en Santiago y acaba en Santa Ana\u00bb.<\/li>\n<li>\u00abEn julio, el mel\u00f3n echa color\u00bb.<\/li>\n<\/ul>\n<p><strong>\u00a0<\/strong><\/p>\n<p><strong>Article Source: <\/strong><a href=\"https:\/\/www.diainternacionalde.com\/mes\/julio\">https:\/\/www.diainternacionalde.com\/mes\/julio<\/a> <strong>\u00a0<\/strong>[\/vc_column_text][vc_empty_space height=\u00bb40px\u00bb][\/vc_column][\/vc_row][vc_row][vc_column][vc_column_text]<\/p>\n<h2><strong>D\u00eda Internacional de la Mujer Afrodescendiente<\/strong><\/h2>\n<p>[\/vc_column_text][vc_column_text]El D\u00eda Internacional de la Mujer Afrodescendiente, tambi\u00e9n se conoce como D\u00eda de la Mujer Afrolatina, Afrocaribe\u00f1a y de la Di\u00e1spora. La fecha fue elegida <img loading=\"lazy\" decoding=\"async\" class=\" wp-image-21442 alignright\" src=\"https:\/\/www.ccasa.org\/wp-content\/uploads\/2023\/06\/Picture-blog-2-300x300.jpg\" alt=\"\" width=\"335\" height=\"335\" \/> para conmemorar el primer congreso en el que se reunieron m\u00e1s de 400 mujeres latinoamericanas y del Caribe en 1992 en la Rep\u00fablica Dominicana.<\/p>\n<p>El 25 de Julio se celebra el D\u00eda Internacional de la Mujer Afrodescendiente con el fin de crear conciencia sobre la discriminaci\u00f3n, el racismo, as\u00ed como para reivindicar los derechos y la dignidad de la mujer en general.<\/p>\n<p>El D\u00eda Internacional de la Mujer Afrodescendiente, tambi\u00e9n se conoce como D\u00eda de la Mujer Afrolatina, Afrocaribe\u00f1a y de la Di\u00e1spora.<\/p>\n<p>Esta fecha est\u00e1 \u00edntimamente relacionada con el D\u00eda Internacional de la Mujer, al ser una oportunidad m\u00e1s de reivindicar los derechos y la dignidad de la mujer en general.<\/p>\n<p><strong>\u00bfPor qu\u00e9 se celebra el D\u00eda Internacional de la Mujer Afrodescendiente?<\/strong><\/p>\n<p>La fecha fue elegida para conmemorar el primer congreso en el que se reunieron m\u00e1s de 400 mujeres latinoamericanas y del Caribe en 1992 en la Rep\u00fablica Dominicana, en el cual se trataron temas relacionados con el sexismo, discriminaci\u00f3n racial, pobreza, migraci\u00f3n y violencia.<\/p>\n<p>En este encuentro surgi\u00f3 la Red de Mujeres Afrolatinoamericanas, Afrocaribe\u00f1as y de la Di\u00e1spora, un espacio para luchar por la dignidad y los derechos de las mujeres negras en su calidad de ciudadanas plenas.<\/p>\n<p><strong>Problemas a los que se enfrentan las mujeres afrodescendientes<\/strong><\/p>\n<p>En la actualidad a\u00fan persisten pr\u00e1cticas discriminatorias hacia estas mujeres, miradas que las estigmatizan. El estereotipo m\u00e1s com\u00fan es el de la mujer hipersexualizada, a la que se ve como un objeto de deseo sin voluntad propia que la denigra y la hace mucho m\u00e1s vulnerable.<\/p>\n<p>Solo en Am\u00e9rica Latina y El Caribe hay alrededor de 200 millones de personas afrodescendientes: un 30% de la poblaci\u00f3n. Y a\u00fan se enfrentan a formas m\u00faltiples de discriminaci\u00f3n y racismo, sobre todo las mujeres.<\/p>\n<p><strong>Objetivos del D\u00eda Internacional de la Mujer Afrodescendiente<\/strong><\/p>\n<p>Enfrentar el racismo y el sexismo que aboca a las mujeres afro a situaciones de pobreza y marginalidad.<\/p>\n<p>Combatir los estereotipos y los prejuicios que pesan sobre las mujeres negras.<\/p>\n<p>Promover la participaci\u00f3n de las mujeres afrodescendientes en la vida p\u00fablica y en la toma de decisiones en distintos \u00e1mbitos de la comunidad.<\/p>\n<p>Demandar a los pa\u00edses el impulso de pol\u00edticas a favor de la integraci\u00f3n de este colectivo.<\/p>\n<p>\u00bfQu\u00e9 puedes hacer para celebrar el D\u00eda Internacional de la Mujer Afrodescendiente?<\/p>\n<p>Tanto si eres afrodescendiente como si no, puedes apoyar esta causa uni\u00e9ndote a las campa\u00f1as que cada a\u00f1o se lanzan por parte de las organizaciones y asociaciones que abogan la causa, como la Red de Mujeres Afrolatinoamericanas, Afrocaribe\u00f1as y de la Di\u00e1spora.<\/p>\n<p>Hoy conmemoramos la reivindicaci\u00f3n de los derechos y la dignidad de la mujer afrodescendiente. Persisten en el siglo XXI m\u00faltiples formas de discriminaci\u00f3n contra las ni\u00f1as y mujeres, y estas con frecuencia se agravan cuando las miramos desde la perspectiva \u00e9tnica; ya es tiempo de acabar contra la violencia racial y la exclusi\u00f3n hacia la mujer afrodescendiente, combatir la intolerancia y los estereotipos.<\/p>\n<p>En el marco del Decenio Internacional de las Personas Afrodescendientes 2015-2024, declarado por las Naciones Unidas, se promueve la erradicaci\u00f3n de todas estas injusticias sociales heredadas y luchar contra los prejuicios y la discriminaci\u00f3n racial, promoviendo y protegiendo los derechos humanos de todos y todas.<\/p>\n<p>As\u00ed, hoy rendimos homenaje a todas aquellas mujeres afrodescendientes que han destacado en Centroam\u00e9rica, contribuyendo desde sus \u00e1mbitos personales y laborales a forjar sociedades m\u00e1s justas y equitativas, generando cambios y luchando contra la violencia, el sexismo y la exclusi\u00f3n.<\/p>\n<p>Desde UNESCO celebramos los logros alcanzados y los derechos reivindicados, pero reconocemos que las poblaciones m\u00e1s vulnerables a\u00fan ven irrespetados sus derechos m\u00e1s elementales a la salud, educaci\u00f3n, trabajo y vivienda digna. Promovemos la participaci\u00f3n de las mujeres afrodescendientes en la vida p\u00fablica y en la toma de decisiones dentro de sus comunidades y naciones, como una forma de incorporar en todos los espacios y agendas pol\u00edticas aquellos elementos que permitan hacer frente a toda forma de discriminaci\u00f3n.<\/p>\n<p>Article Source\/Fuente:<\/p>\n<ul>\n<li><a href=\"https:\/\/noticiassin.com\">https:\/\/noticiassin.com<\/a><\/li>\n<li>UNESCO: <a href=\"https:\/\/es.unesco.org\/news\/dia-internacional-mujer-afrolatina-afrocaribena-y-diaspora\">https:\/\/es.unesco.org\/news\/dia-internacional-mujer-afrolatina-afrocaribena-y-diaspora<\/a><\/li>\n<\/ul>\n<p>[\/vc_column_text][vc_empty_space height=\u00bb40px\u00bb][\/vc_column][\/vc_row][vc_row][vc_column][vc_column_text]<strong>\u201cEl acceso abierto a datos es clave para combatir la violencia de g\u00e9nero online en todas las redes sociales\u201d<\/strong>[\/vc_column_text][vc_column_text]La violencia pol\u00edtica de g\u00e9nero en redes sociales es un problema creciente que genera graves da\u00f1os psicol\u00f3gicos, f\u00edsicos y hasta econ\u00f3micos a las mujeres y supone una amenaza para la libertad de expresi\u00f3n y la democracia. Sin <img loading=\"lazy\" decoding=\"async\" class=\" wp-image-21444 alignright\" src=\"https:\/\/www.ccasa.org\/wp-content\/uploads\/2023\/06\/Picture-blog-3.png\" alt=\"\" width=\"180\" height=\"180\" \/> embargo, la informaci\u00f3n y las estad\u00edsticas confiables sobre su alcance y naturaleza son escasas. Laila Sprejer, m\u00e1ster en ciencia de datos con aplicaci\u00f3n social de la London School of Economics y licenciada en econom\u00eda de la Universidad de Buenos Aires, lider\u00f3 un monitor que midi\u00f3 en tiempo real las agresiones online que recibieron las precandidatas al Congreso de la Naci\u00f3n de Argentina en Twitter en 2021. Actualmente lidera el grupo de ciencias de datos en Amdocs Technology, una empresa multinacional de software. Durante los \u00faltimos 3 a\u00f1os se desempe\u00f1\u00f3 como consultora de diversas fundaciones y organismos internacionales como experta en datos y previamente trabaj\u00f3 en distintas empresas del sector privado.<\/p>\n<p><strong>\u00bfCu\u00e1les son las agresiones y ataques online m\u00e1s frecuentes hacia las mujeres con voz p\u00fablica?\u00a0 <\/strong><\/p>\n<p>El tipo de agresiones online m\u00e1s comunes que se observan en el monitor de Twitter son comentarios sobre la personalidad o las cualidades que menosprecian los saberes, conocimientos o capacidades de las mujeres para hacer pol\u00edtica. En segundo lugar, las acusaciones directas que sugieren que una persona tiene malas intenciones y que hablan de la forma de ser de una persona y no de un hecho concreto. Estas agresiones se miden en el marco de una categorizaci\u00f3n que parte de proyectos previos y que incluye otros tipos de abusos como las alusiones al cuerpo y la sexualidad o agresiones directas. Tambi\u00e9n se miden comentarios cr\u00edticos que definimos como contenido de opini\u00f3n o calificativo sobre el accionar o manejo pol\u00edtico, independientemente de la veracidad de las acusaciones. Hace referencia a la pr\u00e1ctica pol\u00edtica y no a la personalidad de las candidatas.<\/p>\n<p><strong>\u00bfQu\u00e9 otras formas de ataques online existen detectan? <\/strong><\/p>\n<p>Otros ataques frecuentes son amenazas, campa\u00f1as de desprestigio, doxing (la acci\u00f3n de publicar informaci\u00f3n privada de una persona con el fin de exponerla o generar miedo) o comentarios estereotipantes, que est\u00e1n fuera del alcance de este monitor y a veces son m\u00e1s complejos de ser detectados de manera autom\u00e1tica. Existen varios estudios y entrevistas que hacen referencia a estas formas de violencia, como los de ELA (2022), ONU Mujeres Chile (2021), Luchadoras M\u00e9xico (2017), Amnist\u00eda Internacional, Uni\u00f3n Interparlamentaria, entre otros.<\/p>\n<p><strong>\u00bfQui\u00e9nes est\u00e1n detr\u00e1s de estas agresiones? <\/strong><\/p>\n<p>A pesar de que el monitor que realizamos no lo analiza, existen ataques vinculados a sistemas de creencias (otra vez, en el monitor diferenciamos entre la cr\u00edtica al ejercicio pol\u00edtico y el abuso) y conocemos tambi\u00e9n la existencia de ataques coordinados a trav\u00e9s de \u201cbots\u201d- programas inform\u00e1ticos que realizan tareas automatizadas o semiautomatizadas en una red-, o \u201ctrolls\u201d -personas con identidades desconocidas que publican mensajes provocadores, irrelevantes, pol\u00e9micos o fuera de tema en una comunidad en l\u00ednea, con la principal intenci\u00f3n de molestar o provocar una respuesta emocional negativa en los usuarios\/as-. Luego, existen tambi\u00e9n grupos ideol\u00f3gicos conocidos que difunden mensajes sexistas y muchas veces encuentran su propio espacio en la esfera online, por ejemplo, los movimientos antifeministas y por los derechos de los hombres \u201cThe Red pill\u201d (la p\u00edldora roja) o \u201cincels\u201d (abreviatura en ingl\u00e9s de \u201ccelibato involuntario\u201d) en el foro Reddit.<\/p>\n<p><strong>\u00bfCu\u00e1l es la red social donde se registra m\u00e1s violencia en l\u00ednea? <\/strong><\/p>\n<p>Al momento, el monitor registra \u00fanicamente agresiones en Twitter. Estudios previos muestran c\u00f3mo la violencia de g\u00e9nero en esta red social es un problema considerable que necesita conocerse mejor con urgencia. A diferencia de Twitter, otras plataformas ampliamente utilizadas como YouTube y Facebook no ponen a disposici\u00f3n los datos para proyectos de investigaci\u00f3n como este y, por lo tanto, no pueden ser utilizadas. Sin embargo, la violencia online es un problema generalizado de todas las plataformas sociales. Las redes sociales no son buenas o malas per se. Qu\u00e9 se hace con ellas, qui\u00e9n las usa o c\u00f3mo est\u00e1n reguladas, hacen que una misma herramienta se pueda usar para organizar un movimiento social a favor de una causa justa y tambi\u00e9n para atacar y desprestigiar a mujeres en la pol\u00edtica. Es por esto que el acceso a datos abiertos es clave para combatir la violencia de g\u00e9nero online en todas las redes sociales,\u00a0 incluyendo las pol\u00edticas internas de tratamiento de comentarios y conductas abusivas y estad\u00edsticas sobre posts bloqueados y denunciados, los cuales hoy en d\u00eda no son compartidos p\u00fablicamente. Ac\u00e1 el Estado tiene un rol clave de exigir transparencia a las redes sociales.<\/p>\n<p><strong>\u00bfPresenciaste violencia en redes? <\/strong><\/p>\n<p>Transformar la cultura de la violencia es responsabilidad de todas las personas: el primer paso es alzar la voz. Enf\u00f3cate en expresar por qu\u00e9 es problem\u00e1tico el comportamiento que observaste y cu\u00e1les son las estructuras que sostienen la violencia de g\u00e9nero. Tambi\u00e9n puedes compartir datos y recursos para que otras personas puedan aprender m\u00e1s sobre el tema.<\/p>\n<p>Al manifestarnos en contra de una situaci\u00f3n violenta, hag\u00e1moslo siempre responsablemente para evitar empeorar la situaci\u00f3n, generar revictimizaciones, o incluso exponernos a nosotros\/as mismos\/as. Tambi\u00e9n evitemos generalizar o culpabilizar a poblaciones enteras, reproducir estereotipos, o responder con m\u00e1s violencia. Reproducir o legitimar otras formas de violencia u opresi\u00f3n pueden tener el efecto contrario al que buscamos.<\/p>\n<p><strong>Algunos consejos pr\u00e1cticos: <\/strong><\/p>\n<p>Si conoces a la persona atacada: ofr\u00e9cele tu ayuda o asistencia. Ten en cuenta que la persona puede no tener una idea clara sobre c\u00f3mo proseguir. Es muy importante no presionar a la persona, no obligarla a denunciar o actuar sobre la violencia si ella no quiere y no juzgar. Puedes acercarle informaci\u00f3n (como por ejemplo leyes y normativa, art\u00edculos u otros recursos), o simplemente estar ah\u00ed para ella mediante una escucha activa.<\/p>\n<p>Si no conoces a la persona atacada: puedes manifestar tu solidaridad con la persona mediante las redes sociales y\/o escribirle un mensaje privado. Tambi\u00e9n puedes organizar colectivamente una campa\u00f1a o declaraci\u00f3n para sumar a otras personas y ganar visibilidad.<\/p>\n<p>Denunciar el tuit: arriba a la derecha de un tuit vas a ver tres puntos. Haciendo click, aparece un men\u00fa que incluye las opciones \u201cBloquear a usuario\/a\u201d o \u201cdenunciar Tweet\u201d.<\/p>\n<p>No replicar la violencia: evitar retuitear o etiquetar a la\/s persona\/s que est\u00e1n ejerciendo el comportamiento violento para no darles mayor difusi\u00f3n.<\/p>\n<p>Article Source: ONU Mujeres <a href=\"https:\/\/lac.unwomen.org\/es\/stories\/noticia\/2023\/03\/laila-sprejer-el-acceso-abierto-a-datos-es-clave-para-combatir-la-violencia-de-genero-online-en-todas-las-redes-sociales\">https:\/\/lac.unwomen.org\/es\/stories\/noticia\/2023\/03\/laila-sprejer-el-acceso-abierto-a-datos-es-clave-para-combatir-la-violencia-de-genero-online-en-todas-las-redes-sociales<\/a>[\/vc_column_text][vc_video link=\u00bb\u00bb title=\u00bbTendencias Globales de ACNUR: 100 millones de personas desplazadas\u00bb][vc_empty_space height=\u00bb40px\u00bb][\/vc_column][\/vc_row][vc_row][vc_column][vc_column_text]<\/p>\n<div class=\"wpb_text_column wpb_content_element \">\n<div class=\"wpb_wrapper\">\n<h2><strong>ESTAD\u00cdSTICAS DE FRECUENCIA<\/strong><\/h2>\n<p>&nbsp;<\/p>\n<\/div>\n<\/div>\n<p>[\/vc_column_text][vc_column_text]La Violencia contra las mujeres en Am\u00e9rica Latina y el Caribe<\/p>\n<p><img loading=\"lazy\" decoding=\"async\" class=\"alignnone wp-image-21446\" src=\"https:\/\/www.ccasa.org\/wp-content\/uploads\/2023\/06\/violencia-contra-las-mujeres-datos-infografico-BID-03-691x1024-1-202x300.webp\" alt=\"\" width=\"517\" height=\"767\" srcset=\"https:\/\/ccasa.org\/wp-content\/uploads\/2023\/06\/violencia-contra-las-mujeres-datos-infografico-BID-03-691x1024-1-202x300.webp 202w, https:\/\/ccasa.org\/wp-content\/uploads\/2023\/06\/violencia-contra-las-mujeres-datos-infografico-BID-03-691x1024-1-640x948.webp 640w, https:\/\/ccasa.org\/wp-content\/uploads\/2023\/06\/violencia-contra-las-mujeres-datos-infografico-BID-03-691x1024-1-600x889.webp 600w, https:\/\/ccasa.org\/wp-content\/uploads\/2023\/06\/violencia-contra-las-mujeres-datos-infografico-BID-03-691x1024-1.webp 691w\" sizes=\"auto, (max-width: 517px) 100vw, 517px\" \/>[\/vc_column_text][vc_empty_space][vc_column_text][\/vc_column_text][\/vc_column][\/vc_row][vc_row][vc_column][vc_column_text]<\/p>\n<p>[\/vc_column_text][\/vc_column][\/vc_row]<\/p>\n<\/div>","protected":false},"excerpt":{"rendered":"<p>Agosto, mes   dedicado al cuidado de ti mismo centrado en vacacionar o relajarte. Este mes esta lleno  de d\u00edas festivos, observancias estatales , nacionales y mundiales. Es el mes utilizado para darte un capricho y cuidarse a si mismo! <\/p>\n<p class=\"read-more-container\"><a class=\"button\" href=\"https:\/\/ccasa.org\/es\/sabias-julio-2023\/\">Lee mas<\/a><\/p>\n","protected":false},"author":150,"featured_media":14324,"comment_status":"closed","ping_status":"closed","sticky":false,"template":"","format":"standard","meta":{"_acf_changed":false,"footnotes":""},"categories":[464],"tags":[473,472,474],"class_list":["post-21429","post","type-post","status-publish","format-standard","has-post-thumbnail","hentry","category-sabias","tag-estadisticas","tag-la-salud","tag-recursos","resize-featured-image"],"acf":[],"yoast_head":"<!-- This site is optimized with the Yoast SEO plugin v27.5 - https:\/\/yoast.com\/product\/yoast-seo-wordpress\/ -->\n<title>Sabias Julio 2023 - Colorado Coalition Against Sexual Assault<\/title>\n<meta name=\"description\" content=\"CCASA blogs allow Colorado advocates and survivors to share the stories. We use our voices because staying silent isn\u2019t an option.\" \/>\n<meta name=\"robots\" content=\"index, follow, max-snippet:-1, max-image-preview:large, max-video-preview:-1\" \/>\n<link rel=\"canonical\" href=\"https:\/\/ccasa.org\/es\/sabias-julio-2023\/\" \/>\n<meta property=\"og:locale\" content=\"es_ES\" \/>\n<meta property=\"og:type\" content=\"article\" \/>\n<meta property=\"og:title\" content=\"Sabias Julio 2023 - Colorado Coalition Against Sexual Assault\" \/>\n<meta property=\"og:description\" content=\"CCASA blogs allow Colorado advocates and survivors to share the stories. We use our voices because staying silent isn\u2019t an option.\" \/>\n<meta property=\"og:url\" content=\"https:\/\/ccasa.org\/es\/sabias-julio-2023\/\" \/>\n<meta property=\"og:site_name\" content=\"Colorado Coalition Against Sexual Assault\" \/>\n<meta property=\"article:published_time\" content=\"2023-07-01T12:00:26+00:00\" \/>\n<meta property=\"og:image\" content=\"https:\/\/ccasa.org\/wp-content\/uploads\/2021\/01\/default-blog-image-2.jpg\" \/>\n\t<meta property=\"og:image:width\" content=\"845\" \/>\n\t<meta property=\"og:image:height\" content=\"400\" \/>\n\t<meta property=\"og:image:type\" content=\"image\/jpeg\" \/>\n<meta name=\"author\" content=\"Agueda Morgan\" \/>\n<meta name=\"twitter:card\" content=\"summary_large_image\" \/>\n<meta name=\"twitter:label1\" content=\"Escrito por\" \/>\n\t<meta name=\"twitter:data1\" content=\"Agueda Morgan\" \/>\n\t<meta name=\"twitter:label2\" content=\"Tiempo de lectura\" \/>\n\t<meta name=\"twitter:data2\" content=\"15 minutos\" \/>\n<script type=\"application\/ld+json\" class=\"yoast-schema-graph\">{\"@context\":\"https:\\\/\\\/schema.org\",\"@graph\":[{\"@type\":\"Article\",\"@id\":\"https:\\\/\\\/ccasa.org\\\/es\\\/sabias-julio-2023\\\/#article\",\"isPartOf\":{\"@id\":\"https:\\\/\\\/ccasa.org\\\/es\\\/sabias-julio-2023\\\/\"},\"author\":{\"name\":\"Agueda Morgan\",\"@id\":\"https:\\\/\\\/ccasa.org\\\/#\\\/schema\\\/person\\\/3de91310ab0177292ecee1894894334b\"},\"headline\":\"Sabias Julio 2023\",\"datePublished\":\"2023-07-01T12:00:26+00:00\",\"mainEntityOfPage\":{\"@id\":\"https:\\\/\\\/ccasa.org\\\/es\\\/sabias-julio-2023\\\/\"},\"wordCount\":3694,\"publisher\":{\"@id\":\"https:\\\/\\\/ccasa.org\\\/#organization\"},\"image\":{\"@id\":\"https:\\\/\\\/ccasa.org\\\/es\\\/sabias-julio-2023\\\/#primaryimage\"},\"thumbnailUrl\":\"https:\\\/\\\/ccasa.org\\\/wp-content\\\/uploads\\\/2021\\\/01\\\/default-blog-image-2.jpg\",\"keywords\":[\"estad\u00edsticas\",\"la salud\",\"recursos\"],\"articleSection\":[\"Sabias\"],\"inLanguage\":\"es\"},{\"@type\":\"WebPage\",\"@id\":\"https:\\\/\\\/ccasa.org\\\/es\\\/sabias-julio-2023\\\/\",\"url\":\"https:\\\/\\\/ccasa.org\\\/es\\\/sabias-julio-2023\\\/\",\"name\":\"Sabias Julio 2023 - Colorado Coalition Against Sexual Assault\",\"isPartOf\":{\"@id\":\"https:\\\/\\\/ccasa.org\\\/#website\"},\"primaryImageOfPage\":{\"@id\":\"https:\\\/\\\/ccasa.org\\\/es\\\/sabias-julio-2023\\\/#primaryimage\"},\"image\":{\"@id\":\"https:\\\/\\\/ccasa.org\\\/es\\\/sabias-julio-2023\\\/#primaryimage\"},\"thumbnailUrl\":\"https:\\\/\\\/ccasa.org\\\/wp-content\\\/uploads\\\/2021\\\/01\\\/default-blog-image-2.jpg\",\"datePublished\":\"2023-07-01T12:00:26+00:00\",\"description\":\"CCASA blogs allow Colorado advocates and survivors to share the stories. We use our voices because staying silent isn\u2019t an option.\",\"breadcrumb\":{\"@id\":\"https:\\\/\\\/ccasa.org\\\/es\\\/sabias-julio-2023\\\/#breadcrumb\"},\"inLanguage\":\"es\",\"potentialAction\":[{\"@type\":\"ReadAction\",\"target\":[\"https:\\\/\\\/ccasa.org\\\/es\\\/sabias-julio-2023\\\/\"]}]},{\"@type\":\"ImageObject\",\"inLanguage\":\"es\",\"@id\":\"https:\\\/\\\/ccasa.org\\\/es\\\/sabias-julio-2023\\\/#primaryimage\",\"url\":\"https:\\\/\\\/ccasa.org\\\/wp-content\\\/uploads\\\/2021\\\/01\\\/default-blog-image-2.jpg\",\"contentUrl\":\"https:\\\/\\\/ccasa.org\\\/wp-content\\\/uploads\\\/2021\\\/01\\\/default-blog-image-2.jpg\",\"width\":845,\"height\":400,\"caption\":\"CCASA Logo\"},{\"@type\":\"BreadcrumbList\",\"@id\":\"https:\\\/\\\/ccasa.org\\\/es\\\/sabias-julio-2023\\\/#breadcrumb\",\"itemListElement\":[{\"@type\":\"ListItem\",\"position\":1,\"name\":\"Home\",\"item\":\"https:\\\/\\\/ccasa.org\\\/es\\\/\"},{\"@type\":\"ListItem\",\"position\":2,\"name\":\"Sabias Julio 2023\"}]},{\"@type\":\"WebSite\",\"@id\":\"https:\\\/\\\/ccasa.org\\\/#website\",\"url\":\"https:\\\/\\\/ccasa.org\\\/\",\"name\":\"Colorado Coalition Against Sexual Assault\",\"description\":\"\",\"publisher\":{\"@id\":\"https:\\\/\\\/ccasa.org\\\/#organization\"},\"potentialAction\":[{\"@type\":\"SearchAction\",\"target\":{\"@type\":\"EntryPoint\",\"urlTemplate\":\"https:\\\/\\\/ccasa.org\\\/?s={search_term_string}\"},\"query-input\":{\"@type\":\"PropertyValueSpecification\",\"valueRequired\":true,\"valueName\":\"search_term_string\"}}],\"inLanguage\":\"es\"},{\"@type\":\"Organization\",\"@id\":\"https:\\\/\\\/ccasa.org\\\/#organization\",\"name\":\"Colorado Coalition Against Sexual Assault (CCASA)\",\"url\":\"https:\\\/\\\/ccasa.org\\\/\",\"logo\":{\"@type\":\"ImageObject\",\"inLanguage\":\"es\",\"@id\":\"https:\\\/\\\/ccasa.org\\\/#\\\/schema\\\/logo\\\/image\\\/\",\"url\":\"https:\\\/\\\/www.ccasa.org\\\/wp-content\\\/uploads\\\/2018\\\/05\\\/ccasa-logo-large_png.png\",\"contentUrl\":\"https:\\\/\\\/www.ccasa.org\\\/wp-content\\\/uploads\\\/2018\\\/05\\\/ccasa-logo-large_png.png\",\"width\":1920,\"height\":1080,\"caption\":\"Colorado Coalition Against Sexual Assault (CCASA)\"},\"image\":{\"@id\":\"https:\\\/\\\/ccasa.org\\\/#\\\/schema\\\/logo\\\/image\\\/\"}},{\"@type\":\"Person\",\"@id\":\"https:\\\/\\\/ccasa.org\\\/#\\\/schema\\\/person\\\/3de91310ab0177292ecee1894894334b\",\"name\":\"Agueda Morgan\",\"image\":{\"@type\":\"ImageObject\",\"inLanguage\":\"es\",\"@id\":\"https:\\\/\\\/secure.gravatar.com\\\/avatar\\\/2ba86ddc8186355ac63dfbbdc26e9ac96b41c9a0e5ebcdc9392be88eaa816e00?s=96&d=mm&r=g\",\"url\":\"https:\\\/\\\/secure.gravatar.com\\\/avatar\\\/2ba86ddc8186355ac63dfbbdc26e9ac96b41c9a0e5ebcdc9392be88eaa816e00?s=96&d=mm&r=g\",\"contentUrl\":\"https:\\\/\\\/secure.gravatar.com\\\/avatar\\\/2ba86ddc8186355ac63dfbbdc26e9ac96b41c9a0e5ebcdc9392be88eaa816e00?s=96&d=mm&r=g\",\"caption\":\"Agueda Morgan\"},\"url\":\"https:\\\/\\\/ccasa.org\\\/es\\\/author\\\/amorgan\\\/\"}]}<\/script>\n<!-- \/ Yoast SEO plugin. -->","yoast_head_json":{"title":"Sabias Julio 2023 - Colorado Coalition Against Sexual Assault","description":"CCASA blogs allow Colorado advocates and survivors to share the stories. We use our voices because staying silent isn\u2019t an option.","robots":{"index":"index","follow":"follow","max-snippet":"max-snippet:-1","max-image-preview":"max-image-preview:large","max-video-preview":"max-video-preview:-1"},"canonical":"https:\/\/ccasa.org\/es\/sabias-julio-2023\/","og_locale":"es_ES","og_type":"article","og_title":"Sabias Julio 2023 - Colorado Coalition Against Sexual Assault","og_description":"CCASA blogs allow Colorado advocates and survivors to share the stories. We use our voices because staying silent isn\u2019t an option.","og_url":"https:\/\/ccasa.org\/es\/sabias-julio-2023\/","og_site_name":"Colorado Coalition Against Sexual Assault","article_published_time":"2023-07-01T12:00:26+00:00","og_image":[{"width":845,"height":400,"url":"https:\/\/ccasa.org\/wp-content\/uploads\/2021\/01\/default-blog-image-2.jpg","type":"image\/jpeg"}],"author":"Agueda Morgan","twitter_card":"summary_large_image","twitter_misc":{"Escrito por":"Agueda Morgan","Tiempo de lectura":"15 minutos"},"schema":{"@context":"https:\/\/schema.org","@graph":[{"@type":"Article","@id":"https:\/\/ccasa.org\/es\/sabias-julio-2023\/#article","isPartOf":{"@id":"https:\/\/ccasa.org\/es\/sabias-julio-2023\/"},"author":{"name":"Agueda Morgan","@id":"https:\/\/ccasa.org\/#\/schema\/person\/3de91310ab0177292ecee1894894334b"},"headline":"Sabias Julio 2023","datePublished":"2023-07-01T12:00:26+00:00","mainEntityOfPage":{"@id":"https:\/\/ccasa.org\/es\/sabias-julio-2023\/"},"wordCount":3694,"publisher":{"@id":"https:\/\/ccasa.org\/#organization"},"image":{"@id":"https:\/\/ccasa.org\/es\/sabias-julio-2023\/#primaryimage"},"thumbnailUrl":"https:\/\/ccasa.org\/wp-content\/uploads\/2021\/01\/default-blog-image-2.jpg","keywords":["estad\u00edsticas","la salud","recursos"],"articleSection":["Sabias"],"inLanguage":"es"},{"@type":"WebPage","@id":"https:\/\/ccasa.org\/es\/sabias-julio-2023\/","url":"https:\/\/ccasa.org\/es\/sabias-julio-2023\/","name":"Sabias Julio 2023 - Colorado Coalition Against Sexual Assault","isPartOf":{"@id":"https:\/\/ccasa.org\/#website"},"primaryImageOfPage":{"@id":"https:\/\/ccasa.org\/es\/sabias-julio-2023\/#primaryimage"},"image":{"@id":"https:\/\/ccasa.org\/es\/sabias-julio-2023\/#primaryimage"},"thumbnailUrl":"https:\/\/ccasa.org\/wp-content\/uploads\/2021\/01\/default-blog-image-2.jpg","datePublished":"2023-07-01T12:00:26+00:00","description":"CCASA blogs allow Colorado advocates and survivors to share the stories. We use our voices because staying silent isn\u2019t an option.","breadcrumb":{"@id":"https:\/\/ccasa.org\/es\/sabias-julio-2023\/#breadcrumb"},"inLanguage":"es","potentialAction":[{"@type":"ReadAction","target":["https:\/\/ccasa.org\/es\/sabias-julio-2023\/"]}]},{"@type":"ImageObject","inLanguage":"es","@id":"https:\/\/ccasa.org\/es\/sabias-julio-2023\/#primaryimage","url":"https:\/\/ccasa.org\/wp-content\/uploads\/2021\/01\/default-blog-image-2.jpg","contentUrl":"https:\/\/ccasa.org\/wp-content\/uploads\/2021\/01\/default-blog-image-2.jpg","width":845,"height":400,"caption":"CCASA Logo"},{"@type":"BreadcrumbList","@id":"https:\/\/ccasa.org\/es\/sabias-julio-2023\/#breadcrumb","itemListElement":[{"@type":"ListItem","position":1,"name":"Home","item":"https:\/\/ccasa.org\/es\/"},{"@type":"ListItem","position":2,"name":"Sabias Julio 2023"}]},{"@type":"WebSite","@id":"https:\/\/ccasa.org\/#website","url":"https:\/\/ccasa.org\/","name":"Colorado Coalition Against Sexual Assault","description":"","publisher":{"@id":"https:\/\/ccasa.org\/#organization"},"potentialAction":[{"@type":"SearchAction","target":{"@type":"EntryPoint","urlTemplate":"https:\/\/ccasa.org\/?s={search_term_string}"},"query-input":{"@type":"PropertyValueSpecification","valueRequired":true,"valueName":"search_term_string"}}],"inLanguage":"es"},{"@type":"Organization","@id":"https:\/\/ccasa.org\/#organization","name":"Colorado Coalition Against Sexual Assault (CCASA)","url":"https:\/\/ccasa.org\/","logo":{"@type":"ImageObject","inLanguage":"es","@id":"https:\/\/ccasa.org\/#\/schema\/logo\/image\/","url":"https:\/\/www.ccasa.org\/wp-content\/uploads\/2018\/05\/ccasa-logo-large_png.png","contentUrl":"https:\/\/www.ccasa.org\/wp-content\/uploads\/2018\/05\/ccasa-logo-large_png.png","width":1920,"height":1080,"caption":"Colorado Coalition Against Sexual Assault (CCASA)"},"image":{"@id":"https:\/\/ccasa.org\/#\/schema\/logo\/image\/"}},{"@type":"Person","@id":"https:\/\/ccasa.org\/#\/schema\/person\/3de91310ab0177292ecee1894894334b","name":"Agueda Morgan","image":{"@type":"ImageObject","inLanguage":"es","@id":"https:\/\/secure.gravatar.com\/avatar\/2ba86ddc8186355ac63dfbbdc26e9ac96b41c9a0e5ebcdc9392be88eaa816e00?s=96&d=mm&r=g","url":"https:\/\/secure.gravatar.com\/avatar\/2ba86ddc8186355ac63dfbbdc26e9ac96b41c9a0e5ebcdc9392be88eaa816e00?s=96&d=mm&r=g","contentUrl":"https:\/\/secure.gravatar.com\/avatar\/2ba86ddc8186355ac63dfbbdc26e9ac96b41c9a0e5ebcdc9392be88eaa816e00?s=96&d=mm&r=g","caption":"Agueda Morgan"},"url":"https:\/\/ccasa.org\/es\/author\/amorgan\/"}]}},"_links":{"self":[{"href":"https:\/\/ccasa.org\/es\/wp-json\/wp\/v2\/posts\/21429","targetHints":{"allow":["GET"]}}],"collection":[{"href":"https:\/\/ccasa.org\/es\/wp-json\/wp\/v2\/posts"}],"about":[{"href":"https:\/\/ccasa.org\/es\/wp-json\/wp\/v2\/types\/post"}],"author":[{"embeddable":true,"href":"https:\/\/ccasa.org\/es\/wp-json\/wp\/v2\/users\/150"}],"replies":[{"embeddable":true,"href":"https:\/\/ccasa.org\/es\/wp-json\/wp\/v2\/comments?post=21429"}],"version-history":[{"count":0,"href":"https:\/\/ccasa.org\/es\/wp-json\/wp\/v2\/posts\/21429\/revisions"}],"wp:featuredmedia":[{"embeddable":true,"href":"https:\/\/ccasa.org\/es\/wp-json\/wp\/v2\/media\/14324"}],"wp:attachment":[{"href":"https:\/\/ccasa.org\/es\/wp-json\/wp\/v2\/media?parent=21429"}],"wp:term":[{"taxonomy":"category","embeddable":true,"href":"https:\/\/ccasa.org\/es\/wp-json\/wp\/v2\/categories?post=21429"},{"taxonomy":"post_tag","embeddable":true,"href":"https:\/\/ccasa.org\/es\/wp-json\/wp\/v2\/tags?post=21429"}],"curies":[{"name":"wp","href":"https:\/\/api.w.org\/{rel}","templated":true}]}}