{"id":21343,"date":"2023-06-01T06:00:27","date_gmt":"2023-06-01T12:00:27","guid":{"rendered":"https:\/\/www.ccasa.org\/?p=21343"},"modified":"2023-11-13T08:30:08","modified_gmt":"2023-11-13T15:30:08","slug":"sabias-junio-2023","status":"publish","type":"post","link":"https:\/\/ccasa.org\/es\/sabias-junio-2023\/","title":{"rendered":"Sabias Junio 2023"},"content":{"rendered":"<div class=\"wpb-content-wrapper\"><p>[vc_row css=\u00bb.vc_custom_1612968358632{margin-top: 70px !important;}\u00bb][vc_column][vc_row_inner][vc_column_inner][vc_column_text]<\/p>\n<h2>Observancias en Junio<\/h2>\n<p>[\/vc_column_text][\/vc_column_inner][\/vc_row_inner][vc_row_inner equal_height=\u00bbyes\u00bb][vc_column_inner width=\u00bb1\/4&#8243;][vc_column_text css=\u00bb.vc_custom_1683749827346{margin-bottom: 0px !important;padding-top: 10px !important;padding-right: 10px !important;padding-bottom: 10px !important;padding-left: 10px !important;background-color: #ffffff !important;}\u00bb]<\/p>\n<p style=\"text-align: center;\"><strong>1 de Junio<\/strong><\/p>\n<p style=\"text-align: center;\">D\u00cdA Nacional de Decir Algo Amable<\/p>\n<p>[\/vc_column_text][\/vc_column_inner][vc_column_inner width=\u00bb1\/4&#8243;][vc_column_text css=\u00bb.vc_custom_1683749809076{margin-bottom: 0px !important;padding-top: 10px !important;padding-right: 10px !important;padding-bottom: 10px !important;padding-left: 10px !important;background-color: #ffffff !important;}\u00bb]<\/p>\n<p style=\"text-align: center;\"><strong>2 de Junio<br \/>\n<\/strong>D\u00eda Nacional de Salir Temprano de la Oficina<\/p>\n<p>[\/vc_column_text][\/vc_column_inner][vc_column_inner width=\u00bb1\/4&#8243;][vc_column_text css=\u00bb.vc_custom_1683749893527{margin-bottom: 0px !important;padding-top: 10px !important;padding-right: 10px !important;padding-bottom: 10px !important;padding-left: 10px !important;background-color: #ffffff !important;}\u00bb]<\/p>\n<p style=\"text-align: center;\"><strong>4 de Junio<br \/>\n<\/strong>\u00a0D\u00eda Internacional de los Ni\u00f1os V\u00edctimas Inocentes de Agresi\u00f3n<\/p>\n<p>[\/vc_column_text][\/vc_column_inner][vc_column_inner width=\u00bb1\/4&#8243;][vc_column_text css=\u00bb.vc_custom_1683749977427{margin-bottom: 0px !important;padding-top: 10px !important;padding-right: 10px !important;padding-bottom: 10px !important;padding-left: 10px !important;background-color: #ffffff !important;}\u00bb]<\/p>\n<p style=\"text-align: center;\"><strong>5 de Junio<br \/>\n<\/strong>D\u00eda Mundial del Medio Ambiente<\/p>\n<p>[\/vc_column_text][\/vc_column_inner][\/vc_row_inner][vc_row_inner equal_height=\u00bbyes\u00bb][vc_column_inner width=\u00bb1\/4&#8243;][vc_column_text css=\u00bb.vc_custom_1683750049013{margin-bottom: 0px !important;padding-top: 10px !important;padding-right: 10px !important;padding-bottom: 10px !important;padding-left: 10px !important;background-color: #ffffff !important;}\u00bb]<\/p>\n<p style=\"text-align: center;\"><strong>6 de Junio<br \/>\n<\/strong>D\u00cdA NACIONAL DEL EJERCICIO DE JARDINER\u00cdA<\/p>\n<p style=\"text-align: center;\">&amp;\u00a0 D-Day, WWII<\/p>\n<p>[\/vc_column_text][\/vc_column_inner][vc_column_inner width=\u00bb1\/4&#8243;][vc_column_text css=\u00bb.vc_custom_1683750151088{margin-bottom: 0px !important;padding-top: 10px !important;padding-right: 10px !important;padding-bottom: 10px !important;padding-left: 10px !important;background-color: #ffffff !important;}\u00bb]<\/p>\n<p style=\"text-align: center;\"><strong>12 de Junio<br \/>\n<\/strong>D\u00eda Mundial contra el Trabajo Infantil<\/p>\n<p>[\/vc_column_text][\/vc_column_inner][vc_column_inner width=\u00bb1\/4&#8243;][vc_column_text css=\u00bb.vc_custom_1683750255116{margin-bottom: 0px !important;padding-top: 10px !important;padding-right: 10px !important;padding-bottom: 10px !important;padding-left: 10px !important;background-color: #ffffff !important;}\u00bb]<\/p>\n<p style=\"text-align: center;\"><strong>15 de Junio<br \/>\n<\/strong>D\u00eda Mundial contra los Malos Tratos a las Personas Mayores<\/p>\n<p>[\/vc_column_text][\/vc_column_inner][vc_column_inner width=\u00bb1\/4&#8243;][vc_column_text css=\u00bb.vc_custom_1683750343632{padding-top: 10px !important;padding-right: 10px !important;padding-bottom: 10px !important;padding-left: 10px !important;background-color: #ffffff !important;}\u00bb]<\/p>\n<p style=\"text-align: center;\"><strong>16 de Junio<br \/>\n<\/strong>D\u00eda Nacional de los Asistentes de Enfermer\u00eda<\/p>\n<p style=\"text-align: center;\">&amp;<\/p>\n<p style=\"text-align: center;\">D\u00eda Internacional de las Remesas Familiares<\/p>\n<p>[\/vc_column_text][\/vc_column_inner][\/vc_row_inner][vc_row_inner equal_height=\u00bbyes\u00bb][vc_column_inner width=\u00bb1\/4&#8243;][vc_column_text css=\u00bb.vc_custom_1683750404547{margin-bottom: 0px !important;padding-top: 10px !important;padding-right: 10px !important;padding-bottom: 10px !important;padding-left: 10px !important;background-color: #ffffff !important;}\u00bb]<\/p>\n<p style=\"text-align: center;\"><strong>18 de Junio<br \/>\n<\/strong>Dia del Padre<\/p>\n<p>[\/vc_column_text][\/vc_column_inner][vc_column_inner width=\u00bb1\/4&#8243;][vc_column_text css=\u00bb.vc_custom_1683752438521{margin-bottom: 0px !important;padding-top: 10px !important;padding-right: 10px !important;padding-bottom: 10px !important;padding-left: 10px !important;background-color: #ffffff !important;}\u00bb]<\/p>\n<p style=\"text-align: center;\"><strong>19 de Junio<\/strong><\/p>\n<p style=\"text-align: center;\">D\u00c9CIMO DE JUNIO or D\u00eda de la Libertad\u00a0 \u00a0 \u00a0&amp;<\/p>\n<p style=\"text-align: center;\">D\u00eda Internacional para la Eliminaci\u00f3n de la Violencia Sexual en los Conflictos<\/p>\n<p>[\/vc_column_text][\/vc_column_inner][vc_column_inner width=\u00bb1\/4&#8243;][vc_column_text css=\u00bb.vc_custom_1683750728071{margin-bottom: 0px !important;padding-top: 10px !important;padding-right: 10px !important;padding-bottom: 10px !important;padding-left: 10px !important;background-color: #ffffff !important;}\u00bb]<\/p>\n<p style=\"text-align: center;\"><strong>20 de Junio<br \/>\n<\/strong>D\u00eda Mundial de los Refugiados<\/p>\n<p>[\/vc_column_text][\/vc_column_inner][vc_column_inner width=\u00bb1\/4&#8243;][vc_column_text css=\u00bb.vc_custom_1683750785968{margin-bottom: 0px !important;padding-top: 10px !important;padding-right: 10px !important;padding-bottom: 10px !important;padding-left: 10px !important;background-color: #ffffff !important;}\u00bb]<\/p>\n<p style=\"text-align: center;\"><strong>21 de Junio<br \/>\n<\/strong><\/p>\n<p style=\"text-align: center;\">Comienza el verano: el d\u00eda m\u00e1s largo del a\u00f1o<\/p>\n<p>[\/vc_column_text][\/vc_column_inner][\/vc_row_inner][vc_row_inner equal_height=\u00bbyes\u00bb][vc_column_inner width=\u00bb1\/4&#8243;][vc_column_text css=\u00bb.vc_custom_1683750930239{margin-bottom: 0px !important;padding-top: 10px !important;padding-right: 10px !important;padding-bottom: 10px !important;padding-left: 10px !important;background-color: #ffffff !important;}\u00bb]<\/p>\n<p style=\"text-align: center;\"><strong>24 de Junio<br \/>\n<\/strong><\/p>\n<p style=\"text-align: center;\">D\u00eda de llevar a tu perro al trabajo<\/p>\n<p>[\/vc_column_text][\/vc_column_inner][vc_column_inner width=\u00bb1\/4&#8243;][vc_column_text css=\u00bb.vc_custom_1683752454833{margin-bottom: 0px !important;padding-top: 10px !important;padding-right: 10px !important;padding-bottom: 10px !important;padding-left: 10px !important;background-color: #ffffff !important;}\u00bb]<\/p>\n<p style=\"text-align: center;\"><strong>27 de Junio<br \/>\n<\/strong><\/p>\n<p style=\"text-align: center;\">D\u00cdA NACIONAL DE CONCIENCIACI\u00d3N DEL PTSD\u00a0 &amp;<\/p>\n<p style=\"text-align: center;\">D\u00eda Internacional de las Personas Sordociegas<\/p>\n<p>[\/vc_column_text][\/vc_column_inner][vc_column_inner width=\u00bb1\/4&#8243;][vc_column_text]<\/p>\n<p style=\"text-align: center;\"><strong>\u00a028 de Junio<\/strong><\/p>\n<p style=\"text-align: center;\">D\u00cdA Internacional del Orgullo LGBTQIA+<\/p>\n<p>[\/vc_column_text][\/vc_column_inner][vc_column_inner width=\u00bb1\/4&#8243;][vc_column_text]<\/p>\n<p style=\"text-align: center;\"><strong>30 de Junio<\/strong><\/p>\n<p style=\"text-align: center;\">D\u00cdA DE MEDIOS SOCIALES<\/p>\n<p>[\/vc_column_text][\/vc_column_inner][\/vc_row_inner][\/vc_column][\/vc_row][vc_row css=\u00bb.vc_custom_1612968056872{margin-top: 32px !important;}\u00bb][vc_column][vc_column_text]<\/p>\n<h2><strong>D\u00eda Mundial del Medio Ambiente<\/strong><\/h2>\n<p>[\/vc_column_text][vc_column_text]El 5 de junio se celebra el D\u00eda Mundial del Medio Ambiente, con la finalidad de sensibilizar a la poblaci\u00f3n mundial acerca de la importancia de cuidar nuestros ecosistemas y fomentar el respeto al medio ambiente. Este a\u00f1o marca el <strong>50 <img loading=\"lazy\" decoding=\"async\" class=\" wp-image-21353 alignright\" src=\"https:\/\/www.ccasa.org\/wp-content\/uploads\/2023\/05\/Picture6.png\" alt=\"\" width=\"198\" height=\"194\" \/><\/strong> aniversario del D\u00eda Mundial del Medio Ambiente.<\/p>\n<p><strong>Origen del D\u00eda Mundial del Medio Ambiente<\/strong><\/p>\n<p>El D\u00eda Mundial del Medio Ambiente fue proclamado por la Asamblea General de las Naciones Unidas en el a\u00f1o 1972, coincidiendo con el inicio de la Conferencia de Estocolmo, cuyo tema principal fue precisamente el medio ambiente.<\/p>\n<p><em>El D\u00eda Mundial del Medio Ambiente requiere un esfuerzo global<\/em><\/p>\n<p>En el marco de la celebraci\u00f3n del D\u00eda Mundial del Medio Ambiente se deben centrar los esfuerzos en motivar a las personas y comunidades, para que se conviertan en agentes activos del desarrollo sostenible y de protecci\u00f3n del medio ambiente.<\/p>\n<p>Es por ello que se invita a las personas a mejorar sus h\u00e1bitos de consumo. A las empresas a desarrollar modelos m\u00e1s ecol\u00f3gicos. A los gobiernos a proteger las zonas salvajes. A los profesores a educar en valores naturales. A los j\u00f3venes a alzar la voz por el futuro del planeta. La protecci\u00f3n del medio ambiente requiere del apoyo de todos.<\/p>\n<p>El D\u00eda Mundial del Medio Ambiente 2023 se centrar\u00e1 en las soluciones a la contaminaci\u00f3n por pl\u00e1sticos con C\u00f4te d&#8217;Ivoire como pa\u00eds anfitri\u00f3n<\/p>\n<p>\u201cEl flagelo de la contaminaci\u00f3n por pl\u00e1sticos es un peligro visible que afecta a todas las comunidades del mundo\u201d, declar\u00f3 el Sr. Jean-Luc Assi, ministro de Medio Ambiente y Desarrollo Sostenible de C\u00f4te d\u2019Ivoire. \u201cComo anfitriones del D\u00eda Mundial del Medio Ambiente 2023, extendemos nuestra invitaci\u00f3n a todos los sectores, tanto a gobiernos y empresas como a la sociedad civil, a que participen en conjunto de este d\u00eda para encontrar soluciones y velar por que se cumplan\u201d.<\/p>\n<p>El D\u00eda Mundial del Medio Ambiente 2023 contar\u00e1 con el apoyo del Gobierno de los Pa\u00edses Bajos, un pa\u00eds ejemplar que ha implementado medidas ambiciosas relativas a todo el ciclo de vida del pl\u00e1stico. Los Pa\u00edses Bajos firmaron la adopci\u00f3n del Compromiso Global por la Nueva Econom\u00eda del Pl\u00e1stico e integraron la Alianza Mundial sobre la Basura Marina (GPML, por sus siglas en ingl\u00e9s). Asimismo, forman parte de la Coalici\u00f3n de Alta Ambici\u00f3n que pretende elaborar un instrumento internacional jur\u00eddicamente vinculante para combatir la contaminaci\u00f3n por pl\u00e1sticos.<\/p>\n<p>\u201cLa contaminaci\u00f3n por pl\u00e1sticos y sus efectos perjudiciales en la salud, la econom\u00eda y el medio ambiente no pueden ser ignorados. Se requiere tomar medidas urgentes. Asimismo, este problema nos exige soluciones verdaderas, firmes y eficaces\u201d, declar\u00f3 la Sra. Vivianne Heijnen, ministra de Medio Ambiente de los Pa\u00edses Bajos. \u201cEntre un gran n\u00famero de pol\u00edticas elaboradas en materia de productos pl\u00e1sticos, los Pa\u00edses Bajos y la Comunidad Europea en general se han comprometido firmemente a reducir la producci\u00f3n y el consumo de pl\u00e1sticos de un solo uso, que puede y debe ser reemplazado por alternativas duraderas y sostenibles\u201d.<\/p>\n<p>\u201cDebemos aprovechar toda oportunidad que se presente y cooperar con todas las partes interesadas para resolver el problema de los pl\u00e1sticos en su totalidad\u201d, manifest\u00f3 la Sra. Inger Andersen, Directora Ejecutiva del PNUMA. \u201cC\u00f4te d\u2019Ivoire y los Pa\u00edses Bajos figuran entre los pa\u00edses que est\u00e1n a la altura de este desaf\u00edo y que aceptan las ventajas de una econom\u00eda circular de los pl\u00e1sticos. La conmemoraci\u00f3n del quincuag\u00e9simo D\u00eda Mundial del Medio Ambiente es un momento propicio para que todos los gobiernos, empresas, grupos comunitarios e individuos se unan a este esfuerzo colectivo\u201d.<\/p>\n<p>La campa\u00f1a para el D\u00eda Mundial del Medio Ambiente 2023 usar\u00e1 la etiqueta (hashtag) y tema #SinContaminaci\u00f3nPorPl\u00e1sticos.<\/p>\n<p><strong>Article sources<\/strong>: <a href=\"https:\/\/www.unep.org\/es\/noticias-y-reportajes\/comunicado-de-prensa\/el-dia-mundial-del-medio-ambiente-2023-se-centrara-en\">https:\/\/www.unep.org\/es\/noticias-y-reportajes\/comunicado-de-prensa\/el-dia-mundial-del-medio-ambiente-2023-se-centrara-en<\/a>[\/vc_column_text][vc_empty_space height=\u00bb40px\u00bb][\/vc_column][\/vc_row][vc_row][vc_column][vc_column_text]<\/p>\n<h2><strong>\u00bfQu\u00e9 tiene que ver la sexualidad con la parentalidad? <\/strong><\/h2>\n<p>[\/vc_column_text][vc_column_text]<strong>\u00ab\u00bfQu\u00e9 tiene que ver la sexualidad con la parentalidad?\u00bb.<\/strong><\/p>\n<p><strong>\u00abNo mucho\u00bb, es la respuesta corta. <\/strong><\/p>\n<p>Los ni\u00f1os criados por padres gays o lesbianas se desarrollan social y emocionalmente de forma muy parecida a los ni\u00f1os criados por un padre y una madre. Tal es la conclusi\u00f3n de treinta a\u00f1os de investigaci\u00f3n; nada trivial si se tiene en cuenta el estr\u00e9s y la adversidad adicionales a los que se enfrentan los padres del mismo sexo y sus hijos debido al estigma social y las disparidades legales.<\/p>\n<p>Los ni\u00f1os prosperan en circunstancias estables, coherentes, afectuosas y poco conflictivas. Su bienestar depende de una serie de factores que se dan en todos los tipos de familia y que son independientes de la sexualidad de sus padres. Estos factores son:<\/p>\n<ul>\n<li>La calidad de las relaciones en el seno de la familia;<\/li>\n<li>El sentido de responsabilidad de los padres;<\/li>\n<li>La disponibilidad de apoyos econ\u00f3micos y sociales.<\/li>\n<\/ul>\n<p><strong>Contexto social de la parentalidad homoparental<\/strong><\/p>\n<p>Sin embargo, los padres del mismo sexo se ven desproporcionadamente afectados por factores externos, como la discriminaci\u00f3n ante la ley. Por ejemplo, no pueden casarse legalmente, al menos de momento. Esta desigualdad genera estr\u00e9s, que a su vez puede afectar a la salud y el bienestar.<\/p>\n<p>Las investigaciones indican que el matrimonio puede fortalecer a las familias, as\u00ed que \u00bfpor qu\u00e9 hay que excluir a algunas familias y ni\u00f1os de esta elecci\u00f3n, que es incuestionable para la mayor\u00eda de la poblaci\u00f3n?<\/p>\n<p>Adem\u00e1s, los padres del mismo sexo y sus hijos se enfrentan a actitudes heteronormativas y hom\u00f3fobas. Si estas actitudes se interiorizan, los ni\u00f1os pueden sentirse inseguros sobre su identidad y temerosos de la discriminaci\u00f3n.<\/p>\n<p>Las leyes y pol\u00edticas sociales discriminatorias ponen en peligro la estabilidad de las relaciones entre personas del mismo sexo y el \u00f3ptimo desarrollo social y emocional de los hijos de estas relaciones. Por eso es especialmente notable que los hijos de padres del mismo sexo tengan un desarrollo social y emocional similar al de los hijos de padres del resto de la poblaci\u00f3n.<\/p>\n<p>Pero aun as\u00ed, los padres del mismo sexo y sus hijos estar\u00edan en mejor situaci\u00f3n si no tuvieran que enfrentarse a los prejuicios y a su reflejo en la ley. La igualdad matrimonial podr\u00eda reducir el estigma y aumentar as\u00ed la estabilidad social, la aceptaci\u00f3n y el apoyo.<\/p>\n<p><strong>Contribuir al cambio social<\/strong><strong>\u00a0<\/strong><\/p>\n<p>Los trabajadores sociales, psic\u00f3logos y otros profesionales pueden contribuir en gran o peque\u00f1a medida al cambio social para los padres del mismo sexo siendo conscientes de los supuestos heteronormativos y llamando la atenci\u00f3n sobre ellos en las organizaciones e instituciones sociales.<\/p>\n<p>Consideremos, como un peque\u00f1o ejemplo, el dise\u00f1o de los formularios en lugares como las cl\u00ednicas de salud familiar. \u00bfCu\u00e1ntas veces se pide en ellos el nombre de la madre y el del padre? Qu\u00e9 sencillo, y sin embargo potencialmente eficaz, ser\u00eda redise\u00f1ar esos formularios para que preguntaran el nombre del primer progenitor y el del segundo. Esto indicar\u00eda que los padres del mismo sexo est\u00e1n incluidos y son aceptados desde el principio.<\/p>\n<p>Repasar los procedimientos \u00abcomo si\u00bb fueran a ser completados por progenitores del mismo sexo pondr\u00eda de manifiesto muchos ejemplos adicionales que podr\u00edan remediarse con relativa facilidad y, al mismo tiempo, contribuir\u00edan a un cambio constructivo. Las directrices para profesionales de la salud que trabajan con familias homoparentales son un punto de partida \u00fatil.<\/p>\n<p>A otro nivel, la Academia Americana de Pediatr\u00eda ha defendido que no deber\u00eda haber impedimentos sociales o legales para que las parejas del mismo sexo tengan hijos. Su postura, basada en varios decenios de pruebas, es que el acceso a las t\u00e9cnicas de reproducci\u00f3n asistida, la adopci\u00f3n y el acogimiento familiar debe centrarse en la competencia de los padres, no en su orientaci\u00f3n sexual. Y, como ya se ha se\u00f1alado, los padres del mismo sexo est\u00e1n a la par en t\u00e9rminos de capacidad.<\/p>\n<p>La parentalidad es una relaci\u00f3n. Que sea o no una relaci\u00f3n efectiva depende de muchos factores, pero la sexualidad de los padres no es uno de ellos.<\/p>\n<p>Es hora de que se haga justicia a los padres del mismo sexo.<\/p>\n<p><strong>Article sources:<\/strong> post by Brett Allen Winner 2020socialjustice student award 2013-14 <a href=\"https:\/\/2020socialjustice.com\/sexuality-parenting\/\">https:\/\/2020socialjustice.com\/sexuality-parenting\/<\/a>[\/vc_column_text][vc_empty_space height=\u00bb40px\u00bb][\/vc_column][\/vc_row][vc_row][vc_column][vc_column_text]<strong>Esperanza en el D\u00eda Mundial de los Refugiados <\/strong>[\/vc_column_text][vc_column_text]El 20 de junio es el D\u00eda Mundial del Refugiado, una jornada para reconocer la fuerza y el valor de quienes se ven obligados a huir de sus pa\u00edses de origen.\u00a0 Tratando de escapar de conflictos o persecuciones, los refugiados buscan seguridad a trav\u00e9s de las fronteras y a menudo experimentan tremendas dificultades. Las familias pueden pasar a\u00f1os -o d\u00e9cadas- en el limbo mientras buscan una vida mejor.<\/p>\n<p>El D\u00eda Mundial del Refugiado es una ocasi\u00f3n para fomentar la comprensi\u00f3n y la empat\u00eda hacia las personas refugiadas y desplazadas en consideraci\u00f3n de las dif\u00edciles circunstancias en las que se encuentran; asimismo, la fecha permite reconocer su capacidad de resiliencia en la reconstrucci\u00f3n de sus vidas.<\/p>\n<p><em>\u00abQuien sea. Donde sea, Cuando sea. Toda persona tiene derecho a buscar protecci\u00f3n\u00bb.<\/em><\/p>\n<p>Sin importar qui\u00e9nes sean, las personas forzadas a huir merecen un trato digno. Cualquier persona puede buscar protecci\u00f3n, no importa qui\u00e9n sea ni en qu\u00e9 crea. Buscar protecci\u00f3n es un derecho humano que no est\u00e1 sujeto a negociaci\u00f3n.<\/p>\n<p>Sin importar de d\u00f3nde provengan, es necesario dar la bienvenida a las personas forzadas a huir. Las personas refugiadas provienen de diferentes partes del mundo. Para huir del peligro, quiz\u00e1s tomen un vuelo, se suban a un barco o viajen a pie. Lo \u00fanico que s\u00ed tiene car\u00e1cter de universal es el derecho a buscar protecci\u00f3n.<\/p>\n<p>Sin importar cu\u00e1ndo hayan sido forzadas a huir, las personas desplazadas tienen derecho a recibir protecci\u00f3n. Con independencia del tipo de amenaza (guerras, violencia, persecuciones), toda persona merece recibir protecci\u00f3n y tiene derecho a estar en un entorno seguro.<\/p>\n<p>Los refugiados no s\u00f3lo reciben ayuda humanitaria y consuelo, sino que tambi\u00e9n la proporcionan. Son los primeros en dar un paso al frente, actuar y ayudar a sus comunidades a superar tiempos dif\u00edciles.<\/p>\n<p><em>\u201cLo \u00fanico que puedo hacer ahora es ayudar\u00bb, dice Jamal*, un adolescente con las manos y las mangas cubiertas de espuma de jab\u00f3n tras m\u00e1s de una hora lavando platos.<\/em><\/p>\n<p>Jamal, originario de Somalia, es una de las m\u00e1s de 300 personas a bordo del Ocean Viking, buque de rescate en el Mediterr\u00e1neo operado por la Cruz Roja y la Media Luna Roja y SOS Mediterr\u00e1neo. Los pasajeros son hombres, mujeres y ni\u00f1os que escaparon de Libia y fueron rescatados de embarcaciones endebles y balsas en un mar embravecido.<\/p>\n<p><strong>\u00bfQui\u00e9n es considerado un refugiado?<\/strong><\/p>\n<p>Cada minuto, veinticuatro personas lo dejan todo para huir de la guerra, la persecuci\u00f3n o el terror. Hay varios tipos de personas desplazadas por la fuerza pero todas tienen algo en com\u00fan. Conoce las denominaciones de manera m\u00e1s espec\u00edfica.<\/p>\n<p><strong>Refugiados<\/strong><\/p>\n<p>Los refugiados son nuestra principal prioridad y nos preocupamos por ellos en todos los rincones del mundo. ACNUR define a un refugiado a toda persona que debido a fundados temores de ser perseguido por motivos de raza, religi\u00f3n, nacionalidad, pertenencia a un determinado grupo social u opiniones pol\u00edticas, se encuentre fuera del pa\u00eds de su nacionalidad y no pueda o, a causa de dichos temores, no quiera acogerse a la protecci\u00f3n de su pa\u00eds; o que careciendo de nacionalidad y hall\u00e1ndose, a consecuencia de tales acontecimientos fuera del pa\u00eds donde antes tuviera su residencia habitual, no pueda o, a causa de dichos temores no quiera regresar a \u00e9l.<\/p>\n<p><strong>Solicitantes de Asilo<\/strong><\/p>\n<p>Solicitante de asilo es quien solicita el reconocimiento de la condici\u00f3n de refugiado y cuya solicitud todav\u00eda no ha sido evaluada en forma definitiva. En promedio, alrededor de 1 mill\u00f3n de personas solicitan asilo de forma individual cada a\u00f1o.<\/p>\n<p><strong>Desplazados Internos<\/strong><\/p>\n<p>Las personas desplazadas internas no han cruzado las fronteras de sus pa\u00edses para buscar la seguridad. A diferencia de los refugiados, su huida se da dentro de su propio pa\u00eds. Si bien pueden haber huido por razones similares a las de los refugiados, los desplazados internos permanecen bajo la protecci\u00f3n de su gobierno, aun en los casos en que el mismo gobierno se convierte en una de las causas de su huida. Como resultado, son de las personas m\u00e1s vulnerables del mundo.<\/p>\n<p><strong>Ap\u00e1tridas<\/strong><\/p>\n<p>Las personas ap\u00e1tridas no tienen una nacionalidad y pueden tener dificultades para acceder a derechos humanos b\u00e1sicos. Millones de personas alrededor del mundo se encuentran atrapadas en un limbo jur\u00eddico y no son consideradas como nacionales por ning\u00fan pa\u00eds afectando el disfrute de sus derechos b\u00e1sicos.<\/p>\n<p><strong>Retornados<\/strong><\/p>\n<p>Los retornados, o repatriados, son los que consiguen volver a casa, la mejor soluci\u00f3n duradera. El regreso a casa concluye un tiempo a menudo traum\u00e1tico en el exilio. Puede pasar meses, a\u00f1os o incluso d\u00e9cadas despu\u00e9s de que tuvieran que huir, y en ocasiones no llega a suceder del todo.<\/p>\n<p><strong>Source for article:<\/strong><\/p>\n<ol>\n<li>article published by UNHCR The UN Refugee Agency.<\/li>\n<\/ol>\n<p><a href=\"https:\/\/www.redcross.org\/about-us\/news-and-events\/news\/2022\/world-refugee-day-2022-hope-floats-amidst-heartbreak.html\">https:\/\/www.redcross.org\/about-us\/news-and-events\/news\/2022\/world-refugee-day-2022-hope-floats-amidst-heartbreak.html<\/a><\/p>\n<p>2) Las Naciones Unidas \u201cD\u00eda Mundial de los Refugiados 20 de junio\u201d<\/p>\n<p><a href=\"https:\/\/www.un.org\/es\/observances\/refugee-day\"><strong>https:\/\/www.un.org\/es\/observances\/refugee-day<\/strong><\/a>[\/vc_column_text][vc_video link=\u00bbhttps:\/\/www.youtube.com\/watch?v=d6tQJU4tJbc&amp;t=22s\u00bb title=\u00bbTendencias Globales de ACNUR: 100 millones de personas desplazadas\u00bb][vc_empty_space height=\u00bb40px\u00bb][\/vc_column][\/vc_row][vc_row][vc_column][vc_column_text]<\/p>\n<div class=\"wpb_text_column wpb_content_element \">\n<div class=\"wpb_wrapper\">\n<h2><strong>ESTAD\u00cdSTICAS DE FRECUENCIA<\/strong><\/h2>\n<p>&nbsp;<\/p>\n<\/div>\n<\/div>\n<p>[\/vc_column_text][vc_column_text]<strong>Datos estad\u00edsticos Sobre Poblaci\u00f3n Refugiada del UNHCR<\/strong><\/p>\n<ul>\n<li><strong>103 MILLONES Desplazados forzosos en todo el mundo<\/strong><\/li>\n<li>Aunque a\u00fan no se dispone de un panorama completo, el ACNUR estima que el desplazamiento forzado en el mundo habr\u00e1 alcanzado los 103 millones a mediados de 2022<strong>.<\/strong><\/li>\n<li><strong>5 MILLONES <\/strong>son refugiados (a mediados de 2022)<\/li>\n<li><strong>9 MILLONES <\/strong>son solicitantes de asilo (a mediados de 2022)<\/li>\n<li><strong>3 MILLONES <\/strong>son otras personas que necesitan protecci\u00f3n internacional (a mediados de 2022)<\/li>\n<li><strong>36,5 millones <\/strong>son ni\u00f1os. A finales de 2021, de los 89,3 millones de desplazados forzosos, se estima que 36.5 millones (41%) son ni\u00f1os menores de 18 a\u00f1os.<\/li>\n<li><strong>5 millones<\/strong> de ni\u00f1os nacieron como refugiados. Entre 2018 y 2021, una promedio de entre 350.000 y 400.000 ni\u00f1os nacieron refugiados al a\u00f1o.<\/li>\n<\/ul>\n<p>&nbsp;<\/p>\n<p><strong>Source of information: Publicado por\u00a0 UNHCR The UN refugee Agency<\/strong><\/p>\n<p><a href=\"https:\/\/www.unhcr.org\/refugee-statistics\/\"><strong>https:\/\/www.unhcr.org\/refugee-statistics\/<\/strong><\/a><strong> \u00a0<\/strong>[\/vc_column_text][vc_empty_space][vc_column_text][\/vc_column_text][\/vc_column][\/vc_row][vc_row][vc_column][vc_column_text]<\/p>\n<p>[\/vc_column_text][\/vc_column][\/vc_row]<\/p>\n<\/div>","protected":false},"excerpt":{"rendered":"<p>Agosto, mes   dedicado al cuidado de ti mismo centrado en vacacionar o relajarte. Este mes esta lleno  de d\u00edas festivos, observancias estatales , nacionales y mundiales. Es el mes utilizado para darte un capricho y cuidarse a si mismo! <\/p>\n<p class=\"read-more-container\"><a class=\"button\" href=\"https:\/\/ccasa.org\/es\/sabias-junio-2023\/\">Lee mas<\/a><\/p>\n","protected":false},"author":150,"featured_media":14324,"comment_status":"closed","ping_status":"closed","sticky":false,"template":"","format":"standard","meta":{"_acf_changed":false,"footnotes":""},"categories":[464],"tags":[473,472,474],"class_list":["post-21343","post","type-post","status-publish","format-standard","has-post-thumbnail","hentry","category-sabias","tag-estadisticas","tag-la-salud","tag-recursos","resize-featured-image"],"acf":[],"yoast_head":"<!-- This site is optimized with the Yoast SEO plugin v27.5 - https:\/\/yoast.com\/product\/yoast-seo-wordpress\/ -->\n<title>Sabias Junio 2023 - Colorado Coalition Against Sexual Assault<\/title>\n<meta name=\"description\" content=\"CCASA blogs allow Colorado advocates and survivors to share the stories. We use our voices because staying silent isn\u2019t an option.\" \/>\n<meta name=\"robots\" content=\"index, follow, max-snippet:-1, max-image-preview:large, max-video-preview:-1\" \/>\n<link rel=\"canonical\" href=\"https:\/\/ccasa.org\/es\/sabias-junio-2023\/\" \/>\n<meta property=\"og:locale\" content=\"es_ES\" \/>\n<meta property=\"og:type\" content=\"article\" \/>\n<meta property=\"og:title\" content=\"Sabias Junio 2023 - Colorado Coalition Against Sexual Assault\" \/>\n<meta property=\"og:description\" content=\"CCASA blogs allow Colorado advocates and survivors to share the stories. We use our voices because staying silent isn\u2019t an option.\" \/>\n<meta property=\"og:url\" content=\"https:\/\/ccasa.org\/es\/sabias-junio-2023\/\" \/>\n<meta property=\"og:site_name\" content=\"Colorado Coalition Against Sexual Assault\" \/>\n<meta property=\"article:published_time\" content=\"2023-06-01T12:00:27+00:00\" \/>\n<meta property=\"article:modified_time\" content=\"2023-11-13T15:30:08+00:00\" \/>\n<meta property=\"og:image\" content=\"https:\/\/ccasa.org\/wp-content\/uploads\/2021\/01\/default-blog-image-2.jpg\" \/>\n\t<meta property=\"og:image:width\" content=\"845\" \/>\n\t<meta property=\"og:image:height\" content=\"400\" \/>\n\t<meta property=\"og:image:type\" content=\"image\/jpeg\" \/>\n<meta name=\"author\" content=\"Agueda Morgan\" \/>\n<meta name=\"twitter:card\" content=\"summary_large_image\" \/>\n<meta name=\"twitter:label1\" content=\"Escrito por\" \/>\n\t<meta name=\"twitter:data1\" content=\"Agueda Morgan\" \/>\n\t<meta name=\"twitter:label2\" content=\"Tiempo de lectura\" \/>\n\t<meta name=\"twitter:data2\" content=\"12 minutos\" \/>\n<script type=\"application\/ld+json\" class=\"yoast-schema-graph\">{\"@context\":\"https:\\\/\\\/schema.org\",\"@graph\":[{\"@type\":\"Article\",\"@id\":\"https:\\\/\\\/ccasa.org\\\/es\\\/sabias-junio-2023\\\/#article\",\"isPartOf\":{\"@id\":\"https:\\\/\\\/ccasa.org\\\/es\\\/sabias-junio-2023\\\/\"},\"author\":{\"name\":\"Agueda Morgan\",\"@id\":\"https:\\\/\\\/ccasa.org\\\/#\\\/schema\\\/person\\\/3de91310ab0177292ecee1894894334b\"},\"headline\":\"Sabias Junio 2023\",\"datePublished\":\"2023-06-01T12:00:27+00:00\",\"dateModified\":\"2023-11-13T15:30:08+00:00\",\"mainEntityOfPage\":{\"@id\":\"https:\\\/\\\/ccasa.org\\\/es\\\/sabias-junio-2023\\\/\"},\"wordCount\":3347,\"publisher\":{\"@id\":\"https:\\\/\\\/ccasa.org\\\/#organization\"},\"image\":{\"@id\":\"https:\\\/\\\/ccasa.org\\\/es\\\/sabias-junio-2023\\\/#primaryimage\"},\"thumbnailUrl\":\"https:\\\/\\\/ccasa.org\\\/wp-content\\\/uploads\\\/2021\\\/01\\\/default-blog-image-2.jpg\",\"keywords\":[\"estad\u00edsticas\",\"la salud\",\"recursos\"],\"articleSection\":[\"Sabias\"],\"inLanguage\":\"es\"},{\"@type\":\"WebPage\",\"@id\":\"https:\\\/\\\/ccasa.org\\\/es\\\/sabias-junio-2023\\\/\",\"url\":\"https:\\\/\\\/ccasa.org\\\/es\\\/sabias-junio-2023\\\/\",\"name\":\"Sabias Junio 2023 - Colorado Coalition Against Sexual Assault\",\"isPartOf\":{\"@id\":\"https:\\\/\\\/ccasa.org\\\/#website\"},\"primaryImageOfPage\":{\"@id\":\"https:\\\/\\\/ccasa.org\\\/es\\\/sabias-junio-2023\\\/#primaryimage\"},\"image\":{\"@id\":\"https:\\\/\\\/ccasa.org\\\/es\\\/sabias-junio-2023\\\/#primaryimage\"},\"thumbnailUrl\":\"https:\\\/\\\/ccasa.org\\\/wp-content\\\/uploads\\\/2021\\\/01\\\/default-blog-image-2.jpg\",\"datePublished\":\"2023-06-01T12:00:27+00:00\",\"dateModified\":\"2023-11-13T15:30:08+00:00\",\"description\":\"CCASA blogs allow Colorado advocates and survivors to share the stories. We use our voices because staying silent isn\u2019t an option.\",\"breadcrumb\":{\"@id\":\"https:\\\/\\\/ccasa.org\\\/es\\\/sabias-junio-2023\\\/#breadcrumb\"},\"inLanguage\":\"es\",\"potentialAction\":[{\"@type\":\"ReadAction\",\"target\":[\"https:\\\/\\\/ccasa.org\\\/es\\\/sabias-junio-2023\\\/\"]}]},{\"@type\":\"ImageObject\",\"inLanguage\":\"es\",\"@id\":\"https:\\\/\\\/ccasa.org\\\/es\\\/sabias-junio-2023\\\/#primaryimage\",\"url\":\"https:\\\/\\\/ccasa.org\\\/wp-content\\\/uploads\\\/2021\\\/01\\\/default-blog-image-2.jpg\",\"contentUrl\":\"https:\\\/\\\/ccasa.org\\\/wp-content\\\/uploads\\\/2021\\\/01\\\/default-blog-image-2.jpg\",\"width\":845,\"height\":400,\"caption\":\"CCASA Logo\"},{\"@type\":\"BreadcrumbList\",\"@id\":\"https:\\\/\\\/ccasa.org\\\/es\\\/sabias-junio-2023\\\/#breadcrumb\",\"itemListElement\":[{\"@type\":\"ListItem\",\"position\":1,\"name\":\"Home\",\"item\":\"https:\\\/\\\/ccasa.org\\\/es\\\/\"},{\"@type\":\"ListItem\",\"position\":2,\"name\":\"Sabias Junio 2023\"}]},{\"@type\":\"WebSite\",\"@id\":\"https:\\\/\\\/ccasa.org\\\/#website\",\"url\":\"https:\\\/\\\/ccasa.org\\\/\",\"name\":\"Colorado Coalition Against Sexual Assault\",\"description\":\"\",\"publisher\":{\"@id\":\"https:\\\/\\\/ccasa.org\\\/#organization\"},\"potentialAction\":[{\"@type\":\"SearchAction\",\"target\":{\"@type\":\"EntryPoint\",\"urlTemplate\":\"https:\\\/\\\/ccasa.org\\\/?s={search_term_string}\"},\"query-input\":{\"@type\":\"PropertyValueSpecification\",\"valueRequired\":true,\"valueName\":\"search_term_string\"}}],\"inLanguage\":\"es\"},{\"@type\":\"Organization\",\"@id\":\"https:\\\/\\\/ccasa.org\\\/#organization\",\"name\":\"Colorado Coalition Against Sexual Assault (CCASA)\",\"url\":\"https:\\\/\\\/ccasa.org\\\/\",\"logo\":{\"@type\":\"ImageObject\",\"inLanguage\":\"es\",\"@id\":\"https:\\\/\\\/ccasa.org\\\/#\\\/schema\\\/logo\\\/image\\\/\",\"url\":\"https:\\\/\\\/www.ccasa.org\\\/wp-content\\\/uploads\\\/2018\\\/05\\\/ccasa-logo-large_png.png\",\"contentUrl\":\"https:\\\/\\\/www.ccasa.org\\\/wp-content\\\/uploads\\\/2018\\\/05\\\/ccasa-logo-large_png.png\",\"width\":1920,\"height\":1080,\"caption\":\"Colorado Coalition Against Sexual Assault (CCASA)\"},\"image\":{\"@id\":\"https:\\\/\\\/ccasa.org\\\/#\\\/schema\\\/logo\\\/image\\\/\"}},{\"@type\":\"Person\",\"@id\":\"https:\\\/\\\/ccasa.org\\\/#\\\/schema\\\/person\\\/3de91310ab0177292ecee1894894334b\",\"name\":\"Agueda Morgan\",\"image\":{\"@type\":\"ImageObject\",\"inLanguage\":\"es\",\"@id\":\"https:\\\/\\\/secure.gravatar.com\\\/avatar\\\/2ba86ddc8186355ac63dfbbdc26e9ac96b41c9a0e5ebcdc9392be88eaa816e00?s=96&d=mm&r=g\",\"url\":\"https:\\\/\\\/secure.gravatar.com\\\/avatar\\\/2ba86ddc8186355ac63dfbbdc26e9ac96b41c9a0e5ebcdc9392be88eaa816e00?s=96&d=mm&r=g\",\"contentUrl\":\"https:\\\/\\\/secure.gravatar.com\\\/avatar\\\/2ba86ddc8186355ac63dfbbdc26e9ac96b41c9a0e5ebcdc9392be88eaa816e00?s=96&d=mm&r=g\",\"caption\":\"Agueda Morgan\"},\"url\":\"https:\\\/\\\/ccasa.org\\\/es\\\/author\\\/amorgan\\\/\"}]}<\/script>\n<!-- \/ Yoast SEO plugin. -->","yoast_head_json":{"title":"Sabias Junio 2023 - Colorado Coalition Against Sexual Assault","description":"CCASA blogs allow Colorado advocates and survivors to share the stories. We use our voices because staying silent isn\u2019t an option.","robots":{"index":"index","follow":"follow","max-snippet":"max-snippet:-1","max-image-preview":"max-image-preview:large","max-video-preview":"max-video-preview:-1"},"canonical":"https:\/\/ccasa.org\/es\/sabias-junio-2023\/","og_locale":"es_ES","og_type":"article","og_title":"Sabias Junio 2023 - Colorado Coalition Against Sexual Assault","og_description":"CCASA blogs allow Colorado advocates and survivors to share the stories. We use our voices because staying silent isn\u2019t an option.","og_url":"https:\/\/ccasa.org\/es\/sabias-junio-2023\/","og_site_name":"Colorado Coalition Against Sexual Assault","article_published_time":"2023-06-01T12:00:27+00:00","article_modified_time":"2023-11-13T15:30:08+00:00","og_image":[{"width":845,"height":400,"url":"https:\/\/ccasa.org\/wp-content\/uploads\/2021\/01\/default-blog-image-2.jpg","type":"image\/jpeg"}],"author":"Agueda Morgan","twitter_card":"summary_large_image","twitter_misc":{"Escrito por":"Agueda Morgan","Tiempo de lectura":"12 minutos"},"schema":{"@context":"https:\/\/schema.org","@graph":[{"@type":"Article","@id":"https:\/\/ccasa.org\/es\/sabias-junio-2023\/#article","isPartOf":{"@id":"https:\/\/ccasa.org\/es\/sabias-junio-2023\/"},"author":{"name":"Agueda Morgan","@id":"https:\/\/ccasa.org\/#\/schema\/person\/3de91310ab0177292ecee1894894334b"},"headline":"Sabias Junio 2023","datePublished":"2023-06-01T12:00:27+00:00","dateModified":"2023-11-13T15:30:08+00:00","mainEntityOfPage":{"@id":"https:\/\/ccasa.org\/es\/sabias-junio-2023\/"},"wordCount":3347,"publisher":{"@id":"https:\/\/ccasa.org\/#organization"},"image":{"@id":"https:\/\/ccasa.org\/es\/sabias-junio-2023\/#primaryimage"},"thumbnailUrl":"https:\/\/ccasa.org\/wp-content\/uploads\/2021\/01\/default-blog-image-2.jpg","keywords":["estad\u00edsticas","la salud","recursos"],"articleSection":["Sabias"],"inLanguage":"es"},{"@type":"WebPage","@id":"https:\/\/ccasa.org\/es\/sabias-junio-2023\/","url":"https:\/\/ccasa.org\/es\/sabias-junio-2023\/","name":"Sabias Junio 2023 - Colorado Coalition Against Sexual Assault","isPartOf":{"@id":"https:\/\/ccasa.org\/#website"},"primaryImageOfPage":{"@id":"https:\/\/ccasa.org\/es\/sabias-junio-2023\/#primaryimage"},"image":{"@id":"https:\/\/ccasa.org\/es\/sabias-junio-2023\/#primaryimage"},"thumbnailUrl":"https:\/\/ccasa.org\/wp-content\/uploads\/2021\/01\/default-blog-image-2.jpg","datePublished":"2023-06-01T12:00:27+00:00","dateModified":"2023-11-13T15:30:08+00:00","description":"CCASA blogs allow Colorado advocates and survivors to share the stories. We use our voices because staying silent isn\u2019t an option.","breadcrumb":{"@id":"https:\/\/ccasa.org\/es\/sabias-junio-2023\/#breadcrumb"},"inLanguage":"es","potentialAction":[{"@type":"ReadAction","target":["https:\/\/ccasa.org\/es\/sabias-junio-2023\/"]}]},{"@type":"ImageObject","inLanguage":"es","@id":"https:\/\/ccasa.org\/es\/sabias-junio-2023\/#primaryimage","url":"https:\/\/ccasa.org\/wp-content\/uploads\/2021\/01\/default-blog-image-2.jpg","contentUrl":"https:\/\/ccasa.org\/wp-content\/uploads\/2021\/01\/default-blog-image-2.jpg","width":845,"height":400,"caption":"CCASA Logo"},{"@type":"BreadcrumbList","@id":"https:\/\/ccasa.org\/es\/sabias-junio-2023\/#breadcrumb","itemListElement":[{"@type":"ListItem","position":1,"name":"Home","item":"https:\/\/ccasa.org\/es\/"},{"@type":"ListItem","position":2,"name":"Sabias Junio 2023"}]},{"@type":"WebSite","@id":"https:\/\/ccasa.org\/#website","url":"https:\/\/ccasa.org\/","name":"Colorado Coalition Against Sexual Assault","description":"","publisher":{"@id":"https:\/\/ccasa.org\/#organization"},"potentialAction":[{"@type":"SearchAction","target":{"@type":"EntryPoint","urlTemplate":"https:\/\/ccasa.org\/?s={search_term_string}"},"query-input":{"@type":"PropertyValueSpecification","valueRequired":true,"valueName":"search_term_string"}}],"inLanguage":"es"},{"@type":"Organization","@id":"https:\/\/ccasa.org\/#organization","name":"Colorado Coalition Against Sexual Assault (CCASA)","url":"https:\/\/ccasa.org\/","logo":{"@type":"ImageObject","inLanguage":"es","@id":"https:\/\/ccasa.org\/#\/schema\/logo\/image\/","url":"https:\/\/www.ccasa.org\/wp-content\/uploads\/2018\/05\/ccasa-logo-large_png.png","contentUrl":"https:\/\/www.ccasa.org\/wp-content\/uploads\/2018\/05\/ccasa-logo-large_png.png","width":1920,"height":1080,"caption":"Colorado Coalition Against Sexual Assault (CCASA)"},"image":{"@id":"https:\/\/ccasa.org\/#\/schema\/logo\/image\/"}},{"@type":"Person","@id":"https:\/\/ccasa.org\/#\/schema\/person\/3de91310ab0177292ecee1894894334b","name":"Agueda Morgan","image":{"@type":"ImageObject","inLanguage":"es","@id":"https:\/\/secure.gravatar.com\/avatar\/2ba86ddc8186355ac63dfbbdc26e9ac96b41c9a0e5ebcdc9392be88eaa816e00?s=96&d=mm&r=g","url":"https:\/\/secure.gravatar.com\/avatar\/2ba86ddc8186355ac63dfbbdc26e9ac96b41c9a0e5ebcdc9392be88eaa816e00?s=96&d=mm&r=g","contentUrl":"https:\/\/secure.gravatar.com\/avatar\/2ba86ddc8186355ac63dfbbdc26e9ac96b41c9a0e5ebcdc9392be88eaa816e00?s=96&d=mm&r=g","caption":"Agueda Morgan"},"url":"https:\/\/ccasa.org\/es\/author\/amorgan\/"}]}},"_links":{"self":[{"href":"https:\/\/ccasa.org\/es\/wp-json\/wp\/v2\/posts\/21343","targetHints":{"allow":["GET"]}}],"collection":[{"href":"https:\/\/ccasa.org\/es\/wp-json\/wp\/v2\/posts"}],"about":[{"href":"https:\/\/ccasa.org\/es\/wp-json\/wp\/v2\/types\/post"}],"author":[{"embeddable":true,"href":"https:\/\/ccasa.org\/es\/wp-json\/wp\/v2\/users\/150"}],"replies":[{"embeddable":true,"href":"https:\/\/ccasa.org\/es\/wp-json\/wp\/v2\/comments?post=21343"}],"version-history":[{"count":0,"href":"https:\/\/ccasa.org\/es\/wp-json\/wp\/v2\/posts\/21343\/revisions"}],"wp:featuredmedia":[{"embeddable":true,"href":"https:\/\/ccasa.org\/es\/wp-json\/wp\/v2\/media\/14324"}],"wp:attachment":[{"href":"https:\/\/ccasa.org\/es\/wp-json\/wp\/v2\/media?parent=21343"}],"wp:term":[{"taxonomy":"category","embeddable":true,"href":"https:\/\/ccasa.org\/es\/wp-json\/wp\/v2\/categories?post=21343"},{"taxonomy":"post_tag","embeddable":true,"href":"https:\/\/ccasa.org\/es\/wp-json\/wp\/v2\/tags?post=21343"}],"curies":[{"name":"wp","href":"https:\/\/api.w.org\/{rel}","templated":true}]}}