{"id":20995,"date":"2023-02-01T06:01:57","date_gmt":"2023-02-01T13:01:57","guid":{"rendered":"https:\/\/www.ccasa.org\/?p=20995"},"modified":"2023-01-17T18:58:36","modified_gmt":"2023-01-18T01:58:36","slug":"sabias-febrero-2023","status":"publish","type":"post","link":"https:\/\/ccasa.org\/es\/sabias-febrero-2023\/","title":{"rendered":"Sabias Febrero 2023"},"content":{"rendered":"<div class=\"wpb-content-wrapper\"><p>[vc_row css=\u00bb.vc_custom_1612968358632{margin-top: 70px !important;}\u00bb][vc_column][vc_row_inner][vc_column_inner][vc_column_text]<\/p>\n<h2>Observancias en Febrero<\/h2>\n<p>[\/vc_column_text][\/vc_column_inner][\/vc_row_inner][vc_row_inner equal_height=\u00bbyes\u00bb][vc_column_inner width=\u00bb1\/4&#8243;][vc_column_text css=\u00bb.vc_custom_1674000156481{margin-bottom: 0px !important;padding-top: 10px !important;padding-right: 10px !important;padding-bottom: 10px !important;padding-left: 10px !important;background-color: #ffffff !important;}\u00bb]<\/p>\n<p style=\"text-align: center;\"><strong>2\u00a0 de Febrero<br \/>\n<\/strong>\u00a0D\u00eda en la Historia del \u00abTratado de Guadalupe Hidalgo\u00bb<\/p>\n<p>[\/vc_column_text][\/vc_column_inner][vc_column_inner width=\u00bb1\/4&#8243;][vc_column_text css=\u00bb.vc_custom_1674000397002{margin-bottom: 0px !important;padding-top: 10px !important;padding-right: 10px !important;padding-bottom: 10px !important;padding-left: 10px !important;background-color: #ffffff !important;}\u00bb]<\/p>\n<p style=\"text-align: center;\"><strong>4 de Febrero<br \/>\n<\/strong>D\u00eda internacional de la Fraternidad Humana<\/p>\n<p>[\/vc_column_text][\/vc_column_inner][vc_column_inner width=\u00bb1\/4&#8243;][vc_column_text css=\u00bb.vc_custom_1674000515856{margin-bottom: 0px !important;padding-top: 10px !important;padding-right: 10px !important;padding-bottom: 10px !important;padding-left: 10px !important;background-color: #ffffff !important;}\u00bb]<\/p>\n<p style=\"text-align: center;\"><strong>6 de Febrero<br \/>\n<\/strong>D\u00eda\u00a0 Internacional de Tolerancia Cero con la la Mutilaci\u00f3n Genital Femenina<\/p>\n<p>\u00a0[\/vc_column_text][vc_single_image image=\u00bb20998&#8243; img_size=\u00bbfull\u00bb alignment=\u00bbcenter\u00bb css=\u00bb.vc_custom_1674000554384{padding-bottom: 10px !important;background-color: #ffffff !important;}\u00bb][\/vc_column_inner][vc_column_inner width=\u00bb1\/4&#8243;][vc_column_text css=\u00bb.vc_custom_1674000643182{margin-bottom: 0px !important;padding-top: 10px !important;padding-right: 10px !important;padding-bottom: 10px !important;padding-left: 10px !important;background-color: #ffffff !important;}\u00bb]<\/p>\n<p style=\"text-align: center;\"><strong>7 de Febrero<br \/>\n<\/strong>D\u00eda Nacional de Concientizaci\u00f3n nacional sobre el VIH \/ SIDA para las Comunidades Negras<\/p>\n<p>[\/vc_column_text][\/vc_column_inner][\/vc_row_inner][vc_row_inner equal_height=\u00bbyes\u00bb][vc_column_inner width=\u00bb1\/4&#8243;][vc_column_text css=\u00bb.vc_custom_1674000714082{margin-bottom: 0px !important;padding-top: 10px !important;padding-right: 10px !important;padding-bottom: 10px !important;padding-left: 10px !important;background-color: #ffffff !important;}\u00bb]<\/p>\n<p style=\"text-align: center;\"><strong>11 de Febrero<br \/>\n<\/strong>D\u00eda Internacional de la Mujer y la Ni\u00f1a en la Ciencia<\/p>\n<p>[\/vc_column_text][\/vc_column_inner][vc_column_inner width=\u00bb1\/4&#8243;][vc_column_text css=\u00bb.vc_custom_1674000794123{margin-bottom: 0px !important;padding-top: 10px !important;padding-right: 10px !important;padding-bottom: 10px !important;padding-left: 10px !important;background-color: #ffffff !important;}\u00bb]<\/p>\n<p style=\"text-align: center;\"><strong>12 de Febrero<br \/>\n<\/strong>D\u00eda Mundial contra el Uso de Ni\u00f1os Soldado<\/p>\n<p>[\/vc_column_text][vc_single_image image=\u00bb21000&#8243; img_size=\u00bbfull\u00bb alignment=\u00bbcenter\u00bb css=\u00bb.vc_custom_1674000834231{padding-bottom: 10px !important;background-color: #ffffff !important;}\u00bb][\/vc_column_inner][vc_column_inner width=\u00bb1\/4&#8243;][vc_column_text css=\u00bb.vc_custom_1674000883698{margin-bottom: 0px !important;padding-top: 10px !important;padding-right: 10px !important;padding-bottom: 10px !important;padding-left: 10px !important;background-color: #ffffff !important;}\u00bb]<\/p>\n<p style=\"text-align: center;\"><strong>13 de Febrero<br \/>\n<\/strong>D\u00eda del Amor Negro<\/p>\n<p>[\/vc_column_text][\/vc_column_inner][vc_column_inner width=\u00bb1\/4&#8243;][vc_column_text css=\u00bb.vc_custom_1674000920690{padding-top: 10px !important;padding-right: 10px !important;padding-bottom: 10px !important;padding-left: 10px !important;background-color: #ffffff !important;}\u00bb]<\/p>\n<p style=\"text-align: center;\"><strong>14 de Febrero<br \/>\n<\/strong>D\u00eda de San Valent\u00edn<\/p>\n<p>[\/vc_column_text][\/vc_column_inner][\/vc_row_inner][vc_row_inner equal_height=\u00bbyes\u00bb][vc_column_inner width=\u00bb1\/4&#8243;][vc_column_text css=\u00bb.vc_custom_1674000970737{margin-bottom: 0px !important;padding-top: 10px !important;padding-right: 10px !important;padding-bottom: 10px !important;padding-left: 10px !important;background-color: #ffffff !important;}\u00bb]<\/p>\n<p style=\"text-align: center;\"><strong>20 de Febrero<br \/>\n<\/strong>D\u00eda del los Presidentes<\/p>\n<p>[\/vc_column_text][\/vc_column_inner][vc_column_inner width=\u00bb1\/4&#8243;][vc_column_text css=\u00bb.vc_custom_1674001429729{margin-bottom: 0px !important;padding-top: 10px !important;padding-right: 10px !important;padding-bottom: 10px !important;padding-left: 10px !important;background-color: #ffffff !important;}\u00bb]<\/p>\n<p style=\"text-align: center;\"><strong>Mes de la Historia Afroamericana<br \/>\n<\/strong><\/p>\n<p>[\/vc_column_text][vc_column_text]<img loading=\"lazy\" decoding=\"async\" class=\"alignnone size-full wp-image-21004\" src=\"https:\/\/www.ccasa.org\/wp-content\/uploads\/2023\/01\/Picture-mes-negro.png\" alt=\"\" width=\"114\" height=\"79\" \/>[\/vc_column_text][\/vc_column_inner][vc_column_inner width=\u00bb1\/4&#8243;][vc_column_text css=\u00bb.vc_custom_1674001863593{margin-bottom: 0px !important;padding-top: 10px !important;padding-right: 10px !important;padding-bottom: 10px !important;padding-left: 10px !important;background-color: #ffffff !important;}\u00bb]<\/p>\n<p style=\"text-align: center;\"><strong>Mes Nacional de Concientizaci\u00f3n y Prevenci\u00f3n de la Violencia en el Noviazgo Adolescente <\/strong><\/p>\n<p style=\"text-align: center;\"><strong>\u00a0<\/strong><\/p>\n<p>[\/vc_column_text][vc_single_image image=\u00bb21006&#8243; img_size=\u00bbfull\u00bb alignment=\u00bbcenter\u00bb][\/vc_column_inner][vc_column_inner width=\u00bb1\/4&#8243;][vc_column_text css=\u00bb.vc_custom_1674001143859{margin-bottom: 0px !important;padding-top: 10px !important;padding-right: 10px !important;padding-bottom: 10px !important;padding-left: 10px !important;background-color: #ffffff !important;}\u00bb]<\/p>\n<p style=\"text-align: center;\"><strong>20 de Febrero<br \/>\n<\/strong><\/p>\n<p style=\"text-align: center;\">D\u00eda Mundial de la Justicia Social<\/p>\n<p>\u00a0[\/vc_column_text][\/vc_column_inner][\/vc_row_inner][vc_row_inner equal_height=\u00bbyes\u00bb][vc_column_inner width=\u00bb1\/4&#8243;][vc_column_text css=\u00bb.vc_custom_1674001198738{margin-bottom: 0px !important;padding-top: 10px !important;padding-right: 10px !important;padding-bottom: 10px !important;padding-left: 10px !important;background-color: #ffffff !important;}\u00bb]<\/p>\n<p style=\"text-align: center;\"><strong>21 de Febrero<br \/>\n<\/strong><\/p>\n<p style=\"text-align: center;\">D\u00eda del Mardi Gras<\/p>\n<p>[\/vc_column_text][vc_single_image image=\u00bb21002&#8243; img_size=\u00bbfull\u00bb alignment=\u00bbcenter\u00bb][\/vc_column_inner][vc_column_inner width=\u00bb1\/4&#8243;][\/vc_column_inner][vc_column_inner width=\u00bb1\/4&#8243;][\/vc_column_inner][vc_column_inner width=\u00bb1\/4&#8243;][\/vc_column_inner][\/vc_row_inner][\/vc_column][\/vc_row][vc_row css=\u00bb.vc_custom_1612968056872{margin-top: 32px !important;}\u00bb][vc_column][vc_column_text]<\/p>\n<h2><strong>D\u00eda Internacional de la Fraternidad Humana<\/strong><\/h2>\n<p>[\/vc_column_text][vc_column_text]El principal antecedente que impuls\u00f3 esta iniciativa radic\u00f3 en el encuentro sostenido entre Su Santidad el Papa Francisco y el l\u00edder musulm\u00e1n Gran Im\u00e1n de Al-Azhar, Ahmad al-Tayyib,<img loading=\"lazy\" decoding=\"async\" class=\"wp-image-21010 alignleft\" src=\"https:\/\/www.ccasa.org\/wp-content\/uploads\/2023\/01\/blog-1-pic.jpg\" alt=\"\" width=\"249\" height=\"191\" \/> el d\u00eda 4 de febrero de 2019 en Abu Dhabi, durante la visita apost\u00f3lica del Santo Padre a los Emiratos \u00c1rabes Unidos.<\/p>\n<p>Hablar de fraternidad implica hablar de valores, ya que este concepto conlleva a la uni\u00f3n de las personas basadas en los valores de tolerancia, respeto, dignidad, solidaridad e igualdad de derechos de todos los seres humanos.<\/p>\n<p>Como producto de esa reuni\u00f3n se firm\u00f3 el Documento sobre la Fraternidad Humana por la Paz Mundial y la Convivencia Com\u00fan, tambi\u00e9n conocido como Declaraci\u00f3n de Abu Dabi.<\/p>\n<p>La fraternidad como valor nos conlleva a ser solidarios, respetuosos y emp\u00e1ticos con las dem\u00e1s personas. Es de vital importancia la transmisi\u00f3n y aplicaci\u00f3n de valores en nuestra vida diaria para ser cada d\u00eda mejores individuos, con un efecto multiplicador que impacte en toda la humanidad.<\/p>\n<p>De esta manera contribuiremos a promover valores de inclusi\u00f3n equidad, justicia y libertad en el actual contexto social, pol\u00edtico y econ\u00f3mico de las sociedades y naciones del mundo, observando marcadas diferencias que derivan en acciones de terrorismo, guerra, extremismo religioso y desigualdad social.<\/p>\n<p>n buen punto de inicio lo constituyen los valores que se inculcan en el hogar y en la escuela. Es de vital importancia reforzar en las pol\u00edticas y objetivos educativos a la fraternidad como un valor fundamental, siendo un derecho y un deber inexcusables.<\/p>\n<p>La escuela y el hogar constituyen \u00e1mbitos esenciales para el forjamiento y aplicaci\u00f3n de valores, siendo la base para la conformaci\u00f3n de individuos conscientes, emp\u00e1ticos y solidarios con su entorno familiar y social.<\/p>\n<p><strong>Algunas organizaciones que apoyan la fraternidad humana<\/strong><\/p>\n<p>Una manera de promover la fraternidad humana es a trav\u00e9s de la concienciaci\u00f3n y educaci\u00f3n de las personas de todas las naciones del mundo, sin distinci\u00f3n alguna de cultura, raza, creencias o religi\u00f3n \u00bfSab\u00edas que existen organizaciones que trabajan en pro de la fraternidad humana? Te mostramos algunas de ellas:<\/p>\n<ul>\n<li><strong>Comit\u00e9 Supremo para la Fraternidad Humana<\/strong>: Este Comit\u00e9 fue creado con la finalidad de generar un marco de cooperaci\u00f3n y de acci\u00f3n para el cumplimiento de los objetivos planteados en el \u00abDocumento sobre la Fraternidad Humana\u00bb, que exhorta a la paz y la coexistencia en el mundo. Est\u00e1 conformado por l\u00edderes religiosos, acad\u00e9micos del \u00e1mbito educativo y l\u00edderes culturales de todo el mundo.<\/li>\n<li><strong>ACNUR:<\/strong> Es una agencia de la Organizaci\u00f3n de las Naciones Unidas (ONU) para los refugiados, cuyo objetivo fundamental es \u00abmejorar la acci\u00f3n cooperativa de las Naciones Unidas en las \u00e1reas de desarrollo, asistencia humanitaria y medio ambiente\u00bb. Trabaja de manera mancomunada con las siguientes organizaciones de la ONU: Programa Mundial de Alimentos (PMA), el Fondo de las Naciones Unidas para la Infancia (UNICEF), Organizaci\u00f3n Mundial de la Salud (OMS), Programa de las Naciones Unidas para el Desarrollo (PNUD), Oficina de Coordinaci\u00f3n de Asuntos Humanitarios (OCAH), el Alto Comisionado de las Naciones Unidas para los Derechos Humanos (ACNUDH) y el Programa Conjunto de las Naciones Unidas sobre el VIH \/ SIDA (ONUSIDA).<\/li>\n<li><strong>Sum\u00e1 Fraternidad<\/strong>: es una oficina t\u00e9cnica que tiene como principal finalidad brindar herramientas a personas y organizaciones para potenciar su compromiso social en Latinoam\u00e9rica. Genera y apoya iniciativas y proyectos que tienen como objetivo impulsar la fraternidad.Asimismo, brinda apoyo al programa gratuito de voluntariado internacional Milonga (Mil Organizaciones No Gubernamentales en Acci\u00f3n)<\/li>\n<li><strong>Red Cultural para la Fraternidad Humana RedGFU<\/strong>: es una Organizaci\u00f3n No Gubernamental de car\u00e1cter internacional para promover conciencia, salud y el desarrollo humano a trav\u00e9s de una educaci\u00f3n integral, la comunicaci\u00f3n y el intercambio entre los individuos, los grupos, las asociaciones, las sociedades humanitarias, filos\u00f3ficas, culturales, t\u00e9cnicas, art\u00edsticas y espirituales.<\/li>\n<\/ul>\n<p><strong>\u00bfC\u00f3mo podemos contribuir con la fraternidad humana?<\/strong><\/p>\n<p>Todos podemos y estamos en el deber de contribuir con la fraternidad humana, aplic\u00e1ndola mediante sencillas acciones en nuestra vida cotidiana<\/p>\n<p>\u00a1Sonr\u00ede! Esta acci\u00f3n constituye un primer gesto de caridad y conexi\u00f3n con las personas que est\u00e1n a tu alrededor. Todo comienza en casa. Ense\u00f1emos a nuestros hijos y seres queridos la importancia fundamental de los valores, aplic\u00e1ndolos con nuestro ejemplo.<\/p>\n<p>Servir y ayudar a los dem\u00e1s, por ejemplo, ayudando a cruzar la calle a un adulto mayor, brindar apoyo a personas en situaci\u00f3n vulnerable o cualquier otra acci\u00f3n que impacte de manera positiva en el pr\u00f3jimo.<\/p>\n<p>Puedes apoyar las causas de organizaciones y fundaciones sin fines de lucro que tengan como objetivo trabajar en pro de la fraternidad humana: unirte a labores de voluntariado o bien participar en actividades y eventos.<\/p>\n<p><strong>Pel\u00edculas para ver y compartir<\/strong><\/p>\n<p>Compartimos algunos t\u00edtulos de pel\u00edculas, cuya tem\u00e1tica central se basa en la fraternidad y transmisi\u00f3n de valores, para compartir y disfrutar en familia o en buena compa\u00f1\u00eda de amigos y personas especiales:<\/p>\n<ul>\n<li>Cadena de Favores (a\u00f1o 2000, dirigida por Mimi Leder. G\u00e9nero: Drama): Narra la historia de un ni\u00f1o que imagina un sistema para mejorar el mundo, haciendo favores de manera desinteresada, causando un impacto muy positivo entre las personas.<\/li>\n<li>\u00bfY ahora d\u00f3nde vamos? (a\u00f1o 2011, dirigida por Nadine Labaki. G\u00e9nero: Drama): Muestra la determinaci\u00f3n de un grupo de mujeres viudas cristianas y musulmanas de proteger a sus familias del rencor y la divisi\u00f3n ideol\u00f3gica y religiosa, ocasionada por la guerra.<\/li>\n<li>Am\u00e9lie (a\u00f1o 2001, dirigida por Jean-Pierre Jeunet. G\u00e9nero: Drama, Comedia Dram\u00e1tica, Realismo M\u00e1gico): Amelie Poulain es una chica de 22 a\u00f1os fuera de lo com\u00fan, que descubre su verdadero objetivo de vida: intervenir en la vida de los que la rodean, resaltando la importancia de la solidaridad y la igualdad entre las personas.<\/li>\n<li>La Lista de Schindler (a\u00f1o 1993, dirigida por Steven Spielberg. G\u00e9nero: Drama): Un hombre de negocios alem\u00e1n adquiere una f\u00e1brica de Crocovia, gracias a su buena relaci\u00f3n con los nazis. Emplea operarios jud\u00edos, salv\u00e1ndolos de una muerte segura en los campos de concentraci\u00f3n.<\/li>\n<li>Invictus (a\u00f1o 2009, dirigida por Clint Eatswood. G\u00e9nero: Drama): Pel\u00edcula basada en hechos reales. El l\u00edder Nelson Mandela organiza en su pa\u00eds el Campeonato Mundial de Rugby, en un intento por unir a sus compatriotas despu\u00e9s de la ca\u00edda del Apartheid en \u00c1frica.<\/li>\n<\/ul>\n<p>Se requieren esfuerzos y el compromiso por parte de todos en la generaci\u00f3n de acciones en pro de la paz y de la convivencia com\u00fan, que conlleven a la promoci\u00f3n y aplicaci\u00f3n de valores como la fraternidad, la tolerancia y la inclusi\u00f3n, como pilares fundamentales que impacten en la reducci\u00f3n de las profundas divisiones que afectan a la humanidad. La fraternidad humana universal es posible.<\/p>\n<p>\u00abAl celebrar el D\u00eda Internacional de la Fraternidad Humana, compromet\u00e1monos a hacer mayores esfuerzos por promover la tolerancia, el entendimiento y el di\u00e1logo culturales y religiosos\u00bb (Ant\u00f3nio Guterres, Secretario General de la ONU)<\/p>\n<p>Si compartes en redes sociales usa los hashtags #fraternidad #FraternidadeHumana.<\/p>\n<p><strong>Article source: <\/strong><a href=\"https:\/\/www.diainternacionalde.com\/ficha\/dia-internacional-fraternidad-humana\"><strong>https:\/\/www.diainternacionalde.com\/ficha\/dia-internacional-fraternidad-humana<\/strong><\/a><\/p>\n<p><strong>\u00a0<\/strong><\/p>\n<p><strong>\u00a0<\/strong>[\/vc_column_text][vc_video link=\u00bbhttps:\/\/www.youtube.com\/watch?v=TLkr1OFNe3k&amp;t=21s \u00bb title=\u00bbD\u00eda Internacional de la Fraternidad Humana \u00ab][vc_empty_space height=\u00bb40px\u00bb][\/vc_column][\/vc_row][vc_row][vc_column][vc_column_text]<\/p>\n<h2><strong>D\u00eda Mundial de Tolerancia Cero a la Mutilaci\u00f3n Genital Femenina\u00a0<\/strong><\/h2>\n<p>[\/vc_column_text][vc_column_text]El 6 de febrero se celebra el D\u00eda Internacional de Tolerancia Cero con la Mutilaci\u00f3n Genital Femenina, una pr\u00e1ctica que se suele ejecutar en ni\u00f1as en alg\u00fan momento de sus vidas entre la infancia y la adolescencia en determinados pa\u00edses. <img loading=\"lazy\" decoding=\"async\" class=\"size-medium wp-image-21014 alignleft\" src=\"https:\/\/www.ccasa.org\/wp-content\/uploads\/2023\/01\/blog-pic-2.png\" alt=\"\" width=\"258\" height=\"107\" \/><\/p>\n<p>Fue el 20 de diciembre de 2012 cuando la Asamblea General de las Naciones Unidas aprob\u00f3 la Resoluci\u00f3n para proclamar este D\u00eda Internacional de Tolerancia Cero con la Mutilaci\u00f3n Genital Femenina.<\/p>\n<p><strong>\u00bfQu\u00e9 es la mutilaci\u00f3n genital femenina?<\/strong><\/p>\n<p>Se engloban en estas pr\u00e1cticas todos los procedimientos consistentes en alterar o da\u00f1ar los \u00f3rganos genitales femeninos por razones que nada tienen que ver con decisiones m\u00e9dicas.<\/p>\n<p>Es una violaci\u00f3n de los derechos humanos de las mujeres y ni\u00f1as. Viola sus derechos a la salud, la seguridad y la integridad f\u00edsica, el derecho a no ser sometidas a torturas y tratos crueles, inhumanos o degradantes, y el derecho a la vida en los casos en que el procedimiento acaba produciendo la muerte.<\/p>\n<p>La mutilaci\u00f3n genital femenina es causa de hemorragias graves y otros problemas de salud tales como quistes, infecciones e infertilidad, as\u00ed como complicaciones en el parto y un mayor riesgo de muerte de reci\u00e9n nacidos.<\/p>\n<p><strong>\u00bfD\u00f3nde se practica?<\/strong><\/p>\n<p>Aunque se concentra principalmente en 29 pa\u00edses de \u00c1frica y de Oriente Medio, la ablaci\u00f3n es un problema universal y se practica en algunos pa\u00edses de Asia y Am\u00e9rica Latina. Adem\u00e1s, persiste tambi\u00e9n en las poblaciones emigrantes que viven en Europa Occidental, en Norte Am\u00e9rica, Australia y Nueva Zelanda.<\/p>\n<p>Los datos son muy graves. A nivel mundial, se calcula que hay al menos 200 millones de ni\u00f1as y mujeres mutiladas. En la actualidad, cada a\u00f1o se le mutilan los genitales a tres millones de ni\u00f1as. Y 44 millones de ni\u00f1as menores de 14 a\u00f1os han sufrido la ablaci\u00f3n, principalmente en Gambia (un 56%), Mauritania (54%) e Indonesia, donde alrededor de la mitad de las ni\u00f1as de 11 a\u00f1os han padecido esta pr\u00e1ctica.<\/p>\n<p><strong>\u00bfQu\u00e9 hacer para acabar con la Mutilaci\u00f3n Genital Femenina?<\/strong><\/p>\n<p>Aunque la mutilaci\u00f3n es una pr\u00e1ctica que tiene m\u00e1s de mil a\u00f1os hay motivos para pensar que se puede acabar con ella en una generaci\u00f3n, y las Naciones Unidas luchan por su erradicaci\u00f3n para el a\u00f1o 2030, como parte del cumplimiento del Objetivo de Desarrollo Sostenible n\u00famero 5.<\/p>\n<p>El Fondo de Poblaci\u00f3n de las Naciones Unidas (UNFPA) y el Fondo de las Naciones Unidas para la Infancia (UNICEF), han liderado conjuntamente el mayor programa a escala mundial para acelerar la eliminaci\u00f3n de la mutilaci\u00f3n genital femenina. El programa se centra actualmente en 17 pa\u00edses de \u00c1frica.<\/p>\n<p>La celebraci\u00f3n de este D\u00eda tambi\u00e9n forma parte de la \u00abIniciativa Spotlight\u00bb, un proyecto conjunto de las Naciones Unidas y la Uni\u00f3n Europea para eliminar todas las formas de violencia contra las mujeres y las ni\u00f1as.<\/p>\n<p>En 2020, la campa\u00f1a del D\u00eda Internacional de Tolerancia Cero con la Mutilaci\u00f3n Genital Femenina se centrar\u00e1 en desatar el poder de los j\u00f3venes para la eliminaci\u00f3n de estas pr\u00e1cticas, con el siguiente lema: \u00abPoder juvenil desatado: una d\u00e9cada de acciones aceleradas para cero genitales femeninos\u00bb.<\/p>\n<p><strong>Para la causa se ha creado el hashtag #EndFGM.<\/strong><\/p>\n<p><strong>Article Source<\/strong>: <a href=\"https:\/\/www.diainternacionalde.com\/ficha\/dia-mundial-tolerancia-cero-mutilacion-genital-fem\">https:\/\/www.diainternacionalde.com\/ficha\/dia-mundial-tolerancia-cero-mutilacion-genital-fem<\/a><\/p>\n<p><strong>\u00a0<\/strong>[\/vc_column_text][vc_video link=\u00bbhttps:\/\/www.youtube.com\/watch?v=GK1IV9BBdC4&amp;t=1s \u00bb title=\u00bbNinguna hija m\u00eda ser\u00e1 circuncidada\u00bb][vc_empty_space height=\u00bb40px\u00bb][\/vc_column][\/vc_row][vc_row][vc_column][vc_column_text]<\/p>\n<h2><strong>D\u00eda Nacional de Concientizaci\u00f3n nacional sobre el VIH \/ SIDA para las Comunidades Negras<\/strong><\/h2>\n<h2><strong>\u00a0<\/strong><\/h2>\n<p>[\/vc_column_text][vc_column_text]El D\u00eda Nacional de Concientizaci\u00f3n del VIH\/SIDA entre los Afroestadounidenses (NBHAAD, por sus siglas en ingl\u00e9s) se celebr\u00f3 por primera vez en 1999. <img loading=\"lazy\" decoding=\"async\" class=\"size-full wp-image-21016 alignleft\" src=\"https:\/\/www.ccasa.org\/wp-content\/uploads\/2023\/01\/HIV-SIDA-Picture-6.jpg\" alt=\"\" width=\"223\" height=\"128\" \/>Fue un esfuerzo educativo de base para crear conciencia sobre la prevenci\u00f3n y el tratamiento m\u00e9dico del VIH y el SIDA en las comunidades negras\/afroamericanas. Hoy, NBHAAD se dedica a crear conciencia sobre el impacto desproporcionado del VIH en los negros\/afroamericanos y la importancia de aumentar el acceso a los servicios de prevenci\u00f3n, prueba y tratamiento del VIH para reducir esta carga.<\/p>\n<p>Seg\u00fan los Centros para el Control y la Prevenci\u00f3n de Enfermedades (CDC, por sus siglas en ingl\u00e9s), los esfuerzos nacionales de prevenci\u00f3n del VIH han reducido la incidencia de la infecci\u00f3n por VIH entre las personas negras\/afroamericanas en un 8% entre 2015 y 2019 (consulte la infogr\u00e1fica de los CDC de las\u00a0<a href=\"https:\/\/www.cdc.gov\/hiv\/images\/group\/racialethnic\/africanamericans\/2022\/infographics\/cdc-hiv-africanamericans-infections-infographic-1200x630.png\">infecciones estimadas por el VIH entre las personas negras\/afroamericanas en Estados Unidos, 2015-2019<\/a>, en ingl\u00e9s). Sin embargo, queda mucho trabajo por hacer porque el VIH afecta de manera desproporcionada a las comunidades negras\/afroamericanas. Los CDC informan que, en 2019 en Estados Unidos, el 41% del total estimado de 34,800 nuevas infecciones fueron negros\/afroamericanos (consulte\u00a0<a href=\"https:\/\/www.cdc.gov\/hiv\/spanish\/group\/racialethnic\/other-races\/incidence.html\">El VIH en los Estados Unidos por raza o grupo \u00e9tnico: Incidencia de las infecciones por El VIH<\/a>). En el censo de 2020, los negros\/afroamericanos constitu\u00edan el 12.4% de todas las personas que viv\u00edan en Estados Unidos. Estas disparidades tambi\u00e9n se reflejan en las tasas de VIH en la poblaci\u00f3n general, donde en 2019, el 40% de todas las personas que viv\u00edan con el VIH eran negras\/afroamericanas. El problema es peor en el sur del pa\u00eds, donde los negros\/afroamericanos representaron m\u00e1s del 50% de los nuevos diagn\u00f3sticos de VIH en 2020, pero representaron solo el 19% de la poblaci\u00f3n del sur.<\/p>\n<p>Existen varios desaf\u00edos que pueden ayudar a reducir la carga del VIH en los negros\/afroamericanos.<\/p>\n<p>Supresi\u00f3n viral. En comparaci\u00f3n con todas las personas diagnosticadas con VIH, las personas negras\/afroamericanas tienen tasas m\u00e1s bajas de supresi\u00f3n viral (que tienen menos de 200 copias de VIH por mililitro de sangre) (consulte El VIH en los Estados Unidos por raza o grupo \u00e9tnico: Supresi\u00f3n viral). Seg\u00fan los CDC, muchas personas con VIH enfrentan desaf\u00edos para lograr y mantener la supresi\u00f3n viral a lo largo del tiempo. Algunos de estos desaf\u00edos incluyen faltar a las citas m\u00e9dicas para el VIH, necesitar, pero no recibir otros servicios de atenci\u00f3n m\u00e9dica importantes y omitir dosis del tratamiento del VIH. Tomar los medicamentos contra el VIH seg\u00fan las indicaciones de su m\u00e9dico le ayudar\u00e1 a lograr y mantener la supresi\u00f3n viral, disminuir las complicaciones asociadas con el VIH, prevenir el desarrollo de resistencia a los medicamentos y prevenir la transmisi\u00f3n del VIH a otras personas. Las personas que viven con el VIH que han logrado la supresi\u00f3n viral y tienen un virus indetectable en la sangre no tienen ning\u00fan riesgo de transmitir sexualmente el virus a su pareja que es VIH negativo\/a.<\/p>\n<p>Enfermedades de transmisi\u00f3n sexual (ETS). Seg\u00fan los CDC, los negros\/afroamericanos tienen tasas mucho m\u00e1s altas de otras ETS que la poblaci\u00f3n general. Tener otra ETS puede aumentar la posibilidad de que una persona contraiga o transmita el VIH (consulte Las ETS y el VIH; hoja informativa de los CDC), y los estudios han demostrado que el tratamiento de las ETS puede reducir la carga viral del VIH. Por lo tanto, la detecci\u00f3n y el tratamiento de las ETS pueden reducir el riesgo de transmisi\u00f3n del VIH.<\/p>\n<p>Acceso a servicios m\u00e9dicos. Los negros\/afroamericanos tienen casi el doble de probabilidades de vivir por debajo del umbral de la pobreza (19.5% en 2020) que la poblaci\u00f3n general (11%). Casi el 70% de la poblaci\u00f3n general sin seguro es pobre o casi pobre. Los no asegurados tienden a prescindir a la atenci\u00f3n m\u00e9dica preventiva y a esperar hasta que las enfermedades se agraven antes de buscar atenci\u00f3n m\u00e9dica.<\/p>\n<p>Desaf\u00edos de la prevenci\u00f3n. Una mejor implementaci\u00f3n de intervenciones biom\u00e9dicas altamente efectivas es clave para abordar las disparidades relacionadas con el VIH que experimentan los negros\/afroamericanos. La profilaxis preexposici\u00f3n (PrEP) y el tratamiento como prevenci\u00f3n (TasP) son las herramientas m\u00e1s poderosas de nuestro conjunto de herramientas contra el VIH:<\/p>\n<ul>\n<li>PrEP: Un medicamento potente para la prevenci\u00f3n del VIH, PrEP se muestra prometedor para reducir las disparidades del VIH. Sin embargo, la PrEP no es utilizada equitativamente por todas las razas y etnias en los Estados Unidos y su adopci\u00f3n es especialmente baja entre los negros\/afroamericanos (consultar Tomar la PrEP, PDF). Comprender los factores que influyen en el bajo consumo de PrEP entre los negros\/afroamericanos puede aumentar el consumo de PrEP. Consulte tambi\u00e9n La PrEP (profilaxis preexposici\u00f3n) de los CDC.<\/li>\n<li>TasP: Sabemos que muy pocos negros\/afroamericanos que viven con el VIH reciben atenci\u00f3n para el VIH y logran mantener supresi\u00f3n viral. Mejorar la tasa de supresi\u00f3n viral entre los negros\/afroamericanos que viven con el VIH es importante no solo para preservar su salud, sino tambi\u00e9n para reducir la transmisi\u00f3n del virus a otras personas. Consultar Tratamiento del VIH como prevenci\u00f3n (The Well Project).<\/li>\n<\/ul>\n<p>El CDC est\u00e1 promoviendo las pruebas, la prevenci\u00f3n y el tratamiento del VIH a trav\u00e9s de la campa\u00f1a Detengamos Juntos el VIH, que forma parte de la iniciativa nacional Poner fin a la epidemia del VIH en los Estados Unidos. La \u00fanica manera de saber su estatus de VIH es haci\u00e9ndose la prueba. Encuentre servicios de prevenci\u00f3n del VIH, incluida la prueba del VIH, cerca de usted en la p\u00e1gina web de Prueba del VIH de los CDC.<\/p>\n<p>El gobierno de los EE. UU. reconoce el D\u00eda Nacional de Concientizaci\u00f3n del VIH\/SIDA entre los Afroestadounidenses.<\/p>\n<p><strong>Article source:<\/strong> <a href=\"https:\/\/hivinfo.nih.gov\/es\/understanding-hiv\/hiv-aids-awareness-days\/d%C3%ADa-nacional-de-concientizaci%C3%B3n-del-vih-sida-entre-los-afroestadounidenses\">https:\/\/hivinfo.nih.gov\/es\/understanding-hiv\/hiv-aids-awareness-days\/d%C3%ADa-nacional-de-concientizaci%C3%B3n-del-vih-sida-entre-los-afroestadounidenses<\/a>[\/vc_column_text][vc_video link=\u00bb\u00bb][vc_empty_space height=\u00bb40px\u00bb][\/vc_column][\/vc_row][vc_row][vc_column][vc_column_text]<\/p>\n<div class=\"wpb_text_column wpb_content_element \">\n<div class=\"wpb_wrapper\">\n<h2><strong>ESTAD\u00cdSTICAS DE FRECUENCIA<\/strong><\/h2>\n<p>&nbsp;<\/p>\n<\/div>\n<\/div>\n<p>[\/vc_column_text][vc_column_text]<strong>Mutilaci\u00f3n Genital Femenina:<\/strong><\/p>\n<p>Los datos son muy graves. A nivel mundial, se calcula que hay al menos 200 millones de ni\u00f1as y mujeres mutiladas. En la actualidad, cada a\u00f1o se le mutilan los genitales a tres millones de ni\u00f1as. Y 44 millones de ni\u00f1as menores de 14 a\u00f1os han sufrido la ablaci\u00f3n, principalmente en Gambia (un 56%), Mauritania (54%) e Indonesia, donde alrededor de la mitad de las ni\u00f1as de 11 a\u00f1os han padecido esta pr\u00e1ctica.<\/p>\n<p><strong>Datos y cifras<\/strong><\/p>\n<ul>\n<li>La mutilaci\u00f3n genital femenina (MGF) comprende la escisi\u00f3n total o parcial de los \u00f3rganos genitales femeninos o cualquier otra lesi\u00f3n de los mismos por motivos no m\u00e9dicos.<\/li>\n<li>Estos procedimientos no aportan ning\u00fan beneficio a la salud de las mujeres ni de las ni\u00f1as.<\/li>\n<li>Pueden producir hemorragias graves y problemas urinarios, y m\u00e1s tarde pueden causar quistes, infecciones, complicaciones del parto y aumento del riesgo de muerte del reci\u00e9n nacido.<\/li>\n<li>M\u00e1s de 200 millones de mujeres y ni\u00f1as vivas actualmente han sido objeto de la MGF en los 30 pa\u00edses de \u00c1frica, Oriente Medio y Asia donde se concentra esta pr\u00e1ctica (1).<\/li>\n<li>En la mayor\u00eda de los casos se practican en la infancia, en alg\u00fan momento entre la lactancia y los 15 a\u00f1os.<\/li>\n<li>La MGF es una violaci\u00f3n de los derechos humanos de las mujeres y ni\u00f1as.<\/li>\n<li>La OMS se opone a toda forma de MGF y a que los dispensadores de atenci\u00f3n de salud realicen esta pr\u00e1ctica (medicalizaci\u00f3n de la MGF).<\/li>\n<li>El tratamiento de las complicaciones sanitarias de la MGF en 27 pa\u00edses con alta prevalencia supone un costo de US$ 1400 millones al a\u00f1o.<\/li>\n<\/ul>\n<p><strong>\u00a0<\/strong><\/p>\n<p><strong>Article Source: \u00a0By the Organizaci\u00f3n Mundial\u00a0 de la Salud, 3 de febrero de 2020<\/strong><\/p>\n<p><a href=\"https:\/\/www.who.int\/es\/news-room\/fact-sheets\/detail\/female-genital-mutilation\"><strong>https:\/\/www.who.int\/es\/news-room\/fact-sheets\/detail\/female-genital-mutilation<\/strong><\/a>[\/vc_column_text][vc_empty_space][vc_column_text][\/vc_column_text][\/vc_column][\/vc_row][vc_row][vc_column][vc_column_text]<\/p>\n<p>[\/vc_column_text][\/vc_column][\/vc_row]<\/p>\n<\/div>","protected":false},"excerpt":{"rendered":"<p>Agosto, mes   dedicado al cuidado de ti mismo centrado en vacacionar o relajarte. Este mes esta lleno  de d\u00edas festivos, observancias estatales , nacionales y mundiales. Es el mes utilizado para darte un capricho y cuidarse a si mismo! <\/p>\n<p class=\"read-more-container\"><a class=\"button\" href=\"https:\/\/ccasa.org\/es\/sabias-febrero-2023\/\">Lee mas<\/a><\/p>\n","protected":false},"author":150,"featured_media":14324,"comment_status":"closed","ping_status":"closed","sticky":false,"template":"","format":"standard","meta":{"_acf_changed":false,"footnotes":""},"categories":[464],"tags":[473,472,474],"class_list":["post-20995","post","type-post","status-publish","format-standard","has-post-thumbnail","hentry","category-sabias","tag-estadisticas","tag-la-salud","tag-recursos","resize-featured-image"],"acf":[],"yoast_head":"<!-- This site is optimized with the Yoast SEO plugin v27.4 - https:\/\/yoast.com\/product\/yoast-seo-wordpress\/ -->\n<title>Sabias Febrero 2023 - Colorado Coalition Against Sexual Assault<\/title>\n<meta name=\"description\" content=\"CCASA blogs allow Colorado advocates and survivors to share the stories. We use our voices because staying silent isn\u2019t an option.\" \/>\n<meta name=\"robots\" content=\"index, follow, max-snippet:-1, max-image-preview:large, max-video-preview:-1\" \/>\n<link rel=\"canonical\" href=\"https:\/\/ccasa.org\/es\/sabias-febrero-2023\/\" \/>\n<meta property=\"og:locale\" content=\"es_ES\" \/>\n<meta property=\"og:type\" content=\"article\" \/>\n<meta property=\"og:title\" content=\"Sabias Febrero 2023 - Colorado Coalition Against Sexual Assault\" \/>\n<meta property=\"og:description\" content=\"CCASA blogs allow Colorado advocates and survivors to share the stories. We use our voices because staying silent isn\u2019t an option.\" \/>\n<meta property=\"og:url\" content=\"https:\/\/ccasa.org\/es\/sabias-febrero-2023\/\" \/>\n<meta property=\"og:site_name\" content=\"Colorado Coalition Against Sexual Assault\" \/>\n<meta property=\"article:published_time\" content=\"2023-02-01T13:01:57+00:00\" \/>\n<meta property=\"og:image\" content=\"https:\/\/ccasa.org\/wp-content\/uploads\/2021\/01\/default-blog-image-2.jpg\" \/>\n\t<meta property=\"og:image:width\" content=\"845\" \/>\n\t<meta property=\"og:image:height\" content=\"400\" \/>\n\t<meta property=\"og:image:type\" content=\"image\/jpeg\" \/>\n<meta name=\"author\" content=\"Agueda Morgan\" \/>\n<meta name=\"twitter:card\" content=\"summary_large_image\" \/>\n<meta name=\"twitter:label1\" content=\"Escrito por\" \/>\n\t<meta name=\"twitter:data1\" content=\"Agueda Morgan\" \/>\n\t<meta name=\"twitter:label2\" content=\"Tiempo de lectura\" \/>\n\t<meta name=\"twitter:data2\" content=\"16 minutos\" \/>\n<script type=\"application\/ld+json\" class=\"yoast-schema-graph\">{\"@context\":\"https:\\\/\\\/schema.org\",\"@graph\":[{\"@type\":\"Article\",\"@id\":\"https:\\\/\\\/ccasa.org\\\/es\\\/sabias-febrero-2023\\\/#article\",\"isPartOf\":{\"@id\":\"https:\\\/\\\/ccasa.org\\\/es\\\/sabias-febrero-2023\\\/\"},\"author\":{\"name\":\"Agueda Morgan\",\"@id\":\"https:\\\/\\\/ccasa.org\\\/#\\\/schema\\\/person\\\/3de91310ab0177292ecee1894894334b\"},\"headline\":\"Sabias Febrero 2023\",\"datePublished\":\"2023-02-01T13:01:57+00:00\",\"mainEntityOfPage\":{\"@id\":\"https:\\\/\\\/ccasa.org\\\/es\\\/sabias-febrero-2023\\\/\"},\"wordCount\":4063,\"publisher\":{\"@id\":\"https:\\\/\\\/ccasa.org\\\/#organization\"},\"image\":{\"@id\":\"https:\\\/\\\/ccasa.org\\\/es\\\/sabias-febrero-2023\\\/#primaryimage\"},\"thumbnailUrl\":\"https:\\\/\\\/ccasa.org\\\/wp-content\\\/uploads\\\/2021\\\/01\\\/default-blog-image-2.jpg\",\"keywords\":[\"estad\u00edsticas\",\"la salud\",\"recursos\"],\"articleSection\":[\"Sabias\"],\"inLanguage\":\"es\"},{\"@type\":\"WebPage\",\"@id\":\"https:\\\/\\\/ccasa.org\\\/es\\\/sabias-febrero-2023\\\/\",\"url\":\"https:\\\/\\\/ccasa.org\\\/es\\\/sabias-febrero-2023\\\/\",\"name\":\"Sabias Febrero 2023 - Colorado Coalition Against Sexual Assault\",\"isPartOf\":{\"@id\":\"https:\\\/\\\/ccasa.org\\\/#website\"},\"primaryImageOfPage\":{\"@id\":\"https:\\\/\\\/ccasa.org\\\/es\\\/sabias-febrero-2023\\\/#primaryimage\"},\"image\":{\"@id\":\"https:\\\/\\\/ccasa.org\\\/es\\\/sabias-febrero-2023\\\/#primaryimage\"},\"thumbnailUrl\":\"https:\\\/\\\/ccasa.org\\\/wp-content\\\/uploads\\\/2021\\\/01\\\/default-blog-image-2.jpg\",\"datePublished\":\"2023-02-01T13:01:57+00:00\",\"description\":\"CCASA blogs allow Colorado advocates and survivors to share the stories. We use our voices because staying silent isn\u2019t an option.\",\"breadcrumb\":{\"@id\":\"https:\\\/\\\/ccasa.org\\\/es\\\/sabias-febrero-2023\\\/#breadcrumb\"},\"inLanguage\":\"es\",\"potentialAction\":[{\"@type\":\"ReadAction\",\"target\":[\"https:\\\/\\\/ccasa.org\\\/es\\\/sabias-febrero-2023\\\/\"]}]},{\"@type\":\"ImageObject\",\"inLanguage\":\"es\",\"@id\":\"https:\\\/\\\/ccasa.org\\\/es\\\/sabias-febrero-2023\\\/#primaryimage\",\"url\":\"https:\\\/\\\/ccasa.org\\\/wp-content\\\/uploads\\\/2021\\\/01\\\/default-blog-image-2.jpg\",\"contentUrl\":\"https:\\\/\\\/ccasa.org\\\/wp-content\\\/uploads\\\/2021\\\/01\\\/default-blog-image-2.jpg\",\"width\":845,\"height\":400,\"caption\":\"CCASA Logo\"},{\"@type\":\"BreadcrumbList\",\"@id\":\"https:\\\/\\\/ccasa.org\\\/es\\\/sabias-febrero-2023\\\/#breadcrumb\",\"itemListElement\":[{\"@type\":\"ListItem\",\"position\":1,\"name\":\"Home\",\"item\":\"https:\\\/\\\/ccasa.org\\\/es\\\/\"},{\"@type\":\"ListItem\",\"position\":2,\"name\":\"Sabias Febrero 2023\"}]},{\"@type\":\"WebSite\",\"@id\":\"https:\\\/\\\/ccasa.org\\\/#website\",\"url\":\"https:\\\/\\\/ccasa.org\\\/\",\"name\":\"Colorado Coalition Against Sexual Assault\",\"description\":\"\",\"publisher\":{\"@id\":\"https:\\\/\\\/ccasa.org\\\/#organization\"},\"potentialAction\":[{\"@type\":\"SearchAction\",\"target\":{\"@type\":\"EntryPoint\",\"urlTemplate\":\"https:\\\/\\\/ccasa.org\\\/?s={search_term_string}\"},\"query-input\":{\"@type\":\"PropertyValueSpecification\",\"valueRequired\":true,\"valueName\":\"search_term_string\"}}],\"inLanguage\":\"es\"},{\"@type\":\"Organization\",\"@id\":\"https:\\\/\\\/ccasa.org\\\/#organization\",\"name\":\"Colorado Coalition Against Sexual Assault (CCASA)\",\"url\":\"https:\\\/\\\/ccasa.org\\\/\",\"logo\":{\"@type\":\"ImageObject\",\"inLanguage\":\"es\",\"@id\":\"https:\\\/\\\/ccasa.org\\\/#\\\/schema\\\/logo\\\/image\\\/\",\"url\":\"https:\\\/\\\/www.ccasa.org\\\/wp-content\\\/uploads\\\/2018\\\/05\\\/ccasa-logo-large_png.png\",\"contentUrl\":\"https:\\\/\\\/www.ccasa.org\\\/wp-content\\\/uploads\\\/2018\\\/05\\\/ccasa-logo-large_png.png\",\"width\":1920,\"height\":1080,\"caption\":\"Colorado Coalition Against Sexual Assault (CCASA)\"},\"image\":{\"@id\":\"https:\\\/\\\/ccasa.org\\\/#\\\/schema\\\/logo\\\/image\\\/\"}},{\"@type\":\"Person\",\"@id\":\"https:\\\/\\\/ccasa.org\\\/#\\\/schema\\\/person\\\/3de91310ab0177292ecee1894894334b\",\"name\":\"Agueda Morgan\",\"image\":{\"@type\":\"ImageObject\",\"inLanguage\":\"es\",\"@id\":\"https:\\\/\\\/secure.gravatar.com\\\/avatar\\\/2ba86ddc8186355ac63dfbbdc26e9ac96b41c9a0e5ebcdc9392be88eaa816e00?s=96&d=mm&r=g\",\"url\":\"https:\\\/\\\/secure.gravatar.com\\\/avatar\\\/2ba86ddc8186355ac63dfbbdc26e9ac96b41c9a0e5ebcdc9392be88eaa816e00?s=96&d=mm&r=g\",\"contentUrl\":\"https:\\\/\\\/secure.gravatar.com\\\/avatar\\\/2ba86ddc8186355ac63dfbbdc26e9ac96b41c9a0e5ebcdc9392be88eaa816e00?s=96&d=mm&r=g\",\"caption\":\"Agueda Morgan\"},\"url\":\"https:\\\/\\\/ccasa.org\\\/es\\\/author\\\/amorgan\\\/\"}]}<\/script>\n<!-- \/ Yoast SEO plugin. -->","yoast_head_json":{"title":"Sabias Febrero 2023 - Colorado Coalition Against Sexual Assault","description":"CCASA blogs allow Colorado advocates and survivors to share the stories. We use our voices because staying silent isn\u2019t an option.","robots":{"index":"index","follow":"follow","max-snippet":"max-snippet:-1","max-image-preview":"max-image-preview:large","max-video-preview":"max-video-preview:-1"},"canonical":"https:\/\/ccasa.org\/es\/sabias-febrero-2023\/","og_locale":"es_ES","og_type":"article","og_title":"Sabias Febrero 2023 - Colorado Coalition Against Sexual Assault","og_description":"CCASA blogs allow Colorado advocates and survivors to share the stories. We use our voices because staying silent isn\u2019t an option.","og_url":"https:\/\/ccasa.org\/es\/sabias-febrero-2023\/","og_site_name":"Colorado Coalition Against Sexual Assault","article_published_time":"2023-02-01T13:01:57+00:00","og_image":[{"width":845,"height":400,"url":"https:\/\/ccasa.org\/wp-content\/uploads\/2021\/01\/default-blog-image-2.jpg","type":"image\/jpeg"}],"author":"Agueda Morgan","twitter_card":"summary_large_image","twitter_misc":{"Escrito por":"Agueda Morgan","Tiempo de lectura":"16 minutos"},"schema":{"@context":"https:\/\/schema.org","@graph":[{"@type":"Article","@id":"https:\/\/ccasa.org\/es\/sabias-febrero-2023\/#article","isPartOf":{"@id":"https:\/\/ccasa.org\/es\/sabias-febrero-2023\/"},"author":{"name":"Agueda Morgan","@id":"https:\/\/ccasa.org\/#\/schema\/person\/3de91310ab0177292ecee1894894334b"},"headline":"Sabias Febrero 2023","datePublished":"2023-02-01T13:01:57+00:00","mainEntityOfPage":{"@id":"https:\/\/ccasa.org\/es\/sabias-febrero-2023\/"},"wordCount":4063,"publisher":{"@id":"https:\/\/ccasa.org\/#organization"},"image":{"@id":"https:\/\/ccasa.org\/es\/sabias-febrero-2023\/#primaryimage"},"thumbnailUrl":"https:\/\/ccasa.org\/wp-content\/uploads\/2021\/01\/default-blog-image-2.jpg","keywords":["estad\u00edsticas","la salud","recursos"],"articleSection":["Sabias"],"inLanguage":"es"},{"@type":"WebPage","@id":"https:\/\/ccasa.org\/es\/sabias-febrero-2023\/","url":"https:\/\/ccasa.org\/es\/sabias-febrero-2023\/","name":"Sabias Febrero 2023 - Colorado Coalition Against Sexual Assault","isPartOf":{"@id":"https:\/\/ccasa.org\/#website"},"primaryImageOfPage":{"@id":"https:\/\/ccasa.org\/es\/sabias-febrero-2023\/#primaryimage"},"image":{"@id":"https:\/\/ccasa.org\/es\/sabias-febrero-2023\/#primaryimage"},"thumbnailUrl":"https:\/\/ccasa.org\/wp-content\/uploads\/2021\/01\/default-blog-image-2.jpg","datePublished":"2023-02-01T13:01:57+00:00","description":"CCASA blogs allow Colorado advocates and survivors to share the stories. We use our voices because staying silent isn\u2019t an option.","breadcrumb":{"@id":"https:\/\/ccasa.org\/es\/sabias-febrero-2023\/#breadcrumb"},"inLanguage":"es","potentialAction":[{"@type":"ReadAction","target":["https:\/\/ccasa.org\/es\/sabias-febrero-2023\/"]}]},{"@type":"ImageObject","inLanguage":"es","@id":"https:\/\/ccasa.org\/es\/sabias-febrero-2023\/#primaryimage","url":"https:\/\/ccasa.org\/wp-content\/uploads\/2021\/01\/default-blog-image-2.jpg","contentUrl":"https:\/\/ccasa.org\/wp-content\/uploads\/2021\/01\/default-blog-image-2.jpg","width":845,"height":400,"caption":"CCASA Logo"},{"@type":"BreadcrumbList","@id":"https:\/\/ccasa.org\/es\/sabias-febrero-2023\/#breadcrumb","itemListElement":[{"@type":"ListItem","position":1,"name":"Home","item":"https:\/\/ccasa.org\/es\/"},{"@type":"ListItem","position":2,"name":"Sabias Febrero 2023"}]},{"@type":"WebSite","@id":"https:\/\/ccasa.org\/#website","url":"https:\/\/ccasa.org\/","name":"Colorado Coalition Against Sexual Assault","description":"","publisher":{"@id":"https:\/\/ccasa.org\/#organization"},"potentialAction":[{"@type":"SearchAction","target":{"@type":"EntryPoint","urlTemplate":"https:\/\/ccasa.org\/?s={search_term_string}"},"query-input":{"@type":"PropertyValueSpecification","valueRequired":true,"valueName":"search_term_string"}}],"inLanguage":"es"},{"@type":"Organization","@id":"https:\/\/ccasa.org\/#organization","name":"Colorado Coalition Against Sexual Assault (CCASA)","url":"https:\/\/ccasa.org\/","logo":{"@type":"ImageObject","inLanguage":"es","@id":"https:\/\/ccasa.org\/#\/schema\/logo\/image\/","url":"https:\/\/www.ccasa.org\/wp-content\/uploads\/2018\/05\/ccasa-logo-large_png.png","contentUrl":"https:\/\/www.ccasa.org\/wp-content\/uploads\/2018\/05\/ccasa-logo-large_png.png","width":1920,"height":1080,"caption":"Colorado Coalition Against Sexual Assault (CCASA)"},"image":{"@id":"https:\/\/ccasa.org\/#\/schema\/logo\/image\/"}},{"@type":"Person","@id":"https:\/\/ccasa.org\/#\/schema\/person\/3de91310ab0177292ecee1894894334b","name":"Agueda Morgan","image":{"@type":"ImageObject","inLanguage":"es","@id":"https:\/\/secure.gravatar.com\/avatar\/2ba86ddc8186355ac63dfbbdc26e9ac96b41c9a0e5ebcdc9392be88eaa816e00?s=96&d=mm&r=g","url":"https:\/\/secure.gravatar.com\/avatar\/2ba86ddc8186355ac63dfbbdc26e9ac96b41c9a0e5ebcdc9392be88eaa816e00?s=96&d=mm&r=g","contentUrl":"https:\/\/secure.gravatar.com\/avatar\/2ba86ddc8186355ac63dfbbdc26e9ac96b41c9a0e5ebcdc9392be88eaa816e00?s=96&d=mm&r=g","caption":"Agueda Morgan"},"url":"https:\/\/ccasa.org\/es\/author\/amorgan\/"}]}},"_links":{"self":[{"href":"https:\/\/ccasa.org\/es\/wp-json\/wp\/v2\/posts\/20995","targetHints":{"allow":["GET"]}}],"collection":[{"href":"https:\/\/ccasa.org\/es\/wp-json\/wp\/v2\/posts"}],"about":[{"href":"https:\/\/ccasa.org\/es\/wp-json\/wp\/v2\/types\/post"}],"author":[{"embeddable":true,"href":"https:\/\/ccasa.org\/es\/wp-json\/wp\/v2\/users\/150"}],"replies":[{"embeddable":true,"href":"https:\/\/ccasa.org\/es\/wp-json\/wp\/v2\/comments?post=20995"}],"version-history":[{"count":0,"href":"https:\/\/ccasa.org\/es\/wp-json\/wp\/v2\/posts\/20995\/revisions"}],"wp:featuredmedia":[{"embeddable":true,"href":"https:\/\/ccasa.org\/es\/wp-json\/wp\/v2\/media\/14324"}],"wp:attachment":[{"href":"https:\/\/ccasa.org\/es\/wp-json\/wp\/v2\/media?parent=20995"}],"wp:term":[{"taxonomy":"category","embeddable":true,"href":"https:\/\/ccasa.org\/es\/wp-json\/wp\/v2\/categories?post=20995"},{"taxonomy":"post_tag","embeddable":true,"href":"https:\/\/ccasa.org\/es\/wp-json\/wp\/v2\/tags?post=20995"}],"curies":[{"name":"wp","href":"https:\/\/api.w.org\/{rel}","templated":true}]}}