{"id":20623,"date":"2022-09-01T07:06:10","date_gmt":"2022-09-01T13:06:10","guid":{"rendered":"https:\/\/www.ccasa.org\/?p=20623"},"modified":"2022-08-30T07:06:32","modified_gmt":"2022-08-30T13:06:32","slug":"sabias-septiembre-2022","status":"publish","type":"post","link":"https:\/\/ccasa.org\/es\/sabias-septiembre-2022\/","title":{"rendered":"Sabias Septiembre 2022"},"content":{"rendered":"<div class=\"wpb-content-wrapper\"><p>[vc_row css=\u00bb.vc_custom_1612968358632{margin-top: 70px !important;}\u00bb][vc_column][vc_row_inner][vc_column_inner][vc_column_text]<\/p>\n<h2>Observancias en <strong>Septiembre<\/strong><\/h2>\n<p>[\/vc_column_text][\/vc_column_inner][\/vc_row_inner][vc_row_inner equal_height=\u00bbyes\u00bb][vc_column_inner width=\u00bb1\/4&#8243;][vc_column_text css=\u00bb.vc_custom_1661445443438{margin-bottom: 0px !important;padding-top: 10px !important;padding-right: 10px !important;padding-bottom: 10px !important;padding-left: 10px !important;background-color: #ffffff !important;}\u00bb]<\/p>\n<p style=\"text-align: center;\"><strong>4 de Septiembre<br \/>\n<\/strong>D\u00eda Mundial de la Salud Sexual<\/p>\n<p>[\/vc_column_text][vc_single_image image=\u00bb20639&#8243; img_size=\u00bbfull\u00bb alignment=\u00bbcenter\u00bb css=\u00bb.vc_custom_1661448506223{padding-bottom: 10px !important;background-color: #ffffff !important;}\u00bb][\/vc_column_inner][vc_column_inner width=\u00bb1\/4&#8243;][vc_column_text css=\u00bb.vc_custom_1661445463732{margin-bottom: 0px !important;padding-top: 10px !important;padding-right: 10px !important;padding-bottom: 10px !important;padding-left: 10px !important;background-color: #ffffff !important;}\u00bb]<\/p>\n<p style=\"text-align: center;\"><strong>5 de Septiembre<br \/>\n<\/strong>Labor Day\/ D\u00eda del Trabajo<\/p>\n<p>[\/vc_column_text][\/vc_column_inner][vc_column_inner width=\u00bb1\/4&#8243;][vc_column_text css=\u00bb.vc_custom_1661445494508{margin-bottom: 0px !important;padding-top: 10px !important;padding-right: 10px !important;padding-bottom: 10px !important;padding-left: 10px !important;background-color: #ffffff !important;}\u00bb]<\/p>\n<p style=\"text-align: center;\"><strong>8 de Septiembre<br \/>\n<\/strong>D\u00eda internacional de la Alfabetizaci\u00f3n<\/p>\n<p>[\/vc_column_text][\/vc_column_inner][vc_column_inner width=\u00bb1\/4&#8243;][vc_column_text css=\u00bb.vc_custom_1661445522561{margin-bottom: 0px !important;padding-top: 10px !important;padding-right: 10px !important;padding-bottom: 10px !important;padding-left: 10px !important;background-color: #ffffff !important;}\u00bb]<\/p>\n<p style=\"text-align: center;\"><strong>10 de Septiembre<br \/>\n<\/strong>D\u00eda Mundial para la Prevenci\u00f3n del Suicidio<\/p>\n<p>[\/vc_column_text][\/vc_column_inner][\/vc_row_inner][vc_row_inner equal_height=\u00bbyes\u00bb][vc_column_inner width=\u00bb1\/4&#8243;][vc_column_text css=\u00bb.vc_custom_1661445569942{margin-bottom: 0px !important;padding-top: 10px !important;padding-right: 10px !important;padding-bottom: 10px !important;padding-left: 10px !important;background-color: #ffffff !important;}\u00bb]<\/p>\n<p style=\"text-align: center;\"><strong>15 de Septiembre<br \/>\n<\/strong>D\u00eda internacional\u00a0de la democracia<\/p>\n<p style=\"text-align: center;\">Mes de la herencia Hispana<\/p>\n<p>[\/vc_column_text][vc_single_image image=\u00bb20637&#8243; img_size=\u00bbfull\u00bb alignment=\u00bbcenter\u00bb css=\u00bb.vc_custom_1661448480392{padding-bottom: 10px !important;background-color: #ffffff !important;}\u00bb][\/vc_column_inner][vc_column_inner width=\u00bb1\/4&#8243;][vc_column_text css=\u00bb.vc_custom_1661447898407{margin-bottom: 0px !important;padding-top: 10px !important;padding-right: 10px !important;padding-bottom: 10px !important;padding-left: 10px !important;background-color: #ffffff !important;}\u00bb]<\/p>\n<p style=\"text-align: center;\"><strong>16 de Septiembre<br \/>\n<\/strong>D\u00eda Internacional\u00a0de la Preservaci\u00f3n de la Capa de Ozono<\/p>\n<p>[\/vc_column_text][\/vc_column_inner][vc_column_inner width=\u00bb1\/4&#8243;][vc_column_text css=\u00bb.vc_custom_1661447932301{margin-bottom: 0px !important;padding-top: 10px !important;padding-right: 10px !important;padding-bottom: 10px !important;padding-left: 10px !important;background-color: #ffffff !important;}\u00bb]<\/p>\n<p style=\"text-align: center;\"><strong>18 de Septiembre<br \/>\n<\/strong>D\u00eda Internacional de la Igualdad Salarial<\/p>\n<p>[\/vc_column_text][\/vc_column_inner][vc_column_inner width=\u00bb1\/4&#8243;][vc_column_text css=\u00bb.vc_custom_1661447968855{padding-top: 10px !important;padding-right: 10px !important;padding-bottom: 10px !important;padding-left: 10px !important;background-color: #ffffff !important;}\u00bb]<\/p>\n<p style=\"text-align: center;\"><strong>20 de Septiembre<br \/>\n<\/strong>D\u00eda Mundial de la Libertad de Expresi\u00f3n de Pensamiento<\/p>\n<p>[\/vc_column_text][\/vc_column_inner][\/vc_row_inner][vc_row_inner equal_height=\u00bbyes\u00bb][vc_column_inner width=\u00bb1\/4&#8243;][vc_column_text css=\u00bb.vc_custom_1661448001511{margin-bottom: 0px !important;padding-top: 10px !important;padding-right: 10px !important;padding-bottom: 10px !important;padding-left: 10px !important;background-color: #ffffff !important;}\u00bb]<\/p>\n<p style=\"text-align: center;\"><strong>21 de Septiembre<br \/>\n<\/strong>D\u00eda internacional\u00a0de la Paz<\/p>\n<p>[\/vc_column_text][\/vc_column_inner][vc_column_inner width=\u00bb1\/4&#8243;][vc_column_text css=\u00bb.vc_custom_1661448075391{margin-bottom: 0px !important;padding-top: 10px !important;padding-right: 10px !important;padding-bottom: 10px !important;padding-left: 10px !important;background-color: #ffffff !important;}\u00bb]<\/p>\n<p style=\"text-align: center;\"><strong>23 de Septiembre<br \/>\n<\/strong>D\u00eda Internacional Contra la Explotaci\u00f3n Sexual y la Trata de Personas<\/p>\n<p style=\"text-align: center;\">Equinoccio de Oto\u00f1o<\/p>\n<p>[\/vc_column_text][\/vc_column_inner][vc_column_inner width=\u00bb1\/4&#8243;][vc_column_text css=\u00bb.vc_custom_1661448111134{margin-bottom: 0px !important;padding-top: 10px !important;padding-right: 10px !important;padding-bottom: 10px !important;padding-left: 10px !important;background-color: #ffffff !important;}\u00bb]<\/p>\n<p style=\"text-align: center;\"><strong>25 de Septiembre<br \/>\n<\/strong><\/p>\n<p style=\"text-align: center;\">D\u00eda Internacional de las Personas Sordas<\/p>\n<p>[\/vc_column_text][\/vc_column_inner][vc_column_inner width=\u00bb1\/4&#8243;][vc_column_text css=\u00bb.vc_custom_1661448143671{margin-bottom: 0px !important;padding-top: 10px !important;padding-right: 10px !important;padding-bottom: 10px !important;padding-left: 10px !important;background-color: #ffffff !important;}\u00bb]<\/p>\n<p style=\"text-align: center;\"><strong>26 de Septiembre<br \/>\n<\/strong>D\u00eda Mundial de la Anticoncepci\u00f3n<\/p>\n<p>[\/vc_column_text][vc_single_image image=\u00bb20635&#8243; img_size=\u00bbfull\u00bb alignment=\u00bbcenter\u00bb][\/vc_column_inner][\/vc_row_inner][vc_row_inner equal_height=\u00bbyes\u00bb][vc_column_inner width=\u00bb1\/4&#8243;][vc_column_text css=\u00bb.vc_custom_1661448188467{margin-bottom: 0px !important;padding-top: 10px !important;padding-right: 10px !important;padding-bottom: 10px !important;padding-left: 10px !important;background-color: #ffffff !important;}\u00bb]<\/p>\n<p style=\"text-align: center;\"><strong>28 de Septiembre<br \/>\n<\/strong><\/p>\n<p style=\"text-align: center;\">D\u00eda Internacional del Derecho de Acceso Universal a la Informaci\u00f3n<\/p>\n<p>[\/vc_column_text][\/vc_column_inner][vc_column_inner width=\u00bb1\/4&#8243;][vc_column_text css=\u00bb.vc_custom_1661448233368{margin-bottom: 0px !important;padding-top: 10px !important;padding-right: 10px !important;padding-bottom: 10px !important;padding-left: 10px !important;background-color: #ffffff !important;}\u00bb]<\/p>\n<p style=\"text-align: center;\"><strong>30 de Septiembre<br \/>\n<\/strong><\/p>\n<p style=\"text-align: center;\">D\u00eda Internacional de la Traducci\u00f3n<\/p>\n<p>[\/vc_column_text][vc_single_image image=\u00bb20558&#8243; img_size=\u00bbfull\u00bb alignment=\u00bbcenter\u00bb][\/vc_column_inner][vc_column_inner width=\u00bb1\/4&#8243;][\/vc_column_inner][vc_column_inner width=\u00bb1\/4&#8243;][\/vc_column_inner][\/vc_row_inner][\/vc_column][\/vc_row][vc_row css=\u00bb.vc_custom_1612968056872{margin-top: 32px !important;}\u00bb][vc_column][vc_column_text]<\/p>\n<h2><strong>D\u00eda Mundial de la Salud Sexual<\/strong><\/h2>\n<p>[\/vc_column_text][vc_column_text]El 4 de septiembre se celebra el\u00a0<strong>D\u00eda Mundial de la Salud Sexual<\/strong>, una iniciativa promovida por la\u00a0<em><strong>Asociaci\u00f3n Mundial para la Salud Sexual (WAS)<\/strong><\/em><strong>\u00a0<\/strong>desde el a\u00f1o 2010.<img loading=\"lazy\" decoding=\"async\" class=\" wp-image-20626 alignright\" src=\"https:\/\/www.ccasa.org\/wp-content\/uploads\/2022\/08\/Salud-Sexual.png\" alt=\"\" width=\"444\" height=\"249\" \/><\/p>\n<p>La finalidad de esta efem\u00e9ride es concienciar a la poblaci\u00f3n acerca de la promoci\u00f3n de los derechos sexuales, la diversidad sexual, as\u00ed como la salud sexual y reproductiva de una manera placentera, sin discriminaci\u00f3n o riesgos.<\/p>\n<p>Asimismo, se trata de divulgar informaci\u00f3n acerca de los factores de riesgo, enfermedades de transmisi\u00f3n sexual y contagios, as\u00ed como las precauciones pertinentes para una vida sexual saludable.<\/p>\n<p><strong>\u00bfQue es la Salud Sexual?<\/strong><\/p>\n<p>La Organizaci\u00f3n Mundial de la Salud (OMS) define la salud sexual como \u00abun estado de bienestar f\u00edsico, mental y social en relaci\u00f3n con la sexualidad. Requiere un enfoque positivo y respetuoso de la sexualidad y de las relaciones sexuales, as\u00ed como la posibilidad de tener experiencias sexuales placenteras y seguras, libres de toda coacci\u00f3n, discriminaci\u00f3n y violencia\u00bb.<\/p>\n<p>La sexualidad abarca aspectos como el sexo, la identidad de g\u00e9nero, el erotismo, el placer, la reproducci\u00f3n y la intimidad. Se expresa en pensamientos, valores, creencias, deseos, actitudes, roles y pr\u00e1cticas.<\/p>\n<p><strong>Asociaci\u00f3n Mundial para la Salud Sexual (WAS)<\/strong><\/p>\n<p>La Asociaci\u00f3n Mundial para la Salud Sexual (WAS) es una organizaci\u00f3n internacional creada en el a\u00f1o 1978 que agrupa a organizaciones no gubernamentales, sociedades cient\u00edficas y profesionales en el \u00e1rea de la sexualidad humana, cuyo objetivo principal es promover los derechos sexuales, fundamentados en los derechos humanos universales para una adecuada salud sexual.<\/p>\n<p>Promueve la salud sexual a trav\u00e9s de campa\u00f1as, eventos y actividades educativas en diferentes regiones del mundo.<\/p>\n<p>A continuaci\u00f3n mencionamos los derechos sexuales contemplados en los derechos humanos:<\/p>\n<ol>\n<li>El derecho a la igualdad y a la no-discriminaci\u00f3n.<\/li>\n<li>El derecho a la vida, libertad y seguridad de las personas.<\/li>\n<li>El derecho a la autonom\u00eda e integridad del cuerpo.<\/li>\n<li>El derecho a una vida libre de tortura, trato o pena crueles, inhumanos o degradantes.<\/li>\n<li>El derecho a una vida libre de todas las formas de violencia y de coerci\u00f3n.<\/li>\n<li>El derecho a la privacidad.<\/li>\n<li>El derecho al grado m\u00e1ximo alcanzable de salud, incluyendo la salud sexual que comprende experiencias sexuales placenteras, satisfactorias y seguras.<\/li>\n<li>El derecho a gozar de los adelantos cient\u00edficos y de los beneficios que de ellos resulten.<\/li>\n<li>El derecho a la informaci\u00f3n.<\/li>\n<li>El derecho a la educaci\u00f3n y el derecho a la educaci\u00f3n integral de la sexualidad.<\/li>\n<li>El derecho a contraer, formar o disolver el matrimonio y otras formas similares de relaciones basadas en la equidad y el pleno y libre consentimiento.<\/li>\n<li>El derecho a decidir tener hijos, el n\u00famero y espaciamiento de los mismos, y a tener acceso a la informaci\u00f3n y los medios para lograrlo.<\/li>\n<li>El derecho a la libertad de pensamiento, opini\u00f3n y expresi\u00f3n.<\/li>\n<li>El derecho a la libre asociaci\u00f3n y reuni\u00f3n pac\u00edficas.<\/li>\n<li>El derecho a participar en la vida p\u00fablica y pol\u00edtica.<\/li>\n<li>El derecho al acceso a la justicia y a la retribuci\u00f3n y la indemnizaci\u00f3n.<\/li>\n<\/ol>\n<p>Comparte informaci\u00f3n \u00fatil e interesante en las redes sociales acerca del D\u00eda Mundial de la Salud Sexual, utilizando el hashtag #SexualHealthDay<\/p>\n<p><strong>Tema para 2022<\/strong><\/p>\n<p><img loading=\"lazy\" decoding=\"async\" class=\" wp-image-20624 aligncenter\" src=\"https:\/\/www.ccasa.org\/wp-content\/uploads\/2022\/08\/lets-talk.png\" alt=\"\" width=\"464\" height=\"108\" \/><\/p>\n<p>El tema de este a\u00f1o es \u201c<strong><em>Hablemos de placer\u201d.<\/em><\/strong> Creemos que el placer es una parte fundamental de la salud y los derechos sexuales, por lo que es fundamental para la salud y el bienestar en general.<\/p>\n<p>Para obterner m\u1f71s informaci\u00f3n\u00a0 visite la p\u00e1gina web: (esta pagina web solamente esta en Ingles)<\/p>\n<p><a href=\"https:\/\/worldsexualhealth.net\/event\/world-sexual-health-day-wshd\/\">https:\/\/worldsexualhealth.net\/event\/world-sexual-health-day-wshd\/<\/a><\/p>\n<p>&nbsp;<\/p>\n<p><strong>Article source: <\/strong><a href=\"https:\/\/www.diainternacionalde.com\/ficha\/dia-mundial-salud-sexual\"><strong>https:\/\/www.diainternacionalde.com\/ficha\/dia-mundial-salud-sexual<\/strong><\/a><\/p>\n<p><strong>Nota*: este articulo esta escrito y publicado originalmente en Ingles por \u00a0diainternacionalde.com <\/strong><a href=\"https:\/\/www.diainternacionalde.com\/\"><strong>https:\/\/www.diainternacionalde.com\/<\/strong><\/a><strong>\u00a0\u00a0 \u00a0\u00a0\u00a0<\/strong><\/p>\n<p><strong>\u00a0<\/strong>[\/vc_column_text][vc_video link=\u00bbhttps:\/\/www.youtube.com\/watch?v=CKgUeuVmC_Q\u00bb title=\u00bbD\u00cdA MUNDIAL DE LA SALUD SEXUAL\u00bb][vc_empty_space height=\u00bb40px\u00bb][\/vc_column][\/vc_row][vc_row][vc_column][vc_column_text]<\/p>\n<h2><strong>D\u00eda Internacional para la prevenci\u00f3n del suicidio<\/strong><\/h2>\n<p>[\/vc_column_text][vc_column_text]Desde el a\u00f1o 2003, la Asociaci\u00f3n Internacional para la Prevenci\u00f3n del Suicidio, en colaboraci\u00f3n con la Organizaci\u00f3n Mundial de la Salud, ha promovido cada 10 de septiembre el D\u00eda<img loading=\"lazy\" decoding=\"async\" class=\" wp-image-20628 alignright\" src=\"https:\/\/www.ccasa.org\/wp-content\/uploads\/2022\/08\/Cada-40.png\" alt=\"\" width=\"312\" height=\"312\" \/> Mundial para la Prevenci\u00f3n del Suicidio, con el objetivo de concienciar a nivel mundial que el suicidio puede prevenirse.<\/p>\n<p>El suicidio es un evento que afecta de manera global a las familias, a las comunidades y a los pa\u00edses. A nivel mundial se suicidan cada a\u00f1o casi un mill\u00f3n de personas, lo que equivale a una persona cada 40 segundos. Adem\u00e1s, por cada muerte por suicidio se estima que hay 20 intentos. Otro dato preocupante es que el suicidio constituye la segunda causa de muerte en el grupo de 15 a 29 a\u00f1os de edad.<\/p>\n<p>Hay que tener en cuenta que cada vida perdida representa a un amigo, padre, hijo, abuelo o compa\u00f1ero de alguien. Por cada suicidio producido muchas personas alrededor sufren las consecuencias.<\/p>\n<p><strong>Factores de riesgo para el suicidio<\/strong><\/p>\n<p>Factores de riesgo para el suicidio El suicidio es un problema complejo en el que intervienen todo tipo de factores: psicol\u00f3gicos, ambientales, sociales y biol\u00f3gicos. Se han determinado algunas causas que influyen en las conductas suicidas:<\/p>\n<p>En los ni\u00f1os y adolescentes, influyen especialmente factores como la historia psiqui\u00e1trica familiar, enfermedades mentales, la p\u00e9rdida de un ser querido, la depresi\u00f3n, aislamiento social, abuso de drogas y alcohol.<\/p>\n<p>Para las mujeres y hombres, suponen un factor muy importante las relaciones con otras personas, la violencia dom\u00e9stica o el estr\u00e9s en el \u00e1mbito de la familia, aunado a las enfermedades mentales, abuso de alcohol y drogas, entornos familiares problem\u00e1ticos.<\/p>\n<p>Los estudios se\u00f1alan que en el grupo de edad de las personas mayores cuentan especialmente factores como la depresi\u00f3n, el dolor f\u00edsico a causa de una enfermedad, el aislamiento social y familiar.<\/p>\n<p>No obstante, cada persona vive un universo concreto que habr\u00eda que analizar, para determinar c\u00f3mo ayudarle a superar la etapa por la que est\u00e1 pasando y evitar las conductas suicidas.<\/p>\n<p><strong>Se\u00f1ales de alerta del suicidio<\/strong><\/p>\n<p>No siempre se puede saber si alguna persona de nuestro entorno inmediato est\u00e1 pensando en el suicidio, pero hay algunas se\u00f1ales de alerta que pueden hacer sospechar:<\/p>\n<ul>\n<li>Habla acerca del suicidio, o expresar frases como \u00abdesear\u00eda no haber nacido\u00bb, \u00abquisiera estar muerto\u00bb, o similares.<\/li>\n<li>Intenta obtener medios para hacer efectivo el suicidio.<\/li>\n<li>Retraimiento extremo.<\/li>\n<li>Cambios de humor.<\/li>\n<li>Preocupaci\u00f3n por la muerte.<\/li>\n<li>Sentir impotencia y desesperanza ante una situaci\u00f3n.<\/li>\n<li>Abuso de alcohol y drogas.<\/li>\n<li>Cambios en la rutina normal.<\/li>\n<li>Hacer cosas autodestructivas e imprudentes.<\/li>\n<li>Despedirse de las personas como si fuera a ser definitivo.<\/li>\n<\/ul>\n<p>Si observa algunas o varias de estas se\u00f1ales, trata de hablar con la persona, ofrezce tu ayuda y an\u00edmala a pedir ayuda a profesionales.<\/p>\n<p><strong>Colorado Crisis Services Available 24\/7\u00a0 at 1-844-493-TALK (8255)<\/strong><\/p>\n<p><strong>or text \u201cTALK\u201d to 38255<\/strong><\/p>\n<p><a href=\"mailto:info@pikespeaksuicideprevention.org\"><strong>info@pikespeaksuicideprevention.org<\/strong><\/a><\/p>\n<p><strong>\u00bfQu\u00e9 podemos hacer para prevenir las conductas suicidas?<\/strong><\/p>\n<p>Cualquier persona es clave en la prevenci\u00f3n del suicidio, ya que todos podemos marcar la diferencia como miembro de la sociedad: como hijos, padres, amigos, colegas o vecinos. Cada d\u00eda podemos aportar para prevenir los suicidios en nuestro entorno.<\/p>\n<ul>\n<li>Concienciarnos sobre el tema del suicidio y sensibilizar a otros.<\/li>\n<li>Conocer las causas del suicidio y las se\u00f1ales de alerta.<\/li>\n<li>Mostrar cuidado y ayuda a las personas que se encuentran en situaciones dif\u00edciles.<\/li>\n<li>Cuestionar el estigma asociado al suicidio y a los problemas de salud mental, compartiendo nuestras propias experiencias.<\/li>\n<\/ul>\n<p><strong>Filmograf\u00eda sobre el tema<\/strong><\/p>\n<p>A continuaci\u00f3n mostramos algunos t\u00edtulos de pel\u00edculas aleccionadoras, cuyo tema central es el suicidio, cuyo contenido brinda apoyo emocional que pueden ayudar a salvar vidas:<\/p>\n<p>&nbsp;<\/p>\n<ul>\n<li>El Mar de \u00c1rboles (EEUU. Director: Gus Van Sant. A\u00f1o 2015): un ciudadano estadounidense y un japon\u00e9s se conocen en el tristemente c\u00e9lebre bosque de los suicidios Aokigahara, en Jap\u00f3n. Abandonan esta terrible idea, emprendiendo juntos un viaje a trav\u00e9s del bosque.<\/li>\n<li>A Girl like Her (EEUU. Directora: Amy S. Weber. A\u00f1o 2015): un equipo de televisi\u00f3n graba un documental en una escuela, para mostrar los hechos de un caso de acoso contra una estudiante y su intento de suicidio.<\/li>\n<li>Cake: una raz\u00f3n para vivir (EEUU. Director: Daniel Barnz. A\u00f1o 2014): luego de perder a su hijo en un accidente una mujer asiste a un grupo de apoyo, cuya experiencia la ayudar\u00e1 a no rendirse y a no evadir su realidad.<\/li>\n<li>The Perks of Being a Wallflower (EEUU. Director: Stephen Chbosky. A\u00f1o 2012): muestra a un joven que trata de continuar su vida despu\u00e9s de un intento de suicidio, descubriendo la amistad, el primer amor y la m\u00fasica como sus grandes aliados.<\/li>\n<li>Una Historia Diferente (EEUU. Directores: Anna Boden, Ryan Fleck. A\u00f1o 2010): un adolescente con un cuadro depresivo es ingresado en un centro psiqui\u00e1trico, encontrando el apoyo y protecci\u00f3n de otro paciente.<\/li>\n<li>Siete Almas (EEUU. Director: Gabriele Muccino. A\u00f1o 2008): un inspector fiscal de Los \u00c1ngeles trata de redimirse, al tratar de cambiar la vida de siete desconocidos, cambiando su vida y su destino de una manera sorprendente.<\/li>\n<\/ul>\n<p>Comparte informaci\u00f3n \u00fatil sobre el D\u00eda Internacional para la Prevenci\u00f3n del Suicidio, utilizando los hashtags #wspd #suicideprevention #suicide #prevenciondelsuicidio #suicidio<\/p>\n<p>Tambi\u00e9n puedes unirte a los eventos organizados por la Asociaci\u00f3n Internacional para la Prevenci\u00f3n del Suicidio que informa a trav\u00e9s de su p\u00e1gina web y de las redes sociales.<\/p>\n<p><strong>Article source: <\/strong><a href=\"https:\/\/www.diainternacionalde.com\/ficha\/dia-internacional-prevencion-suicidio\"><strong>https:\/\/www.diainternacionalde.com\/ficha\/dia-internacional-prevencion-suicidio<\/strong><\/a><\/p>\n<p><strong>\u00a0<\/strong>[\/vc_column_text][vc_video link=\u00bbhttps:\/\/www.youtube.com\/watch?v=963aa3o8nnU&amp;t=8s\u00bb title=\u00bbD\u00eda Mundial de la Prevenci\u00f3n del Suicidio\u00bb][vc_empty_space height=\u00bb40px\u00bb][\/vc_column][\/vc_row][vc_row][vc_column][vc_column_text]<\/p>\n<h2><strong>D\u00eda Internacional de la Traducci\u00f3n<\/strong><\/h2>\n<p>[\/vc_column_text][vc_column_text]Desde el a\u00f1o 1991 la Federaci\u00f3n Internacional de la Traducci\u00f3n (FIT) celebra cada 30 de septiembre el D\u00eda Internacional de la Traducci\u00f3n, con el objetivo de mostrar la solidaridad entre sus miembros y destacar el enorme valor que tiene esta profesi\u00f3n en un mundo cada vez m\u00e1s globalizado.<\/p>\n<p>\u00bfPor que se celebra el 30 de septiembre?<\/p>\n<p>La raz\u00f3n de haber elegido el 30 de septiembre como d\u00eda para conmemorar a esta profesi\u00f3n se debe a que fue en esta fecha en la que falleci\u00f3 Jer\u00f3nimo de Estrid\u00f3n, m\u00e1s popularmente conocido como San Jer\u00f3nimo, santo patrono de los traductores y responsable de la traducci\u00f3n de la biblia del hebreo al lat\u00edn y al griego.<\/p>\n<p>En 2017 se hizo oficial el D\u00eda Internacional de la Traducci\u00f3n<\/p>\n<p>A pesar de que el FIT llevaba a\u00f1os celebrando el D\u00eda Internacional de la Traducci\u00f3n, no fue hasta 2017 cuando el Consejo General de las Naciones Unidas decidi\u00f3 hacer oficial este d\u00eda.<\/p>\n<p>Una resoluci\u00f3n que toda la comunidad de traductores celebr\u00f3 alegremente, pero que tambi\u00e9n el mundo agradeci\u00f3, debido al arduo trabajo que se ha visto reflejado en el mundo digital por parte de estos profesionales y hasta por los aficionados a las lenguas.<\/p>\n<p>&nbsp;<\/p>\n<p>Prueba de esto son los millones de subt\u00edtulos que se suben a diario a internet para poder consumir v\u00eddeos de Youtube, charlas TED (evento anual donde algunos de los pensadores y emprendedores m\u00e1s importantes del mundo comparten lo que m\u00e1s les apasiona. TED significa Tecnolog\u00eda, Entretenimiento y Dise\u00f1o); y hasta series y pel\u00edculas, eso sin dejar de lado a los traductores m\u00e1s tradicionales que se dedican a llevar el mundo literario a cada conf\u00edn del planeta.<\/p>\n<p>C\u00f3mo puedes celebrar el D\u00eda Internacional de la Traducci\u00f3n<\/p>\n<p>Simplemente piensa en la labor que desarrollan los profesionales de la traducci\u00f3n para que todos estemos unidos e informados de lo que pasa en el mundo. \u00a1Feliz D\u00eda Internacional de la Traducci\u00f3n!<\/p>\n<p><strong>Article source: <\/strong><a href=\"https:\/\/www.diainternacionalde.com\/ficha\/dia-internacional-de-la-traduccion\">https:\/\/www.diainternacionalde.com\/ficha\/dia-internacional-de-la-traduccion<\/a><\/p>\n<p>Nota*: este articulo esta escrito y publicado originalmente en Ingles por calendarr.com<\/p>\n<p>[\/vc_column_text][vc_video link=\u00bbhttps:\/\/www.youtube.com\/watch?v=uaRG4CfcK1A&amp;t=1s\u00bb title=\u00bbD\u00eda Internacional de la Traducci\u00f3n\u00bb][vc_empty_space height=\u00bb40px\u00bb][\/vc_column][\/vc_row][vc_row][vc_column][vc_column_text]<\/p>\n<div class=\"wpb_text_column wpb_content_element \">\n<div class=\"wpb_wrapper\">\n<h2><strong>ESTAD\u00cdSTICAS DE FRECUENCIA<\/strong><\/h2>\n<p>&nbsp;<\/p>\n<\/div>\n<\/div>\n<p>[\/vc_column_text][vc_column_text]<strong>Idiomas que se hablan en casa adem\u00e1s del ingl\u00e9s en los Estados Unidos.<\/strong><\/p>\n<p><strong>Seg\u00fan el Centro Nacional para el Acceso a la Justicia NCAJ:<\/strong> <strong>M\u00e1s de 25 millones de personas en los Estados Unidos tienen un dominio limitado del idioma ingl\u00e9s.<\/strong> Si bien muchas de estas personas usan el ingl\u00e9s en el trabajo y en su vida diaria, comprender lo que sucede en una sala del tribunal puede ser m\u00e1s dif\u00edcil. Muchos otros tienen menos facilidad con el ingl\u00e9s y se pierden al contar su historia, ya sea dentro de la sala del tribunal o hablando con los secretarios judiciales, sin el apoyo de un int\u00e9rprete capacitado y calificado y sin la traducci\u00f3n de los documentos judiciales oficiales.<\/p>\n<p><strong>Seg\u00fan la Oficina del Censo, un hogar que habla ingl\u00e9s limitado es: Un \u00abhogar de habla inglesa limitada\u00bb es aquel en el que ning\u00fan miembro mayor de 14 a\u00f1os (1) habla solo ingl\u00e9s o (2) habla un idioma que no sea ingl\u00e9s y habla ingl\u00e9s \u00abmuy bien\u00bb.<\/strong> En otras palabras, todos los miembros mayores de 14 a\u00f1os tienen al menos alguna dificultad con el ingl\u00e9s. Por definici\u00f3n, los hogares en los que solo se habla ingl\u00e9s no pueden pertenecer a este grupo. Los productos de datos anteriores de la Oficina del Censo se refer\u00edan a estos hogares como \u00abling\u00fc\u00edsticamente aislados\u00bb y \u00abHogar donde nadie de 14 a\u00f1os o m\u00e1s habla solo ingl\u00e9s o habla ingl\u00e9s &#8216;muy bien'\u00bb.<\/p>\n<p><strong>\u00bfProporciona la Oficina del Censo la cantidad de personas que usan el lenguaje de se\u00f1as estadounidense (ASL)?<\/strong>\u00a0\u00a0\u00a0\u00a0\u00a0 <strong>The American Community Survey (ACS<\/strong>) <strong>Utiliza, tres preguntas en la encuesta ACS para capturar los idiomas hablados y la capacidad de hablar ingl\u00e9s no est\u00e1n dise\u00f1adas para identificar a los usuarios del lenguaje de se\u00f1as estadounidense (ASL).<\/strong> El dise\u00f1o actual de la pregunta respalda la enmienda de 1975 a la Ley de derechos electorales, que proh\u00edbe la discriminaci\u00f3n contra minor\u00edas ling\u00fc\u00edsticas espec\u00edficas al momento de votar. La aplicaci\u00f3n de la Ley de derechos electorales se centra en los idiomas distintos del ingl\u00e9s y del ASL que utilizan los miembros de grupos minoritarios raciales y \u00e9tnicos. Debido a la forma en que se recopilan los datos actualmente, no podemos proporcionar datos separados sobre el uso de ASL.<\/p>\n<p><strong>Aqui estan los 10 idiomas m\u00e1s hablados en los USA:<\/strong><\/p>\n<ol>\n<li><strong>El ingl\u00e9s<\/strong> es, el idioma hablado m\u00e1s prominente en los EE. UU., con <strong>m\u00e1s de 239 millones de personas de habla inglesa en todo el pa\u00eds<\/strong>. De hecho, el ingl\u00e9s se confunde com\u00fanmente con el idioma oficial de los Estados Unidos, que en realidad no tiene un idioma oficial registrado. Pero, el ingl\u00e9s es el idioma oficial no oficial, ya que la moneda oficial, las leyes y la legislaci\u00f3n, y la mayor\u00eda de las calles, tiendas y negocios usan el ingl\u00e9s como su principal forma de comunicaci\u00f3n. Muchos estados tambi\u00e9n han aprobado leyes.<\/li>\n<li><strong>El Espa\u00f1ol<\/strong> es, sin duda, el siguiente idioma hablado m\u00e1s dominante en los EE. UU. despu\u00e9s del ingl\u00e9s. Con <strong>m\u00e1s de 41 millones de hablantes en todo el pa\u00eds.<\/strong> Seg\u00fan las estad\u00edsticas, el espa\u00f1ol es actualmente uno de los idiomas de m\u00e1s r\u00e1pido crecimiento en USA y ha experimentado un <strong>aumento del 233 % entre los a\u00f1os 1980 y 2013<\/strong>, sin que se produzca una desaceleraci\u00f3n en el corto plazo. Seg\u00fan las estimaciones de 2017 de la Oficina del Censo, hay m\u00e1s de 58,9 millones de hispanos viviendo en los Estados Unidos y, <strong>para el 2030, se espera que los hispanos en USA lleguen a m\u00e1s de 72 millones-<\/strong>con predicciones de llegar a <strong>138 millones de hispanohablantes para 2050<\/strong>, \u00a1lo que convertir\u00eda a Estados Unidos en la naci\u00f3n de habla hispana m\u00e1s grande del planeta!<\/li>\n<li><strong>Chinese (Mandarin, Cantonese, Hokkien and More) <\/strong>El idioma chino, y las diferentes variedades que contiene, es otro actor destacado en la diversidad cultural de los Estados Unidos. <strong>Con m\u00e1s de 3,5 millones de hablantes en todo el pa\u00eds hoy en d\u00eda<\/strong>, el chino es otro idioma dominante y es el tercer idioma m\u00e1s hablado en los Estados Unidos en este momento.<\/li>\n<\/ol>\n<ol start=\"4\">\n<li><strong>Tagalog (Filipino) <\/strong>El tagalo se origin\u00f3 en Filipinas y se ha vuelto m\u00e1s utilizado con el paso del tiempo. Con influencias tanto del ingl\u00e9s como del espa\u00f1ol, <strong>el tagalo es otro idioma popular aqu\u00ed en los Estados Unidos, con casi 1,7 millones de hablantes<\/strong>. El tagalo es m\u00e1s conocido por su uso en Filipinas como idioma oficial.<\/li>\n<\/ol>\n<ol start=\"5\">\n<li><strong>Vietnamese <\/strong>El n\u00famero de hablantes de vietnamita en los Estados Unidos ha crecido con bastante rapidez en las \u00faltimas d\u00e9cadas. El vietnamita se ha convertido ahora en <strong>el quinto idioma hablado m\u00e1s popular en los Estados Unidos, con m\u00e1s de 1,5 millones de hablantes<\/strong>. <strong><strong>Desde 1980, USA han visto un aumento de alrededor del 500 %. en hablantes de vietnamita.<\/strong><\/strong><\/li>\n<li><strong>French and French Creole <\/strong>El franc\u00e9s ha sido un idioma com\u00fan que se habla en USA desde sus inicios en el siglo XVIII. Esto fue cuando los colonizadores franceses reclamaron tierras en todos los estados, como el Territorio de Luisiana. El franc\u00e9s y el Criollo Franc\u00e9s siguen siendo el sexto idioma m\u00e1s popular en los <strong>Estados Unidos, con poco m\u00e1s de 1,2 millones de hablantes.<\/strong> Junto con el alem\u00e1n y el espa\u00f1ol, el franc\u00e9s es uno de los pocos idiomas que muchas escuelas ofrecen para que sus estudiantes aprendan en USA tanto en cursos de nivel secundario como universitario. El franc\u00e9s criollo es una mezcla de idiomas franc\u00e9s y africano que surgi\u00f3 con la importaci\u00f3n de esclavos en el siglo XIX. A veces denominado criollo de Luisiana o franc\u00e9s criollo de Luisiana, esta forma de franc\u00e9s no es tan popular como el franc\u00e9s b\u00e1sico, pero encuentra sus ra\u00edces y su popularidad en el sur.<\/li>\n<li><strong>Arabic <\/strong>Con un poco <strong>m\u00e1s de 1,2 millones de hablantes, el \u00e1rabe se ha convertido en el s\u00e9ptimo idioma hablado m\u00e1s popular en USA.<\/strong> El \u00e1rabe y su popularidad han seguido creciendo durante las \u00faltimas d\u00e9cadas aqu\u00ed en los Estados Unidos, con un aumento del 29 % solo entre 2010 y 2014.<\/li>\n<li><strong>Korean<\/strong> El coreano es otro idioma con <strong>alrededor de 1,1 millones de hablantes en USA.<\/strong> La cantidad de hablantes de coreano ha seguido aumentando durante bastante tiempo y es uno de los idiomas m\u00e1s populares que se estudian, aunque no se ofrece instrucci\u00f3n en todas partes.<\/li>\n<li>R<strong>ussian <\/strong>Seg\u00fan la Oficina del Censo de USA<strong>, casi 940 000 personas en todo el pa\u00eds hablan ruso actualmente. <\/strong>Entre las d\u00e9cadas de 1970 y 1990, una gran cantidad de inmigrantes rusos llegaron a los USA, popularizando a\u00fan m\u00e1s el idioma y la cultura.<\/li>\n<li><strong>German <\/strong>Llegando al <strong>d\u00e9cimo idioma hablado m\u00e1s popular en USA, con aproximadamente 920,000 hablantes, est\u00e1 el alem\u00e1n<\/strong>. El alem\u00e1n ha existido, como el franc\u00e9s y el espa\u00f1ol, desde los primeros a\u00f1os de los Estados Unidos. El alem\u00e1n es uno de los pocos idiomas que se ofrecen com\u00fanmente para que los estudiantes aprendan en la escuela, lo que ayuda a mantener el idioma y la cultura alemanes destacados.<\/li>\n<\/ol>\n<p>[\/vc_column_text][vc_empty_space][vc_column_text]<strong>Article Source:<\/strong><\/p>\n<ul>\n<li><strong>National Center for Access to Justice \u201cLanguage Access\u201d <\/strong><\/li>\n<\/ul>\n<p><a href=\"https:\/\/ncaj.org\/staterankings\/2020\/languageaccess#:~:text=More%20than%2025%20million%20people,proficiency%20in%20the%20English%20language\">https:\/\/ncaj.org\/staterankings\/2020\/languageaccess#:~:text=More%20than%2025%20million%20people,proficiency%20in%20the%20English%20language<\/a><\/p>\n<ul>\n<li><strong>United States Census Bureau \u201cFrequently Asked Questions (FAQs) About Language Use\u201d <\/strong><\/li>\n<\/ul>\n<p><a href=\"https:\/\/www.census.gov\/topics\/population\/language-use\/about\/faqs.html\"><strong>https:\/\/www.census.gov\/topics\/population\/language-use\/about\/faqs.html<\/strong><\/a><\/p>\n<ul>\n<li><strong>2- United States Census Bureau \u201cAbout Language Use in the U.S. Population\u201d <\/strong><a href=\"https:\/\/www.census.gov\/topics\/population\/language-use\/about.html\"><strong>https:\/\/www.census.gov\/topics\/population\/language-use\/about.html<\/strong><\/a><\/li>\n<\/ul>\n<p><strong>TELELANGUAGE \u201cWhat Are the Top Languages Used In the U.S.?\u201d <\/strong><a href=\"https:\/\/telelanguage.com\/blog\/top-languages-usa\/\"><strong>https:\/\/telelanguage.com\/blog\/top-languages-usa\/<\/strong><\/a>[\/vc_column_text][\/vc_column][\/vc_row][vc_row][vc_column][vc_column_text]<\/p>\n<p>[\/vc_column_text][\/vc_column][\/vc_row]<\/p>\n<\/div>","protected":false},"excerpt":{"rendered":"<p>Agosto, mes   dedicado al cuidado de ti mismo centrado en vacacionar o relajarte. Este mes esta lleno  de d\u00edas festivos, observancias estatales , nacionales y mundiales. Es el mes utilizado para darte un capricho y cuidarse a si mismo! <\/p>\n<p class=\"read-more-container\"><a class=\"button\" href=\"https:\/\/ccasa.org\/es\/sabias-septiembre-2022\/\">Lee mas<\/a><\/p>\n","protected":false},"author":1,"featured_media":14324,"comment_status":"closed","ping_status":"closed","sticky":false,"template":"","format":"standard","meta":{"_acf_changed":false,"footnotes":""},"categories":[464],"tags":[473,472,474],"class_list":["post-20623","post","type-post","status-publish","format-standard","has-post-thumbnail","hentry","category-sabias","tag-estadisticas","tag-la-salud","tag-recursos","resize-featured-image"],"acf":[],"yoast_head":"<!-- This site is optimized with the Yoast SEO plugin v27.4 - https:\/\/yoast.com\/product\/yoast-seo-wordpress\/ -->\n<title>Sabias Septiembre 2022 - Colorado Coalition Against Sexual Assault<\/title>\n<meta name=\"description\" content=\"CCASA blogs allow Colorado advocates and survivors to share the stories. We use our voices because staying silent isn\u2019t an option.\" \/>\n<meta name=\"robots\" content=\"index, follow, max-snippet:-1, max-image-preview:large, max-video-preview:-1\" \/>\n<link rel=\"canonical\" href=\"https:\/\/ccasa.org\/es\/sabias-septiembre-2022\/\" \/>\n<meta property=\"og:locale\" content=\"es_ES\" \/>\n<meta property=\"og:type\" content=\"article\" \/>\n<meta property=\"og:title\" content=\"Sabias Septiembre 2022 - Colorado Coalition Against Sexual Assault\" \/>\n<meta property=\"og:description\" content=\"CCASA blogs allow Colorado advocates and survivors to share the stories. We use our voices because staying silent isn\u2019t an option.\" \/>\n<meta property=\"og:url\" content=\"https:\/\/ccasa.org\/es\/sabias-septiembre-2022\/\" \/>\n<meta property=\"og:site_name\" content=\"Colorado Coalition Against Sexual Assault\" \/>\n<meta property=\"article:published_time\" content=\"2022-09-01T13:06:10+00:00\" \/>\n<meta property=\"og:image\" content=\"https:\/\/ccasa.org\/wp-content\/uploads\/2021\/01\/default-blog-image-2.jpg\" \/>\n\t<meta property=\"og:image:width\" content=\"845\" \/>\n\t<meta property=\"og:image:height\" content=\"400\" \/>\n\t<meta property=\"og:image:type\" content=\"image\/jpeg\" \/>\n<meta name=\"author\" content=\"SA_C700B@\" \/>\n<meta name=\"twitter:card\" content=\"summary_large_image\" \/>\n<meta name=\"twitter:label1\" content=\"Escrito por\" \/>\n\t<meta name=\"twitter:data1\" content=\"SA_C700B@\" \/>\n\t<meta name=\"twitter:label2\" content=\"Tiempo de lectura\" \/>\n\t<meta name=\"twitter:data2\" content=\"16 minutos\" \/>\n<script type=\"application\/ld+json\" class=\"yoast-schema-graph\">{\"@context\":\"https:\\\/\\\/schema.org\",\"@graph\":[{\"@type\":\"Article\",\"@id\":\"https:\\\/\\\/ccasa.org\\\/es\\\/sabias-septiembre-2022\\\/#article\",\"isPartOf\":{\"@id\":\"https:\\\/\\\/ccasa.org\\\/es\\\/sabias-septiembre-2022\\\/\"},\"author\":{\"name\":\"SA_C700B@\",\"@id\":\"https:\\\/\\\/ccasa.org\\\/#\\\/schema\\\/person\\\/d92bc0d5839508c265e4b307e4f4aaec\"},\"headline\":\"Sabias Septiembre 2022\",\"datePublished\":\"2022-09-01T13:06:10+00:00\",\"mainEntityOfPage\":{\"@id\":\"https:\\\/\\\/ccasa.org\\\/es\\\/sabias-septiembre-2022\\\/\"},\"wordCount\":4244,\"publisher\":{\"@id\":\"https:\\\/\\\/ccasa.org\\\/#organization\"},\"image\":{\"@id\":\"https:\\\/\\\/ccasa.org\\\/es\\\/sabias-septiembre-2022\\\/#primaryimage\"},\"thumbnailUrl\":\"https:\\\/\\\/ccasa.org\\\/wp-content\\\/uploads\\\/2021\\\/01\\\/default-blog-image-2.jpg\",\"keywords\":[\"estad\u00edsticas\",\"la salud\",\"recursos\"],\"articleSection\":[\"Sabias\"],\"inLanguage\":\"es\"},{\"@type\":\"WebPage\",\"@id\":\"https:\\\/\\\/ccasa.org\\\/es\\\/sabias-septiembre-2022\\\/\",\"url\":\"https:\\\/\\\/ccasa.org\\\/es\\\/sabias-septiembre-2022\\\/\",\"name\":\"Sabias Septiembre 2022 - Colorado Coalition Against Sexual Assault\",\"isPartOf\":{\"@id\":\"https:\\\/\\\/ccasa.org\\\/#website\"},\"primaryImageOfPage\":{\"@id\":\"https:\\\/\\\/ccasa.org\\\/es\\\/sabias-septiembre-2022\\\/#primaryimage\"},\"image\":{\"@id\":\"https:\\\/\\\/ccasa.org\\\/es\\\/sabias-septiembre-2022\\\/#primaryimage\"},\"thumbnailUrl\":\"https:\\\/\\\/ccasa.org\\\/wp-content\\\/uploads\\\/2021\\\/01\\\/default-blog-image-2.jpg\",\"datePublished\":\"2022-09-01T13:06:10+00:00\",\"description\":\"CCASA blogs allow Colorado advocates and survivors to share the stories. We use our voices because staying silent isn\u2019t an option.\",\"breadcrumb\":{\"@id\":\"https:\\\/\\\/ccasa.org\\\/es\\\/sabias-septiembre-2022\\\/#breadcrumb\"},\"inLanguage\":\"es\",\"potentialAction\":[{\"@type\":\"ReadAction\",\"target\":[\"https:\\\/\\\/ccasa.org\\\/es\\\/sabias-septiembre-2022\\\/\"]}]},{\"@type\":\"ImageObject\",\"inLanguage\":\"es\",\"@id\":\"https:\\\/\\\/ccasa.org\\\/es\\\/sabias-septiembre-2022\\\/#primaryimage\",\"url\":\"https:\\\/\\\/ccasa.org\\\/wp-content\\\/uploads\\\/2021\\\/01\\\/default-blog-image-2.jpg\",\"contentUrl\":\"https:\\\/\\\/ccasa.org\\\/wp-content\\\/uploads\\\/2021\\\/01\\\/default-blog-image-2.jpg\",\"width\":845,\"height\":400,\"caption\":\"CCASA Logo\"},{\"@type\":\"BreadcrumbList\",\"@id\":\"https:\\\/\\\/ccasa.org\\\/es\\\/sabias-septiembre-2022\\\/#breadcrumb\",\"itemListElement\":[{\"@type\":\"ListItem\",\"position\":1,\"name\":\"Home\",\"item\":\"https:\\\/\\\/ccasa.org\\\/es\\\/\"},{\"@type\":\"ListItem\",\"position\":2,\"name\":\"Sabias Septiembre 2022\"}]},{\"@type\":\"WebSite\",\"@id\":\"https:\\\/\\\/ccasa.org\\\/#website\",\"url\":\"https:\\\/\\\/ccasa.org\\\/\",\"name\":\"Colorado Coalition Against Sexual Assault\",\"description\":\"\",\"publisher\":{\"@id\":\"https:\\\/\\\/ccasa.org\\\/#organization\"},\"potentialAction\":[{\"@type\":\"SearchAction\",\"target\":{\"@type\":\"EntryPoint\",\"urlTemplate\":\"https:\\\/\\\/ccasa.org\\\/?s={search_term_string}\"},\"query-input\":{\"@type\":\"PropertyValueSpecification\",\"valueRequired\":true,\"valueName\":\"search_term_string\"}}],\"inLanguage\":\"es\"},{\"@type\":\"Organization\",\"@id\":\"https:\\\/\\\/ccasa.org\\\/#organization\",\"name\":\"Colorado Coalition Against Sexual Assault (CCASA)\",\"url\":\"https:\\\/\\\/ccasa.org\\\/\",\"logo\":{\"@type\":\"ImageObject\",\"inLanguage\":\"es\",\"@id\":\"https:\\\/\\\/ccasa.org\\\/#\\\/schema\\\/logo\\\/image\\\/\",\"url\":\"https:\\\/\\\/www.ccasa.org\\\/wp-content\\\/uploads\\\/2018\\\/05\\\/ccasa-logo-large_png.png\",\"contentUrl\":\"https:\\\/\\\/www.ccasa.org\\\/wp-content\\\/uploads\\\/2018\\\/05\\\/ccasa-logo-large_png.png\",\"width\":1920,\"height\":1080,\"caption\":\"Colorado Coalition Against Sexual Assault (CCASA)\"},\"image\":{\"@id\":\"https:\\\/\\\/ccasa.org\\\/#\\\/schema\\\/logo\\\/image\\\/\"}},{\"@type\":\"Person\",\"@id\":\"https:\\\/\\\/ccasa.org\\\/#\\\/schema\\\/person\\\/d92bc0d5839508c265e4b307e4f4aaec\",\"name\":\"SA_C700B@\",\"image\":{\"@type\":\"ImageObject\",\"inLanguage\":\"es\",\"@id\":\"https:\\\/\\\/secure.gravatar.com\\\/avatar\\\/423b7f0d80a574fe0c3b869e5c731a49cc367a0df8f4acc7eb2153ff609e084d?s=96&d=mm&r=g\",\"url\":\"https:\\\/\\\/secure.gravatar.com\\\/avatar\\\/423b7f0d80a574fe0c3b869e5c731a49cc367a0df8f4acc7eb2153ff609e084d?s=96&d=mm&r=g\",\"contentUrl\":\"https:\\\/\\\/secure.gravatar.com\\\/avatar\\\/423b7f0d80a574fe0c3b869e5c731a49cc367a0df8f4acc7eb2153ff609e084d?s=96&d=mm&r=g\",\"caption\":\"SA_C700B@\"},\"url\":\"https:\\\/\\\/ccasa.org\\\/es\\\/author\\\/ccasa\\\/\"}]}<\/script>\n<!-- \/ Yoast SEO plugin. -->","yoast_head_json":{"title":"Sabias Septiembre 2022 - Colorado Coalition Against Sexual Assault","description":"CCASA blogs allow Colorado advocates and survivors to share the stories. We use our voices because staying silent isn\u2019t an option.","robots":{"index":"index","follow":"follow","max-snippet":"max-snippet:-1","max-image-preview":"max-image-preview:large","max-video-preview":"max-video-preview:-1"},"canonical":"https:\/\/ccasa.org\/es\/sabias-septiembre-2022\/","og_locale":"es_ES","og_type":"article","og_title":"Sabias Septiembre 2022 - Colorado Coalition Against Sexual Assault","og_description":"CCASA blogs allow Colorado advocates and survivors to share the stories. We use our voices because staying silent isn\u2019t an option.","og_url":"https:\/\/ccasa.org\/es\/sabias-septiembre-2022\/","og_site_name":"Colorado Coalition Against Sexual Assault","article_published_time":"2022-09-01T13:06:10+00:00","og_image":[{"width":845,"height":400,"url":"https:\/\/ccasa.org\/wp-content\/uploads\/2021\/01\/default-blog-image-2.jpg","type":"image\/jpeg"}],"author":"SA_C700B@","twitter_card":"summary_large_image","twitter_misc":{"Escrito por":"SA_C700B@","Tiempo de lectura":"16 minutos"},"schema":{"@context":"https:\/\/schema.org","@graph":[{"@type":"Article","@id":"https:\/\/ccasa.org\/es\/sabias-septiembre-2022\/#article","isPartOf":{"@id":"https:\/\/ccasa.org\/es\/sabias-septiembre-2022\/"},"author":{"name":"SA_C700B@","@id":"https:\/\/ccasa.org\/#\/schema\/person\/d92bc0d5839508c265e4b307e4f4aaec"},"headline":"Sabias Septiembre 2022","datePublished":"2022-09-01T13:06:10+00:00","mainEntityOfPage":{"@id":"https:\/\/ccasa.org\/es\/sabias-septiembre-2022\/"},"wordCount":4244,"publisher":{"@id":"https:\/\/ccasa.org\/#organization"},"image":{"@id":"https:\/\/ccasa.org\/es\/sabias-septiembre-2022\/#primaryimage"},"thumbnailUrl":"https:\/\/ccasa.org\/wp-content\/uploads\/2021\/01\/default-blog-image-2.jpg","keywords":["estad\u00edsticas","la salud","recursos"],"articleSection":["Sabias"],"inLanguage":"es"},{"@type":"WebPage","@id":"https:\/\/ccasa.org\/es\/sabias-septiembre-2022\/","url":"https:\/\/ccasa.org\/es\/sabias-septiembre-2022\/","name":"Sabias Septiembre 2022 - Colorado Coalition Against Sexual Assault","isPartOf":{"@id":"https:\/\/ccasa.org\/#website"},"primaryImageOfPage":{"@id":"https:\/\/ccasa.org\/es\/sabias-septiembre-2022\/#primaryimage"},"image":{"@id":"https:\/\/ccasa.org\/es\/sabias-septiembre-2022\/#primaryimage"},"thumbnailUrl":"https:\/\/ccasa.org\/wp-content\/uploads\/2021\/01\/default-blog-image-2.jpg","datePublished":"2022-09-01T13:06:10+00:00","description":"CCASA blogs allow Colorado advocates and survivors to share the stories. We use our voices because staying silent isn\u2019t an option.","breadcrumb":{"@id":"https:\/\/ccasa.org\/es\/sabias-septiembre-2022\/#breadcrumb"},"inLanguage":"es","potentialAction":[{"@type":"ReadAction","target":["https:\/\/ccasa.org\/es\/sabias-septiembre-2022\/"]}]},{"@type":"ImageObject","inLanguage":"es","@id":"https:\/\/ccasa.org\/es\/sabias-septiembre-2022\/#primaryimage","url":"https:\/\/ccasa.org\/wp-content\/uploads\/2021\/01\/default-blog-image-2.jpg","contentUrl":"https:\/\/ccasa.org\/wp-content\/uploads\/2021\/01\/default-blog-image-2.jpg","width":845,"height":400,"caption":"CCASA Logo"},{"@type":"BreadcrumbList","@id":"https:\/\/ccasa.org\/es\/sabias-septiembre-2022\/#breadcrumb","itemListElement":[{"@type":"ListItem","position":1,"name":"Home","item":"https:\/\/ccasa.org\/es\/"},{"@type":"ListItem","position":2,"name":"Sabias Septiembre 2022"}]},{"@type":"WebSite","@id":"https:\/\/ccasa.org\/#website","url":"https:\/\/ccasa.org\/","name":"Colorado Coalition Against Sexual Assault","description":"","publisher":{"@id":"https:\/\/ccasa.org\/#organization"},"potentialAction":[{"@type":"SearchAction","target":{"@type":"EntryPoint","urlTemplate":"https:\/\/ccasa.org\/?s={search_term_string}"},"query-input":{"@type":"PropertyValueSpecification","valueRequired":true,"valueName":"search_term_string"}}],"inLanguage":"es"},{"@type":"Organization","@id":"https:\/\/ccasa.org\/#organization","name":"Colorado Coalition Against Sexual Assault (CCASA)","url":"https:\/\/ccasa.org\/","logo":{"@type":"ImageObject","inLanguage":"es","@id":"https:\/\/ccasa.org\/#\/schema\/logo\/image\/","url":"https:\/\/www.ccasa.org\/wp-content\/uploads\/2018\/05\/ccasa-logo-large_png.png","contentUrl":"https:\/\/www.ccasa.org\/wp-content\/uploads\/2018\/05\/ccasa-logo-large_png.png","width":1920,"height":1080,"caption":"Colorado Coalition Against Sexual Assault (CCASA)"},"image":{"@id":"https:\/\/ccasa.org\/#\/schema\/logo\/image\/"}},{"@type":"Person","@id":"https:\/\/ccasa.org\/#\/schema\/person\/d92bc0d5839508c265e4b307e4f4aaec","name":"SA_C700B@","image":{"@type":"ImageObject","inLanguage":"es","@id":"https:\/\/secure.gravatar.com\/avatar\/423b7f0d80a574fe0c3b869e5c731a49cc367a0df8f4acc7eb2153ff609e084d?s=96&d=mm&r=g","url":"https:\/\/secure.gravatar.com\/avatar\/423b7f0d80a574fe0c3b869e5c731a49cc367a0df8f4acc7eb2153ff609e084d?s=96&d=mm&r=g","contentUrl":"https:\/\/secure.gravatar.com\/avatar\/423b7f0d80a574fe0c3b869e5c731a49cc367a0df8f4acc7eb2153ff609e084d?s=96&d=mm&r=g","caption":"SA_C700B@"},"url":"https:\/\/ccasa.org\/es\/author\/ccasa\/"}]}},"_links":{"self":[{"href":"https:\/\/ccasa.org\/es\/wp-json\/wp\/v2\/posts\/20623","targetHints":{"allow":["GET"]}}],"collection":[{"href":"https:\/\/ccasa.org\/es\/wp-json\/wp\/v2\/posts"}],"about":[{"href":"https:\/\/ccasa.org\/es\/wp-json\/wp\/v2\/types\/post"}],"author":[{"embeddable":true,"href":"https:\/\/ccasa.org\/es\/wp-json\/wp\/v2\/users\/1"}],"replies":[{"embeddable":true,"href":"https:\/\/ccasa.org\/es\/wp-json\/wp\/v2\/comments?post=20623"}],"version-history":[{"count":0,"href":"https:\/\/ccasa.org\/es\/wp-json\/wp\/v2\/posts\/20623\/revisions"}],"wp:featuredmedia":[{"embeddable":true,"href":"https:\/\/ccasa.org\/es\/wp-json\/wp\/v2\/media\/14324"}],"wp:attachment":[{"href":"https:\/\/ccasa.org\/es\/wp-json\/wp\/v2\/media?parent=20623"}],"wp:term":[{"taxonomy":"category","embeddable":true,"href":"https:\/\/ccasa.org\/es\/wp-json\/wp\/v2\/categories?post=20623"},{"taxonomy":"post_tag","embeddable":true,"href":"https:\/\/ccasa.org\/es\/wp-json\/wp\/v2\/tags?post=20623"}],"curies":[{"name":"wp","href":"https:\/\/api.w.org\/{rel}","templated":true}]}}