{"id":20269,"date":"2022-05-01T08:00:48","date_gmt":"2022-05-01T14:00:48","guid":{"rendered":"https:\/\/www.ccasa.org\/?p=20269"},"modified":"2022-04-28T11:33:11","modified_gmt":"2022-04-28T17:33:11","slug":"sabias-mayo-2022","status":"publish","type":"post","link":"https:\/\/ccasa.org\/es\/sabias-mayo-2022\/","title":{"rendered":"Sabias Mayo 2022"},"content":{"rendered":"<div class=\"wpb-content-wrapper\"><p>[vc_row css=\u00bb.vc_custom_1612968358632{margin-top: 70px !important;}\u00bb][vc_column][vc_row_inner][vc_column_inner][vc_column_text]<\/p>\n<h2>Observancias en <strong>may<\/strong><\/h2>\n<p>[\/vc_column_text][\/vc_column_inner][\/vc_row_inner][vc_row_inner equal_height=\u00bbyes\u00bb][vc_column_inner width=\u00bb1\/4&#8243;][vc_column_text css=\u00bb.vc_custom_1651163337671{margin-bottom: 0px !important;padding-top: 10px !important;padding-right: 10px !important;padding-bottom: 10px !important;padding-left: 10px !important;background-color: #ffffff !important;}\u00bb]<\/p>\n<p style=\"text-align: center;\"><strong>1 de Mayo<br \/>\n<\/strong>D\u00eda Internacional del Trabajador.\u00a0\u00a0 Y D\u00eda Mundial de la Risa<\/p>\n<p>[\/vc_column_text][\/vc_column_inner][vc_column_inner width=\u00bb1\/4&#8243;][vc_column_text css=\u00bb.vc_custom_1651165809005{margin-bottom: 0px !important;padding-top: 10px !important;padding-right: 10px !important;padding-bottom: 10px !important;padding-left: 10px !important;background-color: #ffffff !important;}\u00bb]<\/p>\n<p style=\"text-align: center;\"><strong>2 de Mayo<\/strong><br \/>\nD\u00eda Mundial Contra el Bullying o el Acoso Escolar<\/p>\n<p>[\/vc_column_text][vc_single_image image=\u00bb20288&#8243; img_size=\u00bbfull\u00bb alignment=\u00bbcenter\u00bb css=\u00bb.vc_custom_1651163874192{padding-bottom: 10px !important;background-color: #ffffff !important;}\u00bb][\/vc_column_inner][vc_column_inner width=\u00bb1\/4&#8243;][vc_column_text css=\u00bb.vc_custom_1651163381998{margin-bottom: 0px !important;padding-top: 10px !important;padding-right: 10px !important;padding-bottom: 10px !important;padding-left: 10px !important;background-color: #ffffff !important;}\u00bb]<\/p>\n<p style=\"text-align: center;\"><strong>3 de Mayo<br \/>\n<\/strong>D\u00eda del Maestro &amp; Meditaci\u00f3n en el Jard\u00edn<\/p>\n<p>[\/vc_column_text][\/vc_column_inner][vc_column_inner width=\u00bb1\/4&#8243;][vc_column_text css=\u00bb.vc_custom_1651163421857{margin-bottom: 0px !important;padding-top: 10px !important;padding-right: 10px !important;padding-bottom: 10px !important;padding-left: 10px !important;background-color: #ffffff !important;}\u00bb]<\/p>\n<p style=\"text-align: center;\"><strong>5 de Mayo<\/strong><br \/>\nCinco de Mayo \u00a0Fiesta &amp; D\u00eda Mundial del Patrimonio Africano<\/p>\n<p>[\/vc_column_text][vc_single_image image=\u00bb20280&#8243; img_size=\u00bbfull\u00bb alignment=\u00bbcenter\u00bb css=\u00bb.vc_custom_1651163445745{padding-bottom: 10px !important;background-color: #ffffff !important;}\u00bb][\/vc_column_inner][\/vc_row_inner][vc_row_inner equal_height=\u00bbyes\u00bb][vc_column_inner width=\u00bb1\/4&#8243;][vc_column_text css=\u00bb.vc_custom_1651163473741{margin-bottom: 0px !important;padding-top: 10px !important;padding-right: 10px !important;padding-bottom: 10px !important;padding-left: 10px !important;background-color: #ffffff !important;}\u00bb]<\/p>\n<p style=\"text-align: center;\"><strong>8 de Mayo<br \/>\n<\/strong>D\u00eda de la Madre \u00a0&amp; Buddha<\/p>\n<p>[\/vc_column_text][vc_single_image image=\u00bb20282&#8243; img_size=\u00bbfull\u00bb alignment=\u00bbcenter\u00bb css=\u00bb.vc_custom_1651163508672{padding-bottom: 10px !important;background-color: #ffffff !important;}\u00bb][\/vc_column_inner][vc_column_inner width=\u00bb1\/4&#8243;][vc_column_text css=\u00bb.vc_custom_1651163530804{margin-bottom: 0px !important;padding-top: 10px !important;padding-right: 10px !important;padding-bottom: 10px !important;padding-left: 10px !important;background-color: #ffffff !important;}\u00bb]<\/p>\n<p style=\"text-align: center;\"><strong>10 de Mayo<br \/>\n<\/strong>D\u00eda Mundial de la Comunicaci\u00f3n Social<\/p>\n<p>[\/vc_column_text][\/vc_column_inner][vc_column_inner width=\u00bb1\/4&#8243;][vc_column_text css=\u00bb.vc_custom_1651163550874{margin-bottom: 0px !important;padding-top: 10px !important;padding-right: 10px !important;padding-bottom: 10px !important;padding-left: 10px !important;background-color: #ffffff !important;}\u00bb]<\/p>\n<p style=\"text-align: center;\"><strong>12 de Mayo<br \/>\n<\/strong>D\u00eda Internacional de la Enfermera<\/p>\n<p>[\/vc_column_text][\/vc_column_inner][vc_column_inner width=\u00bb1\/4&#8243;][vc_column_text css=\u00bb.vc_custom_1651163571067{padding-top: 10px !important;padding-right: 10px !important;padding-bottom: 10px !important;padding-left: 10px !important;background-color: #ffffff !important;}\u00bb]<\/p>\n<p style=\"text-align: center;\"><strong>15 de Mayo<br \/>\n<\/strong>D\u00eda Internacional de las Familias<\/p>\n<p>[\/vc_column_text][\/vc_column_inner][\/vc_row_inner][vc_row_inner equal_height=\u00bbyes\u00bb][vc_column_inner width=\u00bb1\/4&#8243;][vc_column_text css=\u00bb.vc_custom_1651163590723{margin-bottom: 0px !important;padding-top: 10px !important;padding-right: 10px !important;padding-bottom: 10px !important;padding-left: 10px !important;background-color: #ffffff !important;}\u00bb]<\/p>\n<p style=\"text-align: center;\"><strong>16 de Mayo<br \/>\n<\/strong>D\u00eda Internacional de la Convivencia en Paz<\/p>\n<p>[\/vc_column_text][\/vc_column_inner][vc_column_inner width=\u00bb1\/4&#8243;][vc_column_text css=\u00bb.vc_custom_1651163607057{margin-bottom: 0px !important;padding-top: 10px !important;padding-right: 10px !important;padding-bottom: 10px !important;padding-left: 10px !important;background-color: #ffffff !important;}\u00bb]<\/p>\n<p style=\"text-align: center;\"><strong>17 de Mayo<br \/>\n<\/strong>D\u00eda Internacional contra la Homofobia, la Transfobia y la Bifobia<\/p>\n<p>[\/vc_column_text][\/vc_column_inner][vc_column_inner width=\u00bb1\/4&#8243;][vc_column_text css=\u00bb.vc_custom_1651163639909{margin-bottom: 0px !important;padding-top: 10px !important;padding-right: 10px !important;padding-bottom: 10px !important;padding-left: 10px !important;background-color: #ffffff !important;}\u00bb]<\/p>\n<p style=\"text-align: center;\"><strong>20 de Mayo<br \/>\n<\/strong>D\u00eda \u00a0de Malcolm X<\/p>\n<p>[\/vc_column_text][vc_single_image image=\u00bb20284&#8243; img_size=\u00bbfull\u00bb alignment=\u00bbcenter\u00bb css=\u00bb.vc_custom_1651165830310{background-color: #ffffff !important;}\u00bb][\/vc_column_inner][vc_column_inner width=\u00bb1\/4&#8243;][vc_column_text css=\u00bb.vc_custom_1651163689943{margin-bottom: 0px !important;padding-top: 10px !important;padding-right: 10px !important;padding-bottom: 10px !important;padding-left: 10px !important;background-color: #ffffff !important;}\u00bb]<\/p>\n<p style=\"text-align: center;\"><strong>21 de Mayo<br \/>\n<\/strong>D\u00eda Mundial de la Diversidad Cultural para el Di\u00e1logo y el Desarrollo<\/p>\n<p>[\/vc_column_text][\/vc_column_inner][\/vc_row_inner][vc_row_inner equal_height=\u00bbyes\u00bb][vc_column_inner width=\u00bb1\/4&#8243;][vc_column_text css=\u00bb.vc_custom_1651163720277{margin-bottom: 0px !important;padding-top: 10px !important;padding-right: 10px !important;padding-bottom: 10px !important;padding-left: 10px !important;background-color: #ffffff !important;}\u00bb]<\/p>\n<p style=\"text-align: center;\"><strong>24 de Mayo<br \/>\n<\/strong>D\u00eda Internacional de las Mujeres por la Paz y el Desarme<\/p>\n<p>[\/vc_column_text][vc_single_image image=\u00bb20286&#8243; img_size=\u00bbfull\u00bb alignment=\u00bbcenter\u00bb][\/vc_column_inner][vc_column_inner width=\u00bb1\/4&#8243;][vc_column_text css=\u00bb.vc_custom_1651163741915{margin-bottom: 0px !important;padding-top: 10px !important;padding-right: 10px !important;padding-bottom: 10px !important;padding-left: 10px !important;background-color: #ffffff !important;}\u00bb]<\/p>\n<p style=\"text-align: center;\"><strong>29 de Mayo<br \/>\n<\/strong>D\u00eda Internacional del Personal de Paz de las Naciones Unidas<\/p>\n<p>[\/vc_column_text][\/vc_column_inner][vc_column_inner width=\u00bb1\/4&#8243;][vc_column_text css=\u00bb.vc_custom_1651163772434{margin-bottom: 0px !important;padding-top: 10px !important;padding-right: 10px !important;padding-bottom: 10px !important;padding-left: 10px !important;background-color: #ffffff !important;}\u00bb]<\/p>\n<p style=\"text-align: center;\"><strong>31 de Mayo<br \/>\n<\/strong>D\u00eda Mundial Sin Tabaco o D\u00eda de No Fumar<\/p>\n<p>[\/vc_column_text][\/vc_column_inner][vc_column_inner width=\u00bb1\/4&#8243;][\/vc_column_inner][\/vc_row_inner][\/vc_column][\/vc_row][vc_row css=\u00bb.vc_custom_1612968056872{margin-top: 32px !important;}\u00bb][vc_column][vc_column_text]<\/p>\n<h2>Mayo es el mes de los Libros Latinos<\/h2>\n<p>[\/vc_column_text][vc_column_text]<img loading=\"lazy\" decoding=\"async\" class=\" wp-image-20291 aligncenter\" src=\"https:\/\/www.ccasa.org\/wp-content\/uploads\/2022\/04\/latino-book-month.png\" alt=\"\" width=\"320\" height=\"144\" \/><\/p>\n<p>Dale sabor a tu lista de lectura con literatura latina incre\u00edble en el <strong>Mes del Libro Latino<\/strong>, <strong>que se celebra anualmente en mayo.<\/strong> Celebrado para expandir el alcance de la literatura latina, este es una excelente manera de encontrar lecturas nuevas y emocionantes tanto en ingl\u00e9s como en espa\u00f1ol.<\/p>\n<p><strong>HISTORIA DEL MES DEL LIBRO LATINO<\/strong><\/p>\n<p>El Mes del Libro Latino fue fundado por Rhode Island Latino Arts y est\u00e1 patrocinado por la Asociaci\u00f3n de Editores Estadounidenses (AAP). El d\u00eda alienta a los libreros, bibliotecarios y maestros a promover libros escritos por y para latinos e instar a sus comunidades a leer estos libros.<\/p>\n<p>Si bien el canon conocido como literatura latina\/a es un fen\u00f3meno relativamente nuevo, la literatura misma ha existido durante siglos, como han descubierto los estudios. Estos textos fueron escritos en su mayor\u00eda por mexicoamericanos, puertorrique\u00f1os y cubanoamericanos, aunque ahora tambi\u00e9n est\u00e1 ganando protagonismo la literatura escrita por dominicanoamericanos, centroamericanos estadounidenses y sudamericanos estadounidenses. Los estudios tambi\u00e9n muestran que, si bien la literatura latina\/a se remonta al siglo XVI, una forma diferente de escritura comenz\u00f3 a surgir despu\u00e9s de los movimientos pol\u00edticos del siglo XVII y varios textos del siglo XIX presentan escritos disidentes y del exilio.<\/p>\n<p>En Estados Unidos, la literatura latina\/a gan\u00f3 popularidad junto con el Movimiento por los Derechos Civiles, lo que tambi\u00e9n llev\u00f3 a la formaci\u00f3n de programas de Estudios \u00c9tnicos y Estudios Latinos en las principales universidades estadounidenses. Estos estudios surgieron como resultado del desarrollo de los programas de Estudios Chicanos y Estudios Puertorrique\u00f1os, que a su vez respondieron a las demandas estudiantiles de la \u00e9poca. Algunos libros estudiados en estos programas incluyen obras pioneras como \u201cLa casa en Mango Street\u201d de Sandra Cisneros, \u201cLa \u00faltima de las chicas del men\u00fa\u201d de Denise Chavez y libros m\u00e1s notables. La ficci\u00f3n especulativa latina, la ciencia ficci\u00f3n, la ficci\u00f3n fant\u00e1stica y las historietas latinas son un g\u00e9nero en crecimiento en la literatura latina e incluyen temas interconectados como la justicia social, la familia, la psicolog\u00eda y otros temas relevantes.<\/p>\n<p><strong>CRONOGRAMA DEL MES DEL LIBRO LATINO<\/strong>[\/vc_column_text][vc_row_inner equal_height=\u00bbyes\u00bb gap=\u00bb20&#8243;][vc_column_inner width=\u00bb1\/3&#8243; css=\u00bb.vc_custom_1651167069076{background-color: #ffffff !important;}\u00bb][vc_column_text]<\/p>\n<h3 style=\"text-align: center;\">1960s<\/h3>\n<p>[\/vc_column_text][vc_separator][vc_column_text css=\u00bb.vc_custom_1651164864883{padding-top: 10px !important;padding-right: 10px !important;padding-bottom: 10px !important;padding-left: 10px !important;background-color: #ffffff !important;}\u00bb]<strong>Estudiantes estadounidenses exigen estudios latinos<\/strong><\/p>\n<p>Los movimientos estudiantiles en este per\u00edodo exigen m\u00e1s estudios latinos en las universidades.[\/vc_column_text][\/vc_column_inner][vc_column_inner width=\u00bb1\/3&#8243; css=\u00bb.vc_custom_1651167077295{background-color: #ffffff !important;}\u00bb][vc_column_text]<\/p>\n<h3 style=\"text-align: center;\">1990s<\/h3>\n<p>[\/vc_column_text][vc_separator][vc_column_text css=\u00bb.vc_custom_1651164871094{padding-top: 10px !important;padding-right: 10px !important;padding-bottom: 10px !important;padding-left: 10px !important;background-color: #ffffff !important;}\u00bb]<strong>Establecimiento de un proyecto muy especial<br \/>\n<\/strong><\/p>\n<p>El Proyecto de Herencia Literaria Hispana se crea para explorar la publicaci\u00f3n de literatura escrita antes de la d\u00e9cada de 1960.[\/vc_column_text][\/vc_column_inner][vc_column_inner width=\u00bb1\/3&#8243; css=\u00bb.vc_custom_1651167092216{background-color: #ffffff !important;}\u00bb][vc_column_text]<\/p>\n<h3 style=\"text-align: center;\">Mid 20th century<\/h3>\n<p>[\/vc_column_text][vc_separator][vc_column_text css=\u00bb.vc_custom_1651164877547{padding-top: 10px !important;padding-right: 10px !important;padding-bottom: 10px !important;padding-left: 10px !important;background-color: #ffffff !important;}\u00bb]<strong>El lenguaje de la literatura latina\/a cambia<br \/>\n<\/strong><\/p>\n<p>Mucha de la literatura latina ahora est\u00e1 escrita en ingl\u00e9s, incorporando espa\u00f1ol o spanglish.<\/p>\n<p>[\/vc_column_text][\/vc_column_inner][\/vc_row_inner][vc_row_inner equal_height=\u00bbyes\u00bb gap=\u00bb20&#8243; css=\u00bb.vc_custom_1651167182678{margin-top: 20px !important;margin-bottom: 20px !important;}\u00bb][vc_column_inner width=\u00bb1\/3&#8243; css=\u00bb.vc_custom_1651167118808{background-color: #ffffff !important;}\u00bb][vc_column_text]<\/p>\n<h3 style=\"text-align: center;\">Late 20th century<\/h3>\n<p>[\/vc_column_text][vc_separator][vc_column_text css=\u00bb.vc_custom_1651164791621{padding-top: 10px !important;padding-right: 10px !important;padding-bottom: 10px !important;padding-left: 10px !important;background-color: #ffffff !important;}\u00bb]<strong>Cambio en la literatura estadounidense<\/strong><\/p>\n<p>Una caracter\u00edstica clave de este per\u00edodo es un r\u00e1pido aumento de literatura escritos por latinos y sobre latinos, que coincide con el Movimiento por los Derechos Civiles; esto conduce tambi\u00e9n a la formaci\u00f3n de estudios latinos en las principales universidades estadounidenses.[\/vc_column_text][\/vc_column_inner][vc_column_inner width=\u00bb1\/3&#8243; css=\u00bb.vc_custom_1651167126211{background-color: #ffffff !important;}\u00bb][vc_column_text]<\/p>\n<h3 style=\"text-align: center;\">21st century<\/h3>\n<p>[\/vc_column_text][vc_separator][vc_column_text css=\u00bb.vc_custom_1651164817036{padding-top: 10px !important;padding-right: 10px !important;padding-bottom: 10px !important;padding-left: 10px !important;background-color: #ffffff !important;}\u00bb]<strong>Aumento de centroamericanos en EE.UU.<\/strong><\/p>\n<p>Como resultado directo del aumento de la poblaci\u00f3n latina en los Estados Unidos, tambi\u00e9n aumenta la contribuci\u00f3n de los autores latinos\/as.[\/vc_column_text][\/vc_column_inner][vc_column_inner width=\u00bb1\/3&#8243; css=\u00bb.vc_custom_1651167133712{background-color: #ffffff !important;}\u00bb][vc_column_text]<\/p>\n<h3 style=\"text-align: center;\">May 2014<\/h3>\n<p>[\/vc_column_text][vc_separator][vc_column_text css=\u00bb.vc_custom_1651164846692{padding-top: 10px !important;padding-right: 10px !important;padding-bottom: 10px !important;padding-left: 10px !important;background-color: #ffffff !important;}\u00bb]<strong>Mes del Libro Latino<\/strong><\/p>\n<p>Rhode Island Latino Arts inicia este mes para celebrar a los autores latinos y aumentar la alfabetizaci\u00f3n entre la poblaci\u00f3n latina.<\/p>\n<p>[\/vc_column_text][\/vc_column_inner][\/vc_row_inner][vc_column_text]\u00bfQu\u00e9 es la literatura latina?<\/p>\n<p>Obras escritas por personas de ascendencia latinoamericana: mexicoamericanos, puertorrique\u00f1os, cubanoamericanos y dominicanoamericanos, que est\u00e1 escrito en su mayor\u00eda, pero no exclusivamente, en ingl\u00e9s.<\/p>\n<p>\u00bfCu\u00e1les son algunas recomendaciones de libros latinos?<\/p>\n<p>Los libros notables de esta generaci\u00f3n incluyen \u00abTan lejos de Dios\u00bb de Ana Castillo, la antolog\u00eda feminista innovadora de Cherrie Moraga y Gloria Anzaldua \u00abEste puente me llam\u00f3 la espalda\u00bb, \u00abNo soy tu hija mexicana perfecta\u00bb de Erika L. S\u00e1nchez y \u00abLa poeta X\u201d de Elizabeth Acevedo.<\/p>\n<p><strong>ACTIVIDADES MES DEL LIBRO LATINO<\/strong><\/p>\n<ol>\n<li><strong>Descubre incre\u00edbles libros de autores latinos\/as<\/strong><\/li>\n<\/ol>\n<p>Adem\u00e1s de las obras ciertamente innovadoras de autores famosos como Claudia Castro Luna, Jimmy Santiago Baca, Lorna Dee Cervantes, Leroy V. Quintana y m\u00e1s, actualmente hay m\u00faltiples g\u00e9neros y autores latinos para elegir. Los ni\u00f1os pueden conocer libros de Gary Soto o Alma Flor Ada, los adolescentes pueden deleitarse con autores como Andi Teran y Pam Mu\u00f1oz Ryan, mientras que los adultos pueden explorar obras de Julia Alvarez y Sandra Cisneros.<\/p>\n<ol start=\"2\">\n<li><strong>Agregue un tema latino\/a a su club de lectura<\/strong><\/li>\n<\/ol>\n<p>Trae un poco de variedad a tu selecci\u00f3n de libros y temas, de los cuales uno puede ser un mes lleno de literatura latina\/a. Descubra y del\u00e9itese con los cuentos de nuevos autores asombrosos o profundice en los cl\u00e1sicos populares de siglos anteriores.<\/p>\n<ol start=\"3\">\n<li><strong>Organice sus propios eventos para celebrar este mes<\/strong><\/li>\n<\/ol>\n<p>Promocione los libros latinos y sus autores organizando su propio evento, ya sea virtualmente o en la vida real. Comun\u00edquese con escritores y autores locales de esta comunidad para organizar lecturas biling\u00fces, planificar actividades especiales de concientizaci\u00f3n o simplemente publicar sobre este mes (y los libros que est\u00e1 leyendo) en sus redes sociales.<\/p>\n<p>Source: <a href=\"https:\/\/nationaltoday.com\/latino-books-month\/\">https:\/\/nationaltoday.com\/latino-books-month\/<\/a>[\/vc_column_text][vc_empty_space height=\u00bb40px\u00bb][\/vc_column][\/vc_row][vc_row][vc_column][vc_column_text]<\/p>\n<h2><strong>D\u00eda Internacional contra la Homofobia, la Transfobia y la Bifobia<\/strong><\/h2>\n<p>[\/vc_column_text][vc_column_text]<em>\u201cEs esencial que creemos espacios seguros para solicitantes de asilo y refugiados LGBTI de forma que no se sientan forzados a ocultar su orientaci\u00f3n sexual o identidad de g\u00e9nero para estar protegidos\u201d [1]<\/em><\/p>\n<p><em>Filippo Grandi Alto Comisionado de la ONU para los Refugiados2019<\/em><\/p>\n<p>El D\u00eda Internacional contra la Homofobia, la Transfobia y la Bifobia, se celebra el 17 de mayo de cada a\u00f1o para denunciar la discriminaci\u00f3n de la cual son objeto todas las personas con preferencias sexuales diferentes a las convencionales como es el caso de los homosexuales, los transexuales, los bisexuales y las lesbianas en todo el mundo.<\/p>\n<p>La Organizaci\u00f3n de las Naciones Unidas (ONU) en el a\u00f1o 2004, proclam\u00f3 el 17 de mayo como el D\u00eda Internacional contra la Homofobia, Transfobia y la Biofobia, en conmemoraci\u00f3n del d\u00eda en que se elimin\u00f3 la homosexualidad de la clasificaci\u00f3n internacional de enfermedades mentales por la Asamblea General de la Organizaci\u00f3n Mundial de la Salud (OMS) 14 a\u00f1os antes (1990).<\/p>\n<p>Muchos pa\u00edses ven hoy la homosexualidad como un mal de la sociedad y en algunos de ellos, condenan duramente a las personas que realizan esta pr\u00e1ctica hasta el punto de tener que ir a prisi\u00f3n e inclusive, hay lugares donde le son arrebatadas sus vidas.<\/p>\n<p>Es indispensable tener en cuenta que, las personas homosexuales, bisexuales, transg\u00e9nero o intersexuales (LGBTTI) son v\u00edctimas de acoso, tortura, detenciones arbitrarias e incluso de asesinato en todo el mundo, a menudo con total impunidad. La homosexualidad sigue siendo un delito o un crimen en m\u00e1s de 70 Estados y se castiga con la pena de muerte en, dentro de poco, 11 de ellos. En algunos pa\u00edses, la homosexualidad y la transexualidad a\u00fan son consideradas enfermedades.<\/p>\n<p>El D\u00eda Internacional de la lucha contra la Homofobia, la Transfobia y la Bifob\u00eda es la expresi\u00f3n de respeto de una sociedad, en la que se acepta la diversidad y se reconocen los derechos de las personas independientemente de su orientaci\u00f3n sexual e identidad de g\u00e9nero, creando un ambiente de respeto hacia las personas LGTTBI.<\/p>\n<p>Durante las \u00faltimas d\u00e9cadas, la justicia y la protecci\u00f3n de las personas LGBTTI han tenido un importante avance en todo el mundo. Por ejemplo, el a\u00f1o 2018, la Corte Suprema de la India declar\u00f3 un\u00e1nimemente la legalidad de todo tipo de relaciones sexuales consentidas entre personas adultas, lo que, de forma efectiva, despenaliz\u00f3 las relaciones sexuales entre personas del mismo sexo. Angola derog\u00f3 la legislaci\u00f3n antihomosexualidad y prohibi\u00f3 la discriminaci\u00f3n basada en la orientaci\u00f3n sexual.<\/p>\n<p><strong>Source:<\/strong> Published by CNDH 2019: <a href=\"https:\/\/www.cndh.org.mx\/noticia\/dia-internacional-contra-la-homofobia-la-transfobia-y-la-bifobia\">https:\/\/www.cndh.org.mx\/noticia\/dia-internacional-contra-la-homofobia-la-transfobia-y-la-bifobia<\/a><\/p>\n<p><strong>\u00bfC\u00f3mo celebrar el D\u00eda Internacional contra la Homofobia, la Transfobia y la Bifobia?<\/strong><\/p>\n<p>Para celebrar este d\u00eda tan importante, todos podemos aportar nuestro peque\u00f1o granito de arena para crear conciencia en la sociedad del respeto que tienen todas las personas con una condici\u00f3n o preferencia diferente al resto de la poblaci\u00f3n y que se consideran heterosexuales.<\/p>\n<p>Aunque en esta ocasi\u00f3n la conmemoraci\u00f3n no se llevar\u00e1 a cabo de forma p\u00fablica debido a la pandemia mundial conocida como coronavirus, si podemos, desde la comodidad de nuestros hogares levantar nuestra voz para reivindicar y hacer valer los derechos de todas las personas de la comunidad LGBT.<\/p>\n<p>A trav\u00e9s de las distintas redes sociales, puedes aportar alguna informaci\u00f3n valiosa, ya sea a trav\u00e9s de alg\u00fan video, imagen o simplemente dando tu opini\u00f3n sobre este interesante tema, sin olvidad a\u00f1adir la etiqueta<\/p>\n<p>#D\u00edaInternacionalcontralaHomofobialatransfobiaylaBifobia<\/p>\n<p><strong>Pel\u00edculas que tratan temas de la homofobia dentro de la sociedad<\/strong><\/p>\n<p>A continuaci\u00f3n encontrar\u00e1s una lista de aquellas producciones cinematogr\u00e1ficas que tratan el tema de la homofobia y que dejan un mensaje aleccionador a la sociedad. Entre las m\u00e1s importantes est\u00e1n:<\/p>\n<p><strong><em><u>Transam\u00e9rica <\/u><\/em><\/strong><\/p>\n<p>Trata la historia de un hombre transexual, que desea cambiar de sexo y para lograrlo tiene que afrontar una serie de vicisitudes de su vida y la cual dej\u00f3 como resultado el nacimiento de un hijo, que no conoc\u00eda.<\/p>\n<p><strong><em><u>Antes de que anochezca<\/u><\/em><\/strong><\/p>\n<p>Relata la historia real vivida del escritor cubano Reinaldo Arenas. En ella se plantea el tema de la bisexualidad entre el protagonista y otro personaje de su mismo g\u00e9nero. Por su trabajo como escritor, se le otorga el Premio de Literatura Nacional, sin embargo sus obras causan problemas y esto provoca que sea exiliado en Nueva York, donde finalmente fallece.<\/p>\n<p><strong><em><u>Boys don&#8217;t cry<\/u><\/em><\/strong><\/p>\n<p>Es un film autobiogr\u00e1fico, donde se cuenta la vida de Teena Brandon, quien desde muy ni\u00f1a fue v\u00edctima de abusos sexuales dentro del n\u00facleo familiar. Una vez llegada a la adolescencia decide llevar la vida de hombre y se cambia el nombre a Brandon Teena y con ello su orientaci\u00f3n sexual, donde comienza a vivir un romance con una mujer y a partir de all\u00ed, su vida cambia para siempre.[\/vc_column_text][vc_empty_space height=\u00bb40px\u00bb][\/vc_column][\/vc_row][vc_row][vc_column][vc_column_text]<\/p>\n<h2>QUE SIGNIFICA LA COMUNICACI\u00d3N SOCIAL Y DESARROLLO DE LA SOCIEDAD EN TIEMPOS DE LA ERA DIGITAL ?<\/h2>\n<p>[\/vc_column_text][vc_column_text]El 10 de\u00a0 Mayo se celebra D\u00eda Mundial de la Comunicaci\u00f3n Social. Esta celebracion fue instituidA por la Iglesia Cat\u00f3lica como una manera de reflexionar sobre la importancia y la influencia de los medios de comunicaci\u00f3n social en el mundo contempor\u00e1neo.<img loading=\"lazy\" decoding=\"async\" class=\" wp-image-20273 alignright\" src=\"https:\/\/www.ccasa.org\/wp-content\/uploads\/2022\/04\/10demayo.png\" alt=\"\" width=\"339\" height=\"214\" \/><\/p>\n<p>Es necesario hablar en este d\u00eda especial del poder y de la responsabilidad que asumen locutores, periodistas y dise\u00f1adores en los medios de comunicaci\u00f3n social. Se invita a reflexionar sobre su rol y conducta \u00e9tica de quienes los impulsan, como l\u00edmite a los desbordes a los que pueden ser pasibles, ante el compromiso social que tienen.<\/p>\n<p>Primero fueron los libros y manuscritos quienes tuvieron este rol masivo de comunicaci\u00f3n en el mundo. Luego en el siglo XVI aparecieron los peri\u00f3dicos, cartas de noticias y otros panfletos informativos. A principios de siglo XX surge el cine y m\u00e1s tarde la radio y la televisi\u00f3n, canales esenciales de difusi\u00f3n.\u00a0 En la actualidad existen otros medios como Internet por ejemplo.<\/p>\n<p>La red ofrece ventajas como la velocidad en la comunicaci\u00f3n, acceso a m\u00faltiples contenidos, difusi\u00f3n de contenidos propios y auge del esp\u00edritu colaborativo. Pero tambi\u00e9n tiene debilidades como, por ejemplo el uso de datos personales con fines desconocidos, est\u00edmulo del sedentarismo, delincuencia digital, publicidad invasiva, spam, noticias falsas, exposici\u00f3n a contenido inapropiado, puede generar adicci\u00f3n y limita la comunicaci\u00f3n cara a cara.<\/p>\n<p>Tal como lo afirman los expertos \u201cla sociedad actual se encuentra inmersa en constantes cambios tecnol\u00f3gicos, donde lo anal\u00f3gico queda cada vez m\u00e1s atr\u00e1s y lo digital se impone, planteando nuevos retos a las personas que se involucran en el proceso de creaci\u00f3n, edici\u00f3n y publicaci\u00f3n de material a trav\u00e9s de las TIC y las redes sociales. Se ha modificado el panorama de las comunicaciones, y con ello los contenidos que nutren a los medios y la informaci\u00f3n. El profesional de las comunicaciones y el ciberusuario son ahora algunos de los intermediarios entre los hechos y la sociedad\u201d (Cebri\u00e1n, 2001).<\/p>\n<p>El D\u00eda de la Comunicaci\u00f3n Social o D\u00eda de los Medios de Comunicaci\u00f3n Social,\u00a0 es una fecha que invita a reflexionar sobre su rol y la conducta \u00e9tica de quienes los impulsan, adem\u00e1s de su compromiso social.<\/p>\n<p>Leer m\u00e1s: <a href=\"https:\/\/www.notimerica.com\/sociedad\/noticia-10-mayo-dia-mundial-medios-comunicacion-social-celebra-hoy-20190510012945.html\">https:\/\/www.notimerica.com\/sociedad\/noticia-10-mayo-dia-mundial-medios-comunicacion-social-celebra-hoy-20190510012945.html<\/a>[\/vc_column_text][vc_video link=\u00bbhttps:\/\/www.youtube.com\/watch?v=VtrBTR67XNQ&amp;t=48s\u00bb title=\u00bbD\u00eda Internacional contra la Homofobia, la Transfobia y la Bifobia\u00bb][vc_empty_space height=\u00bb40px\u00bb][\/vc_column][\/vc_row][vc_row][vc_column][vc_column_text]<\/p>\n<div class=\"wpb_text_column wpb_content_element \">\n<div class=\"wpb_wrapper\">\n<h2><strong>ESTAD\u00cdSTICAS DE FRECUENCIA<\/strong><\/h2>\n<p>&nbsp;<\/p>\n<\/div>\n<\/div>\n<p>[\/vc_column_text][vc_column_text]<\/p>\n<figure id=\"attachment_20276\" aria-describedby=\"caption-attachment-20276\" style=\"width: 333px\" class=\"wp-caption aligncenter\"><img loading=\"lazy\" decoding=\"async\" class=\"wp-image-20276\" src=\"https:\/\/www.ccasa.org\/wp-content\/uploads\/2022\/04\/2018-stats.png\" alt=\"\" width=\"343\" height=\"191\" \/><figcaption id=\"caption-attachment-20276\" class=\"wp-caption-text\">Foto de personas reportadas como desaparecidas o muertas en 2018<\/figcaption><\/figure>\n<p style=\"text-align: center;\"><a href=\"https:\/\/www.hrc.org\/resources\/a-national-epidemic-fatal-anti-transgender-violence-in-america-in-2018\"><strong>https:\/\/www.hrc.org\/resources\/a-national-epidemic-fatal-anti-transgender-violence-in-america-in-2018<\/strong><\/a><\/p>\n<p><em>\u201cEn vida, cada uno de los individuos recordados en este informe hizo todo lo posible para vivir aut\u00e9nticamente como quienes eran. En la muerte, debemos honrar su verdad con valent\u00eda y acci\u00f3n.\u201d <\/em>[\/vc_column_text][vc_column_text]<strong>Reportado por Human Rights Campaign Foundation:<\/strong>[\/vc_column_text][vc_row_inner equal_height=\u00bbyes\u00bb][vc_column_inner width=\u00bb1\/2&#8243;][vc_column_text css=\u00bb.vc_custom_1651162688744{padding-top: 10px !important;padding-right: 10px !important;padding-bottom: 10px !important;padding-left: 10px !important;background-color: #ffffff !important;}\u00bb]Al menos <strong>22 personas transg\u00e9nero<\/strong> han sido asesinadas en los Estados Unidos desde principios <strong>de 2018<\/strong>: el <strong>82 %<\/strong> de ellas eran mujeres de color; el <strong>64 %<\/strong> ten\u00eda menos de 35 a\u00f1os; El <strong>55 %<\/strong> viv\u00eda en el Sur.[\/vc_column_text][\/vc_column_inner][vc_column_inner width=\u00bb1\/2&#8243;][vc_column_text css=\u00bb.vc_custom_1651162704781{padding-top: 10px !important;padding-right: 10px !important;padding-bottom: 10px !important;padding-left: 10px !important;background-color: #ffffff !important;}\u00bb]<strong>En 2019<\/strong>, al menos <strong>27 personas transg\u00e9nero o no conformes con el g\u00e9nero<\/strong> fueron baleadas o asesinadas fatalmente por otros medios violentos. Decimos al menos porque con demasiada frecuencia estas historias no se informan, o se informan mal. A medida que HRC contin\u00faa trabajando por la justicia y la igualdad para las personas transg\u00e9nero y de g\u00e9nero no conforme, lamentamos a aquellos que hemos perdido.[\/vc_column_text][\/vc_column_inner][\/vc_row_inner][vc_row_inner equal_height=\u00bbyes\u00bb][vc_column_inner width=\u00bb1\/2&#8243;][vc_column_text css=\u00bb.vc_custom_1651162730084{padding-top: 10px !important;padding-right: 10px !important;padding-bottom: 10px !important;padding-left: 10px !important;background-color: #ffffff !important;}\u00bb]En <strong>2021<\/strong> al menos <strong>57 personas transg\u00e9nero o no conformes con el g\u00e9nero<\/strong> que han sido baleadas o asesinadas por otros medios violentos. Decimos al menos porque con demasiada frecuencia estas historias no se informan, o se informan incorrectamente. En a\u00f1os anteriores, la mayor\u00eda de estas personas eran mujeres transg\u00e9nero negras y latinas.[\/vc_column_text][\/vc_column_inner][vc_column_inner width=\u00bb1\/2&#8243;][vc_column_text css=\u00bb.vc_custom_1651162716595{padding-top: 10px !important;padding-right: 10px !important;padding-bottom: 10px !important;padding-left: 10px !important;background-color: #ffffff !important;}\u00bb]<strong>En 2020<\/strong>, HRC rastre\u00f3 un n\u00famero r\u00e9cord de incidentes mortales violentos contra personas transg\u00e9nero y personas no conformes con el g\u00e9nero. HRC rastre\u00f3 un total de <strong>44 muertes<\/strong>, marcando 2020 como el a\u00f1o m\u00e1s violento registrado desde que HRC comenz\u00f3 a rastrear estos cr\u00edmenes en 2013.[\/vc_column_text][\/vc_column_inner][\/vc_row_inner][vc_row_inner equal_height=\u00bbyes\u00bb][vc_column_inner][vc_column_text css=\u00bb.vc_custom_1651162778395{padding-top: 10px !important;padding-right: 10px !important;padding-bottom: 10px !important;padding-left: 10px !important;background-color: #ffffff !important;}\u00bb]HRC ha estado rastreando informes de violencia fatal contra personas transg\u00e9nero durante los \u00faltimos a\u00f1os. Se pueden encontrar informes anteriores \u00a02020, 2019, 2018, 2017, 2016, 2015.<\/p>\n<p><strong>Source:<\/strong> <a href=\"https:\/\/www.hrc.org\/resources\/fatal-violence-against-the-transgender-and-gender-non-conforming-community-in-2021\"><strong>https:\/\/www.hrc.org\/resources\/fatal-violence-against-the-transgender-and-gender-non-conforming-community-in-2021<\/strong><\/a><strong>\u00a0 <\/strong>[\/vc_column_text][\/vc_column_inner][\/vc_row_inner][\/vc_column][\/vc_row][vc_row][vc_column][vc_column_text]<\/p>\n<p>[\/vc_column_text][\/vc_column][\/vc_row]<\/p>\n<\/div>","protected":false},"excerpt":{"rendered":"<p>Mayo es un mes lleno de vida y colores, y nos brindan la concientizaci\u00f3n sobre D\u00eda Internacional de los Trabajadores, D\u1f77a de las Madres &#038; la Familia, Mes del Conocimiento sobre la Salud Mental, D\u00eda Mundial de la Diversidad Cultural para el Di\u00e1logo y el Desarrollo entre otras muchas cosas mas! <\/p>\n<p class=\"read-more-container\"><a class=\"button\" href=\"https:\/\/ccasa.org\/es\/sabias-mayo-2022\/\">Lee mas<\/a><\/p>\n","protected":false},"author":1,"featured_media":14324,"comment_status":"closed","ping_status":"closed","sticky":false,"template":"","format":"standard","meta":{"_acf_changed":false,"footnotes":""},"categories":[464],"tags":[473,472,474],"class_list":["post-20269","post","type-post","status-publish","format-standard","has-post-thumbnail","hentry","category-sabias","tag-estadisticas","tag-la-salud","tag-recursos","resize-featured-image"],"acf":[],"yoast_head":"<!-- This site is optimized with the Yoast SEO plugin v27.4 - https:\/\/yoast.com\/product\/yoast-seo-wordpress\/ -->\n<title>Sabias Mayo 2022 - Colorado Coalition Against Sexual Assault<\/title>\n<meta name=\"description\" content=\"CCASA blogs allow Colorado advocates and survivors to share the stories. We use our voices because staying silent isn\u2019t an option.\" \/>\n<meta name=\"robots\" content=\"index, follow, max-snippet:-1, max-image-preview:large, max-video-preview:-1\" \/>\n<link rel=\"canonical\" href=\"https:\/\/ccasa.org\/es\/sabias-mayo-2022\/\" \/>\n<meta property=\"og:locale\" content=\"es_ES\" \/>\n<meta property=\"og:type\" content=\"article\" \/>\n<meta property=\"og:title\" content=\"Sabias Mayo 2022 - Colorado Coalition Against Sexual Assault\" \/>\n<meta property=\"og:description\" content=\"CCASA blogs allow Colorado advocates and survivors to share the stories. We use our voices because staying silent isn\u2019t an option.\" \/>\n<meta property=\"og:url\" content=\"https:\/\/ccasa.org\/es\/sabias-mayo-2022\/\" \/>\n<meta property=\"og:site_name\" content=\"Colorado Coalition Against Sexual Assault\" \/>\n<meta property=\"article:published_time\" content=\"2022-05-01T14:00:48+00:00\" \/>\n<meta property=\"og:image\" content=\"https:\/\/ccasa.org\/wp-content\/uploads\/2021\/01\/default-blog-image-2.jpg\" \/>\n\t<meta property=\"og:image:width\" content=\"845\" \/>\n\t<meta property=\"og:image:height\" content=\"400\" \/>\n\t<meta property=\"og:image:type\" content=\"image\/jpeg\" \/>\n<meta name=\"author\" content=\"SA_C700B@\" \/>\n<meta name=\"twitter:card\" content=\"summary_large_image\" \/>\n<meta name=\"twitter:label1\" content=\"Escrito por\" \/>\n\t<meta name=\"twitter:data1\" content=\"SA_C700B@\" \/>\n\t<meta name=\"twitter:label2\" content=\"Tiempo de lectura\" \/>\n\t<meta name=\"twitter:data2\" content=\"14 minutos\" \/>\n<script type=\"application\/ld+json\" class=\"yoast-schema-graph\">{\"@context\":\"https:\\\/\\\/schema.org\",\"@graph\":[{\"@type\":\"Article\",\"@id\":\"https:\\\/\\\/ccasa.org\\\/es\\\/sabias-mayo-2022\\\/#article\",\"isPartOf\":{\"@id\":\"https:\\\/\\\/ccasa.org\\\/es\\\/sabias-mayo-2022\\\/\"},\"author\":{\"name\":\"SA_C700B@\",\"@id\":\"https:\\\/\\\/ccasa.org\\\/#\\\/schema\\\/person\\\/d92bc0d5839508c265e4b307e4f4aaec\"},\"headline\":\"Sabias Mayo 2022\",\"datePublished\":\"2022-05-01T14:00:48+00:00\",\"mainEntityOfPage\":{\"@id\":\"https:\\\/\\\/ccasa.org\\\/es\\\/sabias-mayo-2022\\\/\"},\"wordCount\":3911,\"publisher\":{\"@id\":\"https:\\\/\\\/ccasa.org\\\/#organization\"},\"image\":{\"@id\":\"https:\\\/\\\/ccasa.org\\\/es\\\/sabias-mayo-2022\\\/#primaryimage\"},\"thumbnailUrl\":\"https:\\\/\\\/ccasa.org\\\/wp-content\\\/uploads\\\/2021\\\/01\\\/default-blog-image-2.jpg\",\"keywords\":[\"estad\u00edsticas\",\"la salud\",\"recursos\"],\"articleSection\":[\"Sabias\"],\"inLanguage\":\"es\"},{\"@type\":\"WebPage\",\"@id\":\"https:\\\/\\\/ccasa.org\\\/es\\\/sabias-mayo-2022\\\/\",\"url\":\"https:\\\/\\\/ccasa.org\\\/es\\\/sabias-mayo-2022\\\/\",\"name\":\"Sabias Mayo 2022 - Colorado Coalition Against Sexual Assault\",\"isPartOf\":{\"@id\":\"https:\\\/\\\/ccasa.org\\\/#website\"},\"primaryImageOfPage\":{\"@id\":\"https:\\\/\\\/ccasa.org\\\/es\\\/sabias-mayo-2022\\\/#primaryimage\"},\"image\":{\"@id\":\"https:\\\/\\\/ccasa.org\\\/es\\\/sabias-mayo-2022\\\/#primaryimage\"},\"thumbnailUrl\":\"https:\\\/\\\/ccasa.org\\\/wp-content\\\/uploads\\\/2021\\\/01\\\/default-blog-image-2.jpg\",\"datePublished\":\"2022-05-01T14:00:48+00:00\",\"description\":\"CCASA blogs allow Colorado advocates and survivors to share the stories. We use our voices because staying silent isn\u2019t an option.\",\"breadcrumb\":{\"@id\":\"https:\\\/\\\/ccasa.org\\\/es\\\/sabias-mayo-2022\\\/#breadcrumb\"},\"inLanguage\":\"es\",\"potentialAction\":[{\"@type\":\"ReadAction\",\"target\":[\"https:\\\/\\\/ccasa.org\\\/es\\\/sabias-mayo-2022\\\/\"]}]},{\"@type\":\"ImageObject\",\"inLanguage\":\"es\",\"@id\":\"https:\\\/\\\/ccasa.org\\\/es\\\/sabias-mayo-2022\\\/#primaryimage\",\"url\":\"https:\\\/\\\/ccasa.org\\\/wp-content\\\/uploads\\\/2021\\\/01\\\/default-blog-image-2.jpg\",\"contentUrl\":\"https:\\\/\\\/ccasa.org\\\/wp-content\\\/uploads\\\/2021\\\/01\\\/default-blog-image-2.jpg\",\"width\":845,\"height\":400,\"caption\":\"CCASA Logo\"},{\"@type\":\"BreadcrumbList\",\"@id\":\"https:\\\/\\\/ccasa.org\\\/es\\\/sabias-mayo-2022\\\/#breadcrumb\",\"itemListElement\":[{\"@type\":\"ListItem\",\"position\":1,\"name\":\"Home\",\"item\":\"https:\\\/\\\/ccasa.org\\\/es\\\/\"},{\"@type\":\"ListItem\",\"position\":2,\"name\":\"Sabias Mayo 2022\"}]},{\"@type\":\"WebSite\",\"@id\":\"https:\\\/\\\/ccasa.org\\\/#website\",\"url\":\"https:\\\/\\\/ccasa.org\\\/\",\"name\":\"Colorado Coalition Against Sexual Assault\",\"description\":\"\",\"publisher\":{\"@id\":\"https:\\\/\\\/ccasa.org\\\/#organization\"},\"potentialAction\":[{\"@type\":\"SearchAction\",\"target\":{\"@type\":\"EntryPoint\",\"urlTemplate\":\"https:\\\/\\\/ccasa.org\\\/?s={search_term_string}\"},\"query-input\":{\"@type\":\"PropertyValueSpecification\",\"valueRequired\":true,\"valueName\":\"search_term_string\"}}],\"inLanguage\":\"es\"},{\"@type\":\"Organization\",\"@id\":\"https:\\\/\\\/ccasa.org\\\/#organization\",\"name\":\"Colorado Coalition Against Sexual Assault (CCASA)\",\"url\":\"https:\\\/\\\/ccasa.org\\\/\",\"logo\":{\"@type\":\"ImageObject\",\"inLanguage\":\"es\",\"@id\":\"https:\\\/\\\/ccasa.org\\\/#\\\/schema\\\/logo\\\/image\\\/\",\"url\":\"https:\\\/\\\/www.ccasa.org\\\/wp-content\\\/uploads\\\/2018\\\/05\\\/ccasa-logo-large_png.png\",\"contentUrl\":\"https:\\\/\\\/www.ccasa.org\\\/wp-content\\\/uploads\\\/2018\\\/05\\\/ccasa-logo-large_png.png\",\"width\":1920,\"height\":1080,\"caption\":\"Colorado Coalition Against Sexual Assault (CCASA)\"},\"image\":{\"@id\":\"https:\\\/\\\/ccasa.org\\\/#\\\/schema\\\/logo\\\/image\\\/\"}},{\"@type\":\"Person\",\"@id\":\"https:\\\/\\\/ccasa.org\\\/#\\\/schema\\\/person\\\/d92bc0d5839508c265e4b307e4f4aaec\",\"name\":\"SA_C700B@\",\"image\":{\"@type\":\"ImageObject\",\"inLanguage\":\"es\",\"@id\":\"https:\\\/\\\/secure.gravatar.com\\\/avatar\\\/423b7f0d80a574fe0c3b869e5c731a49cc367a0df8f4acc7eb2153ff609e084d?s=96&d=mm&r=g\",\"url\":\"https:\\\/\\\/secure.gravatar.com\\\/avatar\\\/423b7f0d80a574fe0c3b869e5c731a49cc367a0df8f4acc7eb2153ff609e084d?s=96&d=mm&r=g\",\"contentUrl\":\"https:\\\/\\\/secure.gravatar.com\\\/avatar\\\/423b7f0d80a574fe0c3b869e5c731a49cc367a0df8f4acc7eb2153ff609e084d?s=96&d=mm&r=g\",\"caption\":\"SA_C700B@\"},\"url\":\"https:\\\/\\\/ccasa.org\\\/es\\\/author\\\/ccasa\\\/\"}]}<\/script>\n<!-- \/ Yoast SEO plugin. -->","yoast_head_json":{"title":"Sabias Mayo 2022 - Colorado Coalition Against Sexual Assault","description":"CCASA blogs allow Colorado advocates and survivors to share the stories. We use our voices because staying silent isn\u2019t an option.","robots":{"index":"index","follow":"follow","max-snippet":"max-snippet:-1","max-image-preview":"max-image-preview:large","max-video-preview":"max-video-preview:-1"},"canonical":"https:\/\/ccasa.org\/es\/sabias-mayo-2022\/","og_locale":"es_ES","og_type":"article","og_title":"Sabias Mayo 2022 - Colorado Coalition Against Sexual Assault","og_description":"CCASA blogs allow Colorado advocates and survivors to share the stories. We use our voices because staying silent isn\u2019t an option.","og_url":"https:\/\/ccasa.org\/es\/sabias-mayo-2022\/","og_site_name":"Colorado Coalition Against Sexual Assault","article_published_time":"2022-05-01T14:00:48+00:00","og_image":[{"width":845,"height":400,"url":"https:\/\/ccasa.org\/wp-content\/uploads\/2021\/01\/default-blog-image-2.jpg","type":"image\/jpeg"}],"author":"SA_C700B@","twitter_card":"summary_large_image","twitter_misc":{"Escrito por":"SA_C700B@","Tiempo de lectura":"14 minutos"},"schema":{"@context":"https:\/\/schema.org","@graph":[{"@type":"Article","@id":"https:\/\/ccasa.org\/es\/sabias-mayo-2022\/#article","isPartOf":{"@id":"https:\/\/ccasa.org\/es\/sabias-mayo-2022\/"},"author":{"name":"SA_C700B@","@id":"https:\/\/ccasa.org\/#\/schema\/person\/d92bc0d5839508c265e4b307e4f4aaec"},"headline":"Sabias Mayo 2022","datePublished":"2022-05-01T14:00:48+00:00","mainEntityOfPage":{"@id":"https:\/\/ccasa.org\/es\/sabias-mayo-2022\/"},"wordCount":3911,"publisher":{"@id":"https:\/\/ccasa.org\/#organization"},"image":{"@id":"https:\/\/ccasa.org\/es\/sabias-mayo-2022\/#primaryimage"},"thumbnailUrl":"https:\/\/ccasa.org\/wp-content\/uploads\/2021\/01\/default-blog-image-2.jpg","keywords":["estad\u00edsticas","la salud","recursos"],"articleSection":["Sabias"],"inLanguage":"es"},{"@type":"WebPage","@id":"https:\/\/ccasa.org\/es\/sabias-mayo-2022\/","url":"https:\/\/ccasa.org\/es\/sabias-mayo-2022\/","name":"Sabias Mayo 2022 - Colorado Coalition Against Sexual Assault","isPartOf":{"@id":"https:\/\/ccasa.org\/#website"},"primaryImageOfPage":{"@id":"https:\/\/ccasa.org\/es\/sabias-mayo-2022\/#primaryimage"},"image":{"@id":"https:\/\/ccasa.org\/es\/sabias-mayo-2022\/#primaryimage"},"thumbnailUrl":"https:\/\/ccasa.org\/wp-content\/uploads\/2021\/01\/default-blog-image-2.jpg","datePublished":"2022-05-01T14:00:48+00:00","description":"CCASA blogs allow Colorado advocates and survivors to share the stories. We use our voices because staying silent isn\u2019t an option.","breadcrumb":{"@id":"https:\/\/ccasa.org\/es\/sabias-mayo-2022\/#breadcrumb"},"inLanguage":"es","potentialAction":[{"@type":"ReadAction","target":["https:\/\/ccasa.org\/es\/sabias-mayo-2022\/"]}]},{"@type":"ImageObject","inLanguage":"es","@id":"https:\/\/ccasa.org\/es\/sabias-mayo-2022\/#primaryimage","url":"https:\/\/ccasa.org\/wp-content\/uploads\/2021\/01\/default-blog-image-2.jpg","contentUrl":"https:\/\/ccasa.org\/wp-content\/uploads\/2021\/01\/default-blog-image-2.jpg","width":845,"height":400,"caption":"CCASA Logo"},{"@type":"BreadcrumbList","@id":"https:\/\/ccasa.org\/es\/sabias-mayo-2022\/#breadcrumb","itemListElement":[{"@type":"ListItem","position":1,"name":"Home","item":"https:\/\/ccasa.org\/es\/"},{"@type":"ListItem","position":2,"name":"Sabias Mayo 2022"}]},{"@type":"WebSite","@id":"https:\/\/ccasa.org\/#website","url":"https:\/\/ccasa.org\/","name":"Colorado Coalition Against Sexual Assault","description":"","publisher":{"@id":"https:\/\/ccasa.org\/#organization"},"potentialAction":[{"@type":"SearchAction","target":{"@type":"EntryPoint","urlTemplate":"https:\/\/ccasa.org\/?s={search_term_string}"},"query-input":{"@type":"PropertyValueSpecification","valueRequired":true,"valueName":"search_term_string"}}],"inLanguage":"es"},{"@type":"Organization","@id":"https:\/\/ccasa.org\/#organization","name":"Colorado Coalition Against Sexual Assault (CCASA)","url":"https:\/\/ccasa.org\/","logo":{"@type":"ImageObject","inLanguage":"es","@id":"https:\/\/ccasa.org\/#\/schema\/logo\/image\/","url":"https:\/\/www.ccasa.org\/wp-content\/uploads\/2018\/05\/ccasa-logo-large_png.png","contentUrl":"https:\/\/www.ccasa.org\/wp-content\/uploads\/2018\/05\/ccasa-logo-large_png.png","width":1920,"height":1080,"caption":"Colorado Coalition Against Sexual Assault (CCASA)"},"image":{"@id":"https:\/\/ccasa.org\/#\/schema\/logo\/image\/"}},{"@type":"Person","@id":"https:\/\/ccasa.org\/#\/schema\/person\/d92bc0d5839508c265e4b307e4f4aaec","name":"SA_C700B@","image":{"@type":"ImageObject","inLanguage":"es","@id":"https:\/\/secure.gravatar.com\/avatar\/423b7f0d80a574fe0c3b869e5c731a49cc367a0df8f4acc7eb2153ff609e084d?s=96&d=mm&r=g","url":"https:\/\/secure.gravatar.com\/avatar\/423b7f0d80a574fe0c3b869e5c731a49cc367a0df8f4acc7eb2153ff609e084d?s=96&d=mm&r=g","contentUrl":"https:\/\/secure.gravatar.com\/avatar\/423b7f0d80a574fe0c3b869e5c731a49cc367a0df8f4acc7eb2153ff609e084d?s=96&d=mm&r=g","caption":"SA_C700B@"},"url":"https:\/\/ccasa.org\/es\/author\/ccasa\/"}]}},"_links":{"self":[{"href":"https:\/\/ccasa.org\/es\/wp-json\/wp\/v2\/posts\/20269","targetHints":{"allow":["GET"]}}],"collection":[{"href":"https:\/\/ccasa.org\/es\/wp-json\/wp\/v2\/posts"}],"about":[{"href":"https:\/\/ccasa.org\/es\/wp-json\/wp\/v2\/types\/post"}],"author":[{"embeddable":true,"href":"https:\/\/ccasa.org\/es\/wp-json\/wp\/v2\/users\/1"}],"replies":[{"embeddable":true,"href":"https:\/\/ccasa.org\/es\/wp-json\/wp\/v2\/comments?post=20269"}],"version-history":[{"count":0,"href":"https:\/\/ccasa.org\/es\/wp-json\/wp\/v2\/posts\/20269\/revisions"}],"wp:featuredmedia":[{"embeddable":true,"href":"https:\/\/ccasa.org\/es\/wp-json\/wp\/v2\/media\/14324"}],"wp:attachment":[{"href":"https:\/\/ccasa.org\/es\/wp-json\/wp\/v2\/media?parent=20269"}],"wp:term":[{"taxonomy":"category","embeddable":true,"href":"https:\/\/ccasa.org\/es\/wp-json\/wp\/v2\/categories?post=20269"},{"taxonomy":"post_tag","embeddable":true,"href":"https:\/\/ccasa.org\/es\/wp-json\/wp\/v2\/tags?post=20269"}],"curies":[{"name":"wp","href":"https:\/\/api.w.org\/{rel}","templated":true}]}}