{"id":18501,"date":"2021-03-01T08:00:10","date_gmt":"2021-03-01T15:00:10","guid":{"rendered":"https:\/\/www.ccasa.org\/?p=18501"},"modified":"2021-02-26T14:10:33","modified_gmt":"2021-02-26T21:10:33","slug":"mes-nacional-de-la-historia-de-la-mujer","status":"publish","type":"post","link":"https:\/\/ccasa.org\/es\/mes-nacional-de-la-historia-de-la-mujer\/","title":{"rendered":"Mes Nacional de la Historia de la Mujer"},"content":{"rendered":"<div class=\"wpb-content-wrapper\"><p>[vc_row css=\u00bb.vc_custom_1612968358632{margin-top: 70px !important;}\u00bb][vc_column][vc_column_text]<\/p>\n<h1>Mes Nacional de la Historia de la Mujer<\/h1>\n<p>[\/vc_column_text][vc_video link=\u00bbhttps:\/\/www.youtube.com\/watch?v=zZwoKy-XrdE\u00bb el_width=\u00bb60&#8243; align=\u00bbcenter\u00bb][vc_column_text]\u00bfOrigen del mes nacional de la Historia de la mujer?<\/p>\n<p>Mes Nacional de la Historia de la Mujer \u2013 comienza en la d\u00e9cada de 1970, como un esfuerzo educativo basado en la falta completa del tema \u201cla historia de la mujer\u201d en los planes de estudio de las escuelas.<\/p>\n<p>Este esfuerzo fue\u00a0 abordado por el Grupo de Trabajo sobre Educaci\u00f3n sobre la Condici\u00f3n de la Mujer de la Comisi\u00f3n del Condado de Sonoma (California) inici\u00f3 en 1978 y comenso como una peque\u00f1a\u00a0 celebraci\u00f3n\u00a0 <em>\u201cSemana de la Historia de la Mujer\u201d.<\/em><\/p>\n<p>El \u00e9xito de la celebraci\u00f3n de la \u201cSemana de la Historia de la Mujer\u201d del condado de Sonoma se expande a otras comunidades y distritos escolares. En Febrero de 1980 el presidente Carter emiti\u00f3 la primera proclama presidencial que establec\u00eda la semana del 8 de Marzo de 1980 como la \u201cSemana Nacional de la Historia de la Mujer\u201d.<\/p>\n<p>En 1986, 14 estados ya hab\u00edan declarado Marzo como el \u201cMes de la Historia de la Mujer\u201d. En 1987, el Congreso declar\u00f3 el mes de Marzo como el Mes Nacional de la Historia de la Mujer en forma permanente. Esta celebracion sirve como reconocimineto \u00a0de las numerosas y diversas contribuciones que han hecho las mujeres a la historia y cultura de Estados Unidos.<\/p>\n<p><strong><em>Mensaje presidencial de 1980<\/em><\/strong><\/p>\n<p>Mensaje del Presidente Jimmy Carter dirigido a la naci\u00f3n, que establece la fecha del 2 al 8 de Marzo como la \u201cSemana Nacional de la Historia de la Mujer\u201d.<\/p>\n<p>\u201cDesde los primeros colonos que vinieron a estas costas, desde las primeras familias de abor\u00edgenes americanos que entablaron amistad con ellos, hombres y mujeres trabajaron juntos para construir esta naci\u00f3n. Con demasiada frecuencia, las mujeres no recibieron reconocimiento y a veces sus aportes pasaron desapercibidos. Pero los logros, el liderazgo, el coraje, la fortaleza y el amor de las mujeres que construyeron Estados Unidos fue tan vital como el de los hombres cuyos nombres conocemos tan bien\u201d.<\/p>\n<p><em>\u00a0<strong>Esta informacion esta basada en el articulo escrito por: Molly Murphy MacGregor, directora ejecutiva y cofundadora del Proyecto Nacional de Historia de la Mujer<\/strong><\/em><strong>.<\/strong> <a href=\"https:\/\/ar.usembassy.gov\/es\/education-culture-es\/irc\/feriados-celebraciones-en-estados-unidos\/mes-nacional-de-la-historia-de-la-mujer\/\">https:\/\/ar.usembassy.gov\/es\/education-culture-es\/irc\/feriados-celebraciones-en-estados-unidos\/mes-nacional-de-la-historia-de-la-mujer\/<\/a>[\/vc_column_text][\/vc_column][\/vc_row][vc_row css=\u00bb.vc_custom_1612968056872{margin-top: 32px !important;}\u00bb][vc_column][vc_column_text]<\/p>\n<h2><strong>D\u00eda Internacional de la Mujer, 8 de Marzo 2021<\/strong><\/h2>\n<p>[\/vc_column_text][vc_column_text]<strong>Mujeres l\u00edderes: Por un futuro igualitario en el mundo de la Covid-19<img loading=\"lazy\" decoding=\"async\" class=\" wp-image-18505 alignright\" src=\"https:\/\/www.ccasa.org\/wp-content\/uploads\/2021\/02\/March-8-Woman-International.png\" alt=\"Marc 8 Woman International Days\" width=\"302\" height=\"207\" \/><\/strong><\/p>\n<p><strong>ONU Mujeres anuncia el tema para el D\u00eda Internacional de la Mujer, el 8 de marzo de 2021, que ser\u00e1 \u201cMujeres l\u00edderes:Por un futuro igualitario en el mundo de la Covid-19\u201d.\u00a0 <\/strong><\/p>\n<p><a href=\"https:\/\/www.unwomen.org\/es\/news\/stories\/2020\/11\/announcer-international-womens-day-2021\"><strong>https:\/\/www.unwomen.org\/es\/news\/stories\/2020\/11\/announcer-international-womens-day-2021<\/strong><\/a><\/p>\n<p>El tema celebra los enormes esfuerzos que realizan mujeres y ni\u00f1as en todo el mundo para forjar un futuro m\u00e1s igualitario y recuperarse de la pandemia de la Covid-19.<\/p>\n<p>El tema de esta campa\u00f1a se enfoca en las sigueintes prioridades:<\/p>\n<p>La participaci\u00f3n de las mujeres y la adopci\u00f3n de decisiones por ellas de forma plena y efectiva en la vida p\u00fablica, as\u00ed como la eliminaci\u00f3n de la violencia, para lograr la igualdad entre los g\u00e9neros y el empoderamiento de todas las mujeres y las ni\u00f1as, la distribuci\u00f3n equitativa de los cuidados y el trabajo dom\u00e9stico no remunerados, servicios de atenci\u00f3n medica que den respuesta a sus necesidades.<\/p>\n<p>La campa\u00f1a presenta las contribuciones de la mujer<\/p>\n<ul>\n<li>Las mujeres se encuentran en la primera l\u00ednea de la crisis de la Covid-19 como trabajadoras de la salud, cuidadoras, innovadoras y organizadoras comunitarias.<\/li>\n<li>Las mujeres l\u00edderes han demostrado sus habilidades, conocimientos y redes para liderar eficazmente los esfuerzos de respuesta y recuperaci\u00f3n ante la Covid-19.<\/li>\n<li>A ra\u00edz de la pandemia de la Covid-19, ciertos obst\u00e1culos de car\u00e1cter social y sist\u00e9mico que persist\u00edan antes, ahora han aumentado como lo es la violencia dom\u00e9stica, tareas de cuidados no remunerados, el desempleo y a la pobreza; estos obst\u00e1culos frenan la participaci\u00f3n y el liderazgo de las mujeres.<\/li>\n<\/ul>\n<p>Para defender los derechos de las mujeres y aprovechar plenamente el potencial de su liderazgo en la preparaci\u00f3n y respuesta ante una pandemia, se deben integrar las perspectivas de las mujeres y ni\u00f1as en toda su diversidad en la formulaci\u00f3n y aplicaci\u00f3n de pol\u00edticas y programas en todas las esferas y en todas las etapas de la respuesta y la recuperaci\u00f3n ante una pandemia.[\/vc_column_text][vc_video link=\u00bbhttps:\/\/www.youtube.com\/watch?v=Rq8xsc1mbgI\u00bb el_width=\u00bb60&#8243; align=\u00bbcenter\u00bb][vc_empty_space height=\u00bb40px\u00bb][\/vc_column][\/vc_row][vc_row][vc_column][vc_column_text]<\/p>\n<h2><strong>Estad\u00edsticas de Frecuencia<\/strong><strong><br \/>\n<\/strong><\/h2>\n<p>[\/vc_column_text][vc_column_text]<\/p>\n<h4><strong>Mujeres parlamentarias en todo el mundo:<\/strong><\/h4>\n<p>[\/vc_column_text][vc_single_image image=\u00bb18507&#8243; img_size=\u00bbfull\u00bb alignment=\u00bbcenter\u00bb][vc_column_text]<\/p>\n<h4><strong>Mujeres con cargos de directoras en la lista Fortune 500:<\/strong><\/h4>\n<p>[\/vc_column_text][vc_single_image image=\u00bb18509&#8243; img_size=\u00bbfull\u00bb alignment=\u00bbcenter\u00bb][vc_column_text]<\/p>\n<h4><strong>Brecha salarial de genero en el deporte<\/strong><\/h4>\n<p>[\/vc_column_text][vc_single_image image=\u00bb18511&#8243; img_size=\u00bbfull\u00bb alignment=\u00bbcenter\u00bb][vc_column_text]<strong>Visualizar los datos: La representaci\u00f3n de las mujeres en la Sociedad ( <a href=\"https:\/\/www.unwomen.org\/es\/digital-library\/multimedia\/2020\/2\/infographic-visualizing-the-data-womens-representation\" target=\"_blank\" rel=\"noopener\">ONU Mujeres<\/a> \/<\/strong> <strong>Fecha : 25 febrero 2020 ) <\/strong>[\/vc_column_text][\/vc_column][\/vc_row]<\/p>\n<\/div>","protected":false},"excerpt":{"rendered":"<p>Celebramos  los enormes esfuerzos que realizan mujeres y ni\u00f1as en todo el mundo para forjar un futuro m\u00e1s igualitario! <\/p>\n<p class=\"read-more-container\"><a class=\"button\" href=\"https:\/\/ccasa.org\/es\/mes-nacional-de-la-historia-de-la-mujer\/\">Lee mas<\/a><\/p>\n","protected":false},"author":1,"featured_media":14324,"comment_status":"closed","ping_status":"closed","sticky":false,"template":"","format":"standard","meta":{"_acf_changed":false,"footnotes":""},"categories":[464],"tags":[475,473,472,474],"class_list":["post-18501","post","type-post","status-publish","format-standard","has-post-thumbnail","hentry","category-sabias","tag-covid-19","tag-estadisticas","tag-la-salud","tag-recursos","resize-featured-image"],"acf":[],"yoast_head":"<!-- This site is optimized with the Yoast SEO plugin v27.4 - https:\/\/yoast.com\/product\/yoast-seo-wordpress\/ -->\n<title>Mes Nacional de la Historia de la Mujer - Colorado Coalition Against Sexual Assault<\/title>\n<meta name=\"description\" content=\"CCASA blogs allow Colorado advocates and survivors to share the stories. We use our voices because staying silent isn\u2019t an option.\" \/>\n<meta name=\"robots\" content=\"index, follow, max-snippet:-1, max-image-preview:large, max-video-preview:-1\" \/>\n<link rel=\"canonical\" href=\"https:\/\/ccasa.org\/es\/mes-nacional-de-la-historia-de-la-mujer\/\" \/>\n<meta property=\"og:locale\" content=\"es_ES\" \/>\n<meta property=\"og:type\" content=\"article\" \/>\n<meta property=\"og:title\" content=\"Mes Nacional de la Historia de la Mujer - Colorado Coalition Against Sexual Assault\" \/>\n<meta property=\"og:description\" content=\"CCASA blogs allow Colorado advocates and survivors to share the stories. We use our voices because staying silent isn\u2019t an option.\" \/>\n<meta property=\"og:url\" content=\"https:\/\/ccasa.org\/es\/mes-nacional-de-la-historia-de-la-mujer\/\" \/>\n<meta property=\"og:site_name\" content=\"Colorado Coalition Against Sexual Assault\" \/>\n<meta property=\"article:published_time\" content=\"2021-03-01T15:00:10+00:00\" \/>\n<meta property=\"og:image\" content=\"https:\/\/ccasa.org\/wp-content\/uploads\/2021\/01\/default-blog-image-2.jpg\" \/>\n\t<meta property=\"og:image:width\" content=\"845\" \/>\n\t<meta property=\"og:image:height\" content=\"400\" \/>\n\t<meta property=\"og:image:type\" content=\"image\/jpeg\" \/>\n<meta name=\"author\" content=\"SA_C700B@\" \/>\n<meta name=\"twitter:card\" content=\"summary_large_image\" \/>\n<meta name=\"twitter:label1\" content=\"Escrito por\" \/>\n\t<meta name=\"twitter:data1\" content=\"SA_C700B@\" \/>\n\t<meta name=\"twitter:label2\" content=\"Tiempo de lectura\" \/>\n\t<meta name=\"twitter:data2\" content=\"4 minutos\" \/>\n<script type=\"application\/ld+json\" class=\"yoast-schema-graph\">{\"@context\":\"https:\\\/\\\/schema.org\",\"@graph\":[{\"@type\":\"Article\",\"@id\":\"https:\\\/\\\/ccasa.org\\\/es\\\/mes-nacional-de-la-historia-de-la-mujer\\\/#article\",\"isPartOf\":{\"@id\":\"https:\\\/\\\/ccasa.org\\\/es\\\/mes-nacional-de-la-historia-de-la-mujer\\\/\"},\"author\":{\"name\":\"SA_C700B@\",\"@id\":\"https:\\\/\\\/ccasa.org\\\/#\\\/schema\\\/person\\\/d92bc0d5839508c265e4b307e4f4aaec\"},\"headline\":\"Mes Nacional de la Historia de la Mujer\",\"datePublished\":\"2021-03-01T15:00:10+00:00\",\"mainEntityOfPage\":{\"@id\":\"https:\\\/\\\/ccasa.org\\\/es\\\/mes-nacional-de-la-historia-de-la-mujer\\\/\"},\"wordCount\":929,\"publisher\":{\"@id\":\"https:\\\/\\\/ccasa.org\\\/#organization\"},\"image\":{\"@id\":\"https:\\\/\\\/ccasa.org\\\/es\\\/mes-nacional-de-la-historia-de-la-mujer\\\/#primaryimage\"},\"thumbnailUrl\":\"https:\\\/\\\/ccasa.org\\\/wp-content\\\/uploads\\\/2021\\\/01\\\/default-blog-image-2.jpg\",\"keywords\":[\"COVID-19\",\"estad\u00edsticas\",\"la salud\",\"recursos\"],\"articleSection\":[\"Sabias\"],\"inLanguage\":\"es\"},{\"@type\":\"WebPage\",\"@id\":\"https:\\\/\\\/ccasa.org\\\/es\\\/mes-nacional-de-la-historia-de-la-mujer\\\/\",\"url\":\"https:\\\/\\\/ccasa.org\\\/es\\\/mes-nacional-de-la-historia-de-la-mujer\\\/\",\"name\":\"Mes Nacional de la Historia de la Mujer - Colorado Coalition Against Sexual Assault\",\"isPartOf\":{\"@id\":\"https:\\\/\\\/ccasa.org\\\/#website\"},\"primaryImageOfPage\":{\"@id\":\"https:\\\/\\\/ccasa.org\\\/es\\\/mes-nacional-de-la-historia-de-la-mujer\\\/#primaryimage\"},\"image\":{\"@id\":\"https:\\\/\\\/ccasa.org\\\/es\\\/mes-nacional-de-la-historia-de-la-mujer\\\/#primaryimage\"},\"thumbnailUrl\":\"https:\\\/\\\/ccasa.org\\\/wp-content\\\/uploads\\\/2021\\\/01\\\/default-blog-image-2.jpg\",\"datePublished\":\"2021-03-01T15:00:10+00:00\",\"description\":\"CCASA blogs allow Colorado advocates and survivors to share the stories. We use our voices because staying silent isn\u2019t an option.\",\"breadcrumb\":{\"@id\":\"https:\\\/\\\/ccasa.org\\\/es\\\/mes-nacional-de-la-historia-de-la-mujer\\\/#breadcrumb\"},\"inLanguage\":\"es\",\"potentialAction\":[{\"@type\":\"ReadAction\",\"target\":[\"https:\\\/\\\/ccasa.org\\\/es\\\/mes-nacional-de-la-historia-de-la-mujer\\\/\"]}]},{\"@type\":\"ImageObject\",\"inLanguage\":\"es\",\"@id\":\"https:\\\/\\\/ccasa.org\\\/es\\\/mes-nacional-de-la-historia-de-la-mujer\\\/#primaryimage\",\"url\":\"https:\\\/\\\/ccasa.org\\\/wp-content\\\/uploads\\\/2021\\\/01\\\/default-blog-image-2.jpg\",\"contentUrl\":\"https:\\\/\\\/ccasa.org\\\/wp-content\\\/uploads\\\/2021\\\/01\\\/default-blog-image-2.jpg\",\"width\":845,\"height\":400,\"caption\":\"CCASA Logo\"},{\"@type\":\"BreadcrumbList\",\"@id\":\"https:\\\/\\\/ccasa.org\\\/es\\\/mes-nacional-de-la-historia-de-la-mujer\\\/#breadcrumb\",\"itemListElement\":[{\"@type\":\"ListItem\",\"position\":1,\"name\":\"Home\",\"item\":\"https:\\\/\\\/ccasa.org\\\/es\\\/\"},{\"@type\":\"ListItem\",\"position\":2,\"name\":\"Mes Nacional de la Historia de la Mujer\"}]},{\"@type\":\"WebSite\",\"@id\":\"https:\\\/\\\/ccasa.org\\\/#website\",\"url\":\"https:\\\/\\\/ccasa.org\\\/\",\"name\":\"Colorado Coalition Against Sexual Assault\",\"description\":\"\",\"publisher\":{\"@id\":\"https:\\\/\\\/ccasa.org\\\/#organization\"},\"potentialAction\":[{\"@type\":\"SearchAction\",\"target\":{\"@type\":\"EntryPoint\",\"urlTemplate\":\"https:\\\/\\\/ccasa.org\\\/?s={search_term_string}\"},\"query-input\":{\"@type\":\"PropertyValueSpecification\",\"valueRequired\":true,\"valueName\":\"search_term_string\"}}],\"inLanguage\":\"es\"},{\"@type\":\"Organization\",\"@id\":\"https:\\\/\\\/ccasa.org\\\/#organization\",\"name\":\"Colorado Coalition Against Sexual Assault (CCASA)\",\"url\":\"https:\\\/\\\/ccasa.org\\\/\",\"logo\":{\"@type\":\"ImageObject\",\"inLanguage\":\"es\",\"@id\":\"https:\\\/\\\/ccasa.org\\\/#\\\/schema\\\/logo\\\/image\\\/\",\"url\":\"https:\\\/\\\/www.ccasa.org\\\/wp-content\\\/uploads\\\/2018\\\/05\\\/ccasa-logo-large_png.png\",\"contentUrl\":\"https:\\\/\\\/www.ccasa.org\\\/wp-content\\\/uploads\\\/2018\\\/05\\\/ccasa-logo-large_png.png\",\"width\":1920,\"height\":1080,\"caption\":\"Colorado Coalition Against Sexual Assault (CCASA)\"},\"image\":{\"@id\":\"https:\\\/\\\/ccasa.org\\\/#\\\/schema\\\/logo\\\/image\\\/\"}},{\"@type\":\"Person\",\"@id\":\"https:\\\/\\\/ccasa.org\\\/#\\\/schema\\\/person\\\/d92bc0d5839508c265e4b307e4f4aaec\",\"name\":\"SA_C700B@\",\"image\":{\"@type\":\"ImageObject\",\"inLanguage\":\"es\",\"@id\":\"https:\\\/\\\/secure.gravatar.com\\\/avatar\\\/423b7f0d80a574fe0c3b869e5c731a49cc367a0df8f4acc7eb2153ff609e084d?s=96&d=mm&r=g\",\"url\":\"https:\\\/\\\/secure.gravatar.com\\\/avatar\\\/423b7f0d80a574fe0c3b869e5c731a49cc367a0df8f4acc7eb2153ff609e084d?s=96&d=mm&r=g\",\"contentUrl\":\"https:\\\/\\\/secure.gravatar.com\\\/avatar\\\/423b7f0d80a574fe0c3b869e5c731a49cc367a0df8f4acc7eb2153ff609e084d?s=96&d=mm&r=g\",\"caption\":\"SA_C700B@\"},\"url\":\"https:\\\/\\\/ccasa.org\\\/es\\\/author\\\/ccasa\\\/\"}]}<\/script>\n<!-- \/ Yoast SEO plugin. -->","yoast_head_json":{"title":"Mes Nacional de la Historia de la Mujer - Colorado Coalition Against Sexual Assault","description":"CCASA blogs allow Colorado advocates and survivors to share the stories. We use our voices because staying silent isn\u2019t an option.","robots":{"index":"index","follow":"follow","max-snippet":"max-snippet:-1","max-image-preview":"max-image-preview:large","max-video-preview":"max-video-preview:-1"},"canonical":"https:\/\/ccasa.org\/es\/mes-nacional-de-la-historia-de-la-mujer\/","og_locale":"es_ES","og_type":"article","og_title":"Mes Nacional de la Historia de la Mujer - Colorado Coalition Against Sexual Assault","og_description":"CCASA blogs allow Colorado advocates and survivors to share the stories. We use our voices because staying silent isn\u2019t an option.","og_url":"https:\/\/ccasa.org\/es\/mes-nacional-de-la-historia-de-la-mujer\/","og_site_name":"Colorado Coalition Against Sexual Assault","article_published_time":"2021-03-01T15:00:10+00:00","og_image":[{"width":845,"height":400,"url":"https:\/\/ccasa.org\/wp-content\/uploads\/2021\/01\/default-blog-image-2.jpg","type":"image\/jpeg"}],"author":"SA_C700B@","twitter_card":"summary_large_image","twitter_misc":{"Escrito por":"SA_C700B@","Tiempo de lectura":"4 minutos"},"schema":{"@context":"https:\/\/schema.org","@graph":[{"@type":"Article","@id":"https:\/\/ccasa.org\/es\/mes-nacional-de-la-historia-de-la-mujer\/#article","isPartOf":{"@id":"https:\/\/ccasa.org\/es\/mes-nacional-de-la-historia-de-la-mujer\/"},"author":{"name":"SA_C700B@","@id":"https:\/\/ccasa.org\/#\/schema\/person\/d92bc0d5839508c265e4b307e4f4aaec"},"headline":"Mes Nacional de la Historia de la Mujer","datePublished":"2021-03-01T15:00:10+00:00","mainEntityOfPage":{"@id":"https:\/\/ccasa.org\/es\/mes-nacional-de-la-historia-de-la-mujer\/"},"wordCount":929,"publisher":{"@id":"https:\/\/ccasa.org\/#organization"},"image":{"@id":"https:\/\/ccasa.org\/es\/mes-nacional-de-la-historia-de-la-mujer\/#primaryimage"},"thumbnailUrl":"https:\/\/ccasa.org\/wp-content\/uploads\/2021\/01\/default-blog-image-2.jpg","keywords":["COVID-19","estad\u00edsticas","la salud","recursos"],"articleSection":["Sabias"],"inLanguage":"es"},{"@type":"WebPage","@id":"https:\/\/ccasa.org\/es\/mes-nacional-de-la-historia-de-la-mujer\/","url":"https:\/\/ccasa.org\/es\/mes-nacional-de-la-historia-de-la-mujer\/","name":"Mes Nacional de la Historia de la Mujer - Colorado Coalition Against Sexual Assault","isPartOf":{"@id":"https:\/\/ccasa.org\/#website"},"primaryImageOfPage":{"@id":"https:\/\/ccasa.org\/es\/mes-nacional-de-la-historia-de-la-mujer\/#primaryimage"},"image":{"@id":"https:\/\/ccasa.org\/es\/mes-nacional-de-la-historia-de-la-mujer\/#primaryimage"},"thumbnailUrl":"https:\/\/ccasa.org\/wp-content\/uploads\/2021\/01\/default-blog-image-2.jpg","datePublished":"2021-03-01T15:00:10+00:00","description":"CCASA blogs allow Colorado advocates and survivors to share the stories. We use our voices because staying silent isn\u2019t an option.","breadcrumb":{"@id":"https:\/\/ccasa.org\/es\/mes-nacional-de-la-historia-de-la-mujer\/#breadcrumb"},"inLanguage":"es","potentialAction":[{"@type":"ReadAction","target":["https:\/\/ccasa.org\/es\/mes-nacional-de-la-historia-de-la-mujer\/"]}]},{"@type":"ImageObject","inLanguage":"es","@id":"https:\/\/ccasa.org\/es\/mes-nacional-de-la-historia-de-la-mujer\/#primaryimage","url":"https:\/\/ccasa.org\/wp-content\/uploads\/2021\/01\/default-blog-image-2.jpg","contentUrl":"https:\/\/ccasa.org\/wp-content\/uploads\/2021\/01\/default-blog-image-2.jpg","width":845,"height":400,"caption":"CCASA Logo"},{"@type":"BreadcrumbList","@id":"https:\/\/ccasa.org\/es\/mes-nacional-de-la-historia-de-la-mujer\/#breadcrumb","itemListElement":[{"@type":"ListItem","position":1,"name":"Home","item":"https:\/\/ccasa.org\/es\/"},{"@type":"ListItem","position":2,"name":"Mes Nacional de la Historia de la Mujer"}]},{"@type":"WebSite","@id":"https:\/\/ccasa.org\/#website","url":"https:\/\/ccasa.org\/","name":"Colorado Coalition Against Sexual Assault","description":"","publisher":{"@id":"https:\/\/ccasa.org\/#organization"},"potentialAction":[{"@type":"SearchAction","target":{"@type":"EntryPoint","urlTemplate":"https:\/\/ccasa.org\/?s={search_term_string}"},"query-input":{"@type":"PropertyValueSpecification","valueRequired":true,"valueName":"search_term_string"}}],"inLanguage":"es"},{"@type":"Organization","@id":"https:\/\/ccasa.org\/#organization","name":"Colorado Coalition Against Sexual Assault (CCASA)","url":"https:\/\/ccasa.org\/","logo":{"@type":"ImageObject","inLanguage":"es","@id":"https:\/\/ccasa.org\/#\/schema\/logo\/image\/","url":"https:\/\/www.ccasa.org\/wp-content\/uploads\/2018\/05\/ccasa-logo-large_png.png","contentUrl":"https:\/\/www.ccasa.org\/wp-content\/uploads\/2018\/05\/ccasa-logo-large_png.png","width":1920,"height":1080,"caption":"Colorado Coalition Against Sexual Assault (CCASA)"},"image":{"@id":"https:\/\/ccasa.org\/#\/schema\/logo\/image\/"}},{"@type":"Person","@id":"https:\/\/ccasa.org\/#\/schema\/person\/d92bc0d5839508c265e4b307e4f4aaec","name":"SA_C700B@","image":{"@type":"ImageObject","inLanguage":"es","@id":"https:\/\/secure.gravatar.com\/avatar\/423b7f0d80a574fe0c3b869e5c731a49cc367a0df8f4acc7eb2153ff609e084d?s=96&d=mm&r=g","url":"https:\/\/secure.gravatar.com\/avatar\/423b7f0d80a574fe0c3b869e5c731a49cc367a0df8f4acc7eb2153ff609e084d?s=96&d=mm&r=g","contentUrl":"https:\/\/secure.gravatar.com\/avatar\/423b7f0d80a574fe0c3b869e5c731a49cc367a0df8f4acc7eb2153ff609e084d?s=96&d=mm&r=g","caption":"SA_C700B@"},"url":"https:\/\/ccasa.org\/es\/author\/ccasa\/"}]}},"_links":{"self":[{"href":"https:\/\/ccasa.org\/es\/wp-json\/wp\/v2\/posts\/18501","targetHints":{"allow":["GET"]}}],"collection":[{"href":"https:\/\/ccasa.org\/es\/wp-json\/wp\/v2\/posts"}],"about":[{"href":"https:\/\/ccasa.org\/es\/wp-json\/wp\/v2\/types\/post"}],"author":[{"embeddable":true,"href":"https:\/\/ccasa.org\/es\/wp-json\/wp\/v2\/users\/1"}],"replies":[{"embeddable":true,"href":"https:\/\/ccasa.org\/es\/wp-json\/wp\/v2\/comments?post=18501"}],"version-history":[{"count":0,"href":"https:\/\/ccasa.org\/es\/wp-json\/wp\/v2\/posts\/18501\/revisions"}],"wp:featuredmedia":[{"embeddable":true,"href":"https:\/\/ccasa.org\/es\/wp-json\/wp\/v2\/media\/14324"}],"wp:attachment":[{"href":"https:\/\/ccasa.org\/es\/wp-json\/wp\/v2\/media?parent=18501"}],"wp:term":[{"taxonomy":"category","embeddable":true,"href":"https:\/\/ccasa.org\/es\/wp-json\/wp\/v2\/categories?post=18501"},{"taxonomy":"post_tag","embeddable":true,"href":"https:\/\/ccasa.org\/es\/wp-json\/wp\/v2\/tags?post=18501"}],"curies":[{"name":"wp","href":"https:\/\/api.w.org\/{rel}","templated":true}]}}